{"id":208744,"date":"2021-06-29T13:07:02","date_gmt":"2021-06-29T11:07:02","guid":{"rendered":"https:\/\/www.cronacaonline.it\/?p=208744"},"modified":"2021-06-29T13:07:04","modified_gmt":"2021-06-29T11:07:04","slug":"sedicenne-uccisa-ha-confessato-lamico-e-indagato-per-omicidio-aggravato-dalla-premeditazione","status":"publish","type":"post","link":"https:\/\/www.cronacaonline.it\/index.php\/2021\/06\/29\/sedicenne-uccisa-ha-confessato-lamico-e-indagato-per-omicidio-aggravato-dalla-premeditazione\/","title":{"rendered":"Sedicenne uccisa: ha confessato l&#8217;amico. \u00c8 indagato per omicidio aggravato dalla premeditazione."},"content":{"rendered":"\n<p>Cagliari, 29 Giu 2021 - Omicidio aggravato dalla premeditazione e dal fatto che la vittima aveva meno di 18 anni. \u00c8 questa l'ipotesi d'accusa formulata dalla Procura per i minorenni di Bologna nei confronti del ragazzo di 16 anni sottoposto a fermo nella notte, dopo l'interrogatorio nel corso del quale ha confessato di aver assassinato Chiara Gualzetti, la 16enne trovata morta vicino a un bosco a Monteveglio nel Bolognese dopo essersi allontanata da casa ieri mattina.<\/p>\n\n\n\n<p>Il provvedimento \u00e8 stato eseguito alle 4.30 dai carabinieri del nucleo operativo della Compagnia di Borgo Panigale e del nucleo investigativo del comando provinciale. A suo carico ci sarebbero diversi riscontri oggettivi, oltre alla confessione. Il movente \u00e8 al vaglio degli inquirenti. Su disposizione del Pm della Procura per i minorenni Simone Purgato, il 16\/enne \u00e8 stato portato in un centro di giustizia minorile.<\/p>\n\n\n\n<p>Ha detto di aver agito da solo. Ha dato appuntamento a Chiara Gualzetti, l'ha portata ai margini del bosco nel parco dell'Abbazia di Monteveglio e l\u00ec l'ha uccisa, domenica scorsa. In quel punto, parzialmente nascosto da un cespuglio, il cadavere \u00e8 rimasto per un giorno, quando \u00e8 stato trovato ieri pomeriggio dai volontari attivati dai genitori.<\/p>\n\n\n\n<p>Il racconto del sedicenne fermato sar\u00e0 riscontrato in ogni suo punto dai carabinieri e dalla Procura per i minorenni di Bologna.<\/p>\n\n\n\n<p>Sar\u00e0 disposta l'autopsia per verificare i tempi e le modalit\u00e0 del delitto, compiuto a coltellate.<\/p>\n","protected":false},"excerpt":{"rendered":"<p>Cagliari, 29 Giu 2021 &#8211; Omicidio aggravato dalla premeditazione e dal fatto che la vittima aveva meno di 18 anni. \u00c8 questa l&#8217;ipotesi d&#8217;accusa formulata&#8230;<\/p>\n","protected":false},"author":2,"featured_media":208745,"comment_status":"closed","ping_status":"open","sticky":false,"template":"","format":"standard","meta":[],"categories":[49,50],"tags":[],"_links":{"self":[{"href":"https:\/\/www.cronacaonline.it\/index.php\/wp-json\/wp\/v2\/posts\/208744"}],"collection":[{"href":"https:\/\/www.cronacaonline.it\/index.php\/wp-json\/wp\/v2\/posts"}],"about":[{"href":"https:\/\/www.cronacaonline.it\/index.php\/wp-json\/wp\/v2\/types\/post"}],"author":[{"embeddable":true,"href":"https:\/\/www.cronacaonline.it\/index.php\/wp-json\/wp\/v2\/users\/2"}],"replies":[{"embeddable":true,"href":"https:\/\/www.cronacaonline.it\/index.php\/wp-json\/wp\/v2\/comments?post=208744"}],"version-history":[{"count":1,"href":"https:\/\/www.cronacaonline.it\/index.php\/wp-json\/wp\/v2\/posts\/208744\/revisions"}],"predecessor-version":[{"id":208746,"href":"https:\/\/www.cronacaonline.it\/index.php\/wp-json\/wp\/v2\/posts\/208744\/revisions\/208746"}],"wp:featuredmedia":[{"embeddable":true,"href":"https:\/\/www.cronacaonline.it\/index.php\/wp-json\/wp\/v2\/media\/208745"}],"wp:attachment":[{"href":"https:\/\/www.cronacaonline.it\/index.php\/wp-json\/wp\/v2\/media?parent=208744"}],"wp:term":[{"taxonomy":"category","embeddable":true,"href":"https:\/\/www.cronacaonline.it\/index.php\/wp-json\/wp\/v2\/categories?post=208744"},{"taxonomy":"post_tag","embeddable":true,"href":"https:\/\/www.cronacaonline.it\/index.php\/wp-json\/wp\/v2\/tags?post=208744"}],"curies":[{"name":"wp","href":"https:\/\/api.w.org\/{rel}","templated":true}]}}