{"id":208722,"date":"2021-06-28T18:23:51","date_gmt":"2021-06-28T16:23:51","guid":{"rendered":"https:\/\/www.cronacaonline.it\/?p=208722"},"modified":"2021-06-28T18:23:54","modified_gmt":"2021-06-28T16:23:54","slug":"la-scelta-di-conte-una-diarchia-non-funziona-non-faccio-il-prestanome-di-un-leader-ombra","status":"publish","type":"post","link":"https:\/\/www.cronacaonline.it\/index.php\/2021\/06\/28\/la-scelta-di-conte-una-diarchia-non-funziona-non-faccio-il-prestanome-di-un-leader-ombra\/","title":{"rendered":"La scelta di Conte: &#8220;Una diarchia non funziona. Non faccio il prestanome di un leader ombra&#8221;."},"content":{"rendered":"\n<p>Roma 28 Giu 2021 - La versione di Giuseppe Conte. Dopo giorni di polemiche e di tensioni intestine all'interno del MoVimento, l'ex premier convoca una conferenza stampa per ricostruire gli eventi degli ultimi mesi e per annunciare la sua posizione. \"Non riesco a impegnarmi in un progetto in cui non credo, non posso\u00a0assumere una decisione solo con il cuore se poi la testa mi suggerisce che il\u00a0percorso \u00e8 sbagliato\", dice l'ex capo del governo.<\/p>\n\n\n\n<p>\"Il 4 febbraio usc\u00ec da palazzo Chigi e rilasciai alcune dichiarazioni pubbliche. In quell'occasione lanciai un appello perch\u00e9 tutte le forze politiche che sostenevano il governo uscente sostenessero il governo Draghi. In quell'occasione mi venne spontaneo rilasciare una dichiarazione rivolta agli amici M5s: io ci sono e ci sar\u00f2. Fu una naturale manifestazione di affetto e riconoscenza per la reciproca fiducia e lealt\u00e0\", dice Conte. \"Pochi giorni dopo Beppe Grillo mi chiese di diventare leader politico del M5s. Poi mi invit\u00f2 a partecipare a un incontro il 28 febbraio per discutere del mio ingresso nel movimento. In quell'occasione rifiutai ritenendo che un mio ingresso a freddo non ratificato dalla base del M5s fosse privo di una legittimazione solida\", aggiunge.<\/p>\n\n\n\n<p>\"Non ne faccio una questione personale, e non ho mai chiesto le sue pubbliche scuse. Non \u00e8 certo una battuta irriverente o sgradevole che mi preoccupa. Per fortuna ho senso dell'ironia\".<\/p>\n\n\n\n<p>\"Abbiamo bisogno di un campo largo. Dobbiamo lavorare nel rispetto delle reciproche autonomie con tutte le forze che fin qui si sono mostrate concretamente sensibili al nostro slancio innovatore. Questo \u00e8 il momento in cui l'intera comunit\u00e0 5 Stelle deve assumersi la responsabilit\u00e0 delle proprie scelte. Il mio l'ho fatto\".<\/p>\n\n\n\n<p>\"All'intera comunit\u00e0 M5s chiedo di non rimanere spettatrice passiva e di esprimersi sulla proposta che presento. Non mi accontenter\u00f2 di una risicata maggioranza non mi baster\u00e0. Mi metto in discussione\".<\/p>\n\n\n\n<p>\"Una forza politica che ambisce a guidare il Paese non pu\u00f2 affidarsi a una leadership dimezzata, sono stato descritto spesso come uomo delle mediazioni, ma su questo aspetto non possono esservi mediazioni, serve una leadership forte e solida, una diarchia non pu\u00f2 essere funzionale, non ci pu\u00f2 essere un leader ombra affiancato da un prestanome e in ogni caso non poteri essere io\".<\/p>\n\n\n\n<p>\"Beppe sa bene che ho avuto e avr\u00f2 sempre rispetto per lui. Spetta a lui decidere se essere il genitore generoso che lascia crescere la sua creatura in autonomia o il genitore padrone che ne contrasta l'emancipazione. Per lui c'\u00e8 era e ci sar\u00e0 sempre il ruolo di Garante, ma ci sar\u00e0 distinzione tra la filiera di garanzia e la filiera degli organi di politica attiva al cui vertice ci deve essere il leader politico e la filiera di controllo\".<\/p>\n\n\n\n<p>\"Io non posso assumere una decisione solo con il cuore se la mia testa mi suggerisce che il percorso \u00e8 sbagliato. Non posso prestarmi ad un'operazione in cui non credo.\"<\/p>\n\n\n\n<p>\"Non ho doppie agende, se lavoro a un progetto lo faccio con trasparenza, non ho un piano B mi auguro si lavori, se non fosse cos\u00ec valuter\u00f2 cosa fare, ho sempre detto il destino personale di Giuseppe Conte non deve preoccupare nessuno\".<\/p>\n","protected":false},"excerpt":{"rendered":"<p>Roma 28 Giu 2021 &#8211; La versione di Giuseppe Conte. Dopo giorni di polemiche e di tensioni intestine all&#8217;interno del MoVimento, l&#8217;ex premier convoca una&#8230;<\/p>\n","protected":false},"author":2,"featured_media":208723,"comment_status":"closed","ping_status":"open","sticky":false,"template":"","format":"standard","meta":[],"categories":[49,51],"tags":[],"_links":{"self":[{"href":"https:\/\/www.cronacaonline.it\/index.php\/wp-json\/wp\/v2\/posts\/208722"}],"collection":[{"href":"https:\/\/www.cronacaonline.it\/index.php\/wp-json\/wp\/v2\/posts"}],"about":[{"href":"https:\/\/www.cronacaonline.it\/index.php\/wp-json\/wp\/v2\/types\/post"}],"author":[{"embeddable":true,"href":"https:\/\/www.cronacaonline.it\/index.php\/wp-json\/wp\/v2\/users\/2"}],"replies":[{"embeddable":true,"href":"https:\/\/www.cronacaonline.it\/index.php\/wp-json\/wp\/v2\/comments?post=208722"}],"version-history":[{"count":1,"href":"https:\/\/www.cronacaonline.it\/index.php\/wp-json\/wp\/v2\/posts\/208722\/revisions"}],"predecessor-version":[{"id":208724,"href":"https:\/\/www.cronacaonline.it\/index.php\/wp-json\/wp\/v2\/posts\/208722\/revisions\/208724"}],"wp:featuredmedia":[{"embeddable":true,"href":"https:\/\/www.cronacaonline.it\/index.php\/wp-json\/wp\/v2\/media\/208723"}],"wp:attachment":[{"href":"https:\/\/www.cronacaonline.it\/index.php\/wp-json\/wp\/v2\/media?parent=208722"}],"wp:term":[{"taxonomy":"category","embeddable":true,"href":"https:\/\/www.cronacaonline.it\/index.php\/wp-json\/wp\/v2\/categories?post=208722"},{"taxonomy":"post_tag","embeddable":true,"href":"https:\/\/www.cronacaonline.it\/index.php\/wp-json\/wp\/v2\/tags?post=208722"}],"curies":[{"name":"wp","href":"https:\/\/api.w.org\/{rel}","templated":true}]}}