{"id":208668,"date":"2021-06-28T09:39:58","date_gmt":"2021-06-28T07:39:58","guid":{"rendered":"https:\/\/www.cronacaonline.it\/?p=208668"},"modified":"2021-06-28T09:40:00","modified_gmt":"2021-06-28T07:40:00","slug":"da-oggi-italia-tutta-ini-zona-bianca-e-via-le-mascherine-allaperto","status":"publish","type":"post","link":"https:\/\/www.cronacaonline.it\/index.php\/2021\/06\/28\/da-oggi-italia-tutta-ini-zona-bianca-e-via-le-mascherine-allaperto\/","title":{"rendered":"Da oggi Italia tutta ini zona bianca e via le mascherine all&#8217;aperto."},"content":{"rendered":"\n<p>Roma, 28 Giu 2021 - Nell'Italia che da oggi sar\u00e0 tutta bianca e dove si potr\u00e0 stare senza mascherina se si \u00e8 all'aperto, ci sono ancora due milioni e 700 mila cittadini che hanno pi\u00f9 di 60 anni e non hanno fatto neanche una dose di vaccino, dunque non hanno alcuna protezione contro il Covid nonostante siano la categoria che rischia le conseguenze pi\u00f9 gravi in caso di contagio.<\/p>\n\n\n\n<p>\"La mascherina \u00e8 e resta uno strumento essenziale per tenere sotto controllo il virus. L'ordinanza ci d\u00e0 una possibilit\u00e0 in pi\u00f9, cio\u00e8 ci consente se non ci sono tante persone di non tenerla sempre indossata. E' sempre obbligatorio portarla con s\u00e9 e portarla al chiuso, e in tutte le situazioni in cui c'\u00e8 un margine di rischio \u00e8 giustissimo indossarla\", ha detto il ministro della Salute, Roberto Speranza, in merito all'abolizione dell'obbligo di mascherina all'aperto in vigore da luned\u00ec.<\/p>\n\n\n\n<p>\"Nei prossimi giorni avremo i risultati di un'analisi che sta facendo l'Iss e questo ci far\u00e0 avere lo stato dell'arte sulla variante Delta. Ma se una variante \u00e8 pi\u00f9&nbsp;veloce nel diffondersi tende in tempo medio breve a diventare dominante\", ha aggiunto&nbsp;il ministro.<\/p>\n\n\n\n<p>\"Vaccinare gli over 60 mancanti \u00e8 la priorit\u00e0 assoluta. Per loro vale il messaggio che abbiamo mandato a tutti gli italiani. Vaccinarsi \u00e8 l'unica strada possibile per chiudere questa stagione cos\u00ec drammatica\", ha poi detto Speranza parlando a Rai Uno.&nbsp;'Ci sono pi\u00f9 di due milioni e mezzo di anziani in Italia che non si sono ancora vaccinati ed \u00e8 a loro che va data assoluta priorit\u00e0 nella campagna vaccinale perch\u00e9 il virus \u00e8 pi\u00f9 letale, come questo anno e mezzo ci ha insegnato, proprio per i soggetti fragili. In questo senso abbiamo chiesto alle Regioni di fare il massimo sforzo possibile', ha aggiunto il ministro.<\/p>\n\n\n\n<p>Firmata dal sindaco di Norcia Nicola Alemanno il provvedimento con cui si proroga per sette giorni, fino al 4 luglio, l'obbligo di indossare la mascherina all'aperto. La misura \u00e8 stata adottata su richiesta del Commissario regionale per l'emergenza Covid, Massimo D'Angelo, in considerazione dell'attuale contesto epidemico locale nel centro del Perugino.<\/p>\n\n\n\n<p>L'incidenza di casi settimanali a Norcia - si spiega in una nota sul profilo Facebook del Comune - \u00e8 superiore a 200 su 100.000 abitanti e tale misura \"si confida possa contribuire a contenere la diffusione e circolazione virale\" anche perch\u00e9 \"in questa settimana si completer\u00e0 la campagna vaccinale\".<\/p>\n","protected":false},"excerpt":{"rendered":"<p>Roma, 28 Giu 2021 &#8211; Nell&#8217;Italia che da oggi sar\u00e0 tutta bianca e dove si potr\u00e0 stare senza mascherina se si \u00e8 all&#8217;aperto, ci sono&#8230;<\/p>\n","protected":false},"author":2,"featured_media":208669,"comment_status":"closed","ping_status":"open","sticky":false,"template":"","format":"standard","meta":[],"categories":[49,50],"tags":[],"_links":{"self":[{"href":"https:\/\/www.cronacaonline.it\/index.php\/wp-json\/wp\/v2\/posts\/208668"}],"collection":[{"href":"https:\/\/www.cronacaonline.it\/index.php\/wp-json\/wp\/v2\/posts"}],"about":[{"href":"https:\/\/www.cronacaonline.it\/index.php\/wp-json\/wp\/v2\/types\/post"}],"author":[{"embeddable":true,"href":"https:\/\/www.cronacaonline.it\/index.php\/wp-json\/wp\/v2\/users\/2"}],"replies":[{"embeddable":true,"href":"https:\/\/www.cronacaonline.it\/index.php\/wp-json\/wp\/v2\/comments?post=208668"}],"version-history":[{"count":1,"href":"https:\/\/www.cronacaonline.it\/index.php\/wp-json\/wp\/v2\/posts\/208668\/revisions"}],"predecessor-version":[{"id":208670,"href":"https:\/\/www.cronacaonline.it\/index.php\/wp-json\/wp\/v2\/posts\/208668\/revisions\/208670"}],"wp:featuredmedia":[{"embeddable":true,"href":"https:\/\/www.cronacaonline.it\/index.php\/wp-json\/wp\/v2\/media\/208669"}],"wp:attachment":[{"href":"https:\/\/www.cronacaonline.it\/index.php\/wp-json\/wp\/v2\/media?parent=208668"}],"wp:term":[{"taxonomy":"category","embeddable":true,"href":"https:\/\/www.cronacaonline.it\/index.php\/wp-json\/wp\/v2\/categories?post=208668"},{"taxonomy":"post_tag","embeddable":true,"href":"https:\/\/www.cronacaonline.it\/index.php\/wp-json\/wp\/v2\/tags?post=208668"}],"curies":[{"name":"wp","href":"https:\/\/api.w.org\/{rel}","templated":true}]}}