{"id":208636,"date":"2021-06-26T16:37:10","date_gmt":"2021-06-26T14:37:10","guid":{"rendered":"https:\/\/www.cronacaonline.it\/?p=208636"},"modified":"2021-06-26T16:37:11","modified_gmt":"2021-06-26T14:37:11","slug":"blocco-licenziamenti-sindacati-in-piazza-contro-lo-stop-selettivo-confronto-con-il-governo-se-il-governo-del-banchiere-draghi-amico-solo-degli-industriali-come-renzi-e-non-della-spina-dorsale","status":"publish","type":"post","link":"https:\/\/www.cronacaonline.it\/index.php\/2021\/06\/26\/blocco-licenziamenti-sindacati-in-piazza-contro-lo-stop-selettivo-confronto-con-il-governo-se-il-governo-del-banchiere-draghi-amico-solo-degli-industriali-come-renzi-e-non-della-spina-dorsale\/","title":{"rendered":"Blocco licenziamenti, sindacati in piazza contro lo stop selettivo: &#8220;Confronto con il governo&#8221;. Se il Governo del banchiere Draghi, amico solo degli industriali come Renzi, e non della spina dorsale (i lavoratori) di questo paese si prevede un autunno \u2018molto caldo\u2019."},"content":{"rendered":"\n<p>Roma, 26 Giu 2021 - \"Oggi chiediamo la proroga del blocco\" dei licenziamenti \"e chiediamo che il governo faccia questo atto di attenzione verso il mondo del lavoro. \u00c8 il momento di unire, non di dividere e non \u00e8 il momento di ulteriori fratture sociali\". Cos\u00ec il leader della Cgil, Maurizio Landini a Torino, a margine della mobilitazione promossa dai sindacati confederali che oggi scendono in tre piazze d'Italia: Torino, Bari e\u00a0Firenze. \"Le riforme e gli investimenti che vanno fatti debbono creare lavoro stabile, basta precariet\u00e0 e soprattutto \u00e8\u00a0importante che tutte le persone che lavorano abbiano gli stessi\u00a0diritti e le stesse tutele\" ha sottolineato Landini.<\/p>\n\n\n\n<p>\"Siamo qui a Bari per ribadire, tutti insieme, che l\u2019unico modo per far ripartire questo Paese \u00e8 il lavoro. Ecco perch\u00e9 prolungare il blocco dei licenziamenti per tutti fino a fine ottobre \u00e8 una priorit\u00e0 urgente. Noi siamo pronti\" scrive su twitter il segretario generale Uil Pierpaolo Bombardieri.&nbsp;\"Ci sono persone che soffrono, che vedono messo a rischio il loro futuro e ci sono situazioni che rischiano di esplodere, dobbiamo evitare che questo diventi una bomba sociale a partire dal primo luglio \" ha poi dichiarato il segretario della Uil. \"Noi lo denunciamo da un po' di tempo - ha detto - quando lo facciamo noi ci dicono che siamo dei terroristi. Noi abbiamo, purtroppo o per fortuna, la capacit\u00e0 di ascoltare ogni giorno le persone che soffrono, che oggi vedono messo a rischio il loro futuro. Bisogna fare attenzione, ci sono crisi e ci sono situazioni che rischiano di esplodere\", ha concluso.&nbsp;<\/p>\n\n\n\n<p>A Firenze, in piazza Santa Croce, il leader della Cisl, Luigi Sbarra. \"Oggi mandiamo un messaggio forte unitario al governo alle associazioni datoriali sulla necessit\u00e0 di ripartire insieme. Sollecitiamo il governo a aprire urgentemente una fase di confronto unitario di ascolto e dialogo per rimettere al centro come priorit\u00e0 il lavoro, la crescita, lo sviluppo, la coesione sociale. Una grande discussione per arrivare a negoziare un nuovo e moderno patto sociale per la&nbsp;crescita lo sviluppo e l'equit\u00e0\" ha detto a margine della manifestazione in piazza Santa Croce.<\/p>\n\n\n\n<p>Dopo quelli dei leader anche gli interventi di sei delegati sindacali, in ciascuna delle tre piazze, in rappresentanza delle categorie dei lavoratori e dei pensionati. Le piazze dove sono collegate tra loro virtualmente grazie a dei maxi-schermi.<\/p>\n\n\n\n<p>\"Io credo che l'ascolto sia fondamentale. Siamo in una fase in cui credo che vada rafforzato il dialogo sociale. \u00c8 fuori discussione che ci sia attenzione alle questioni che pongono i sindacati. In che termini queste questioni verranno accolte chiedono \u00e8 una discussione che si sta facendo\". Lo ha detto il ministro del lavoro Andrea Orlando a Live In Firenze di SkyTg24, replicando alle richieste che arrivano dai sindacati che oggi manifestano in tre citt\u00e0. Il rischio sociale \"esiste, non va drammatizzato, credo che ci siano gli strumenti per gestirlo, mail rischio esiste e credo sia sbagliato rimuoverlo o negarlo come si \u00e8 fatto nel dibattito pubblico. Il rischio esiste perch\u00e9 anche quando ci sar\u00e0 la ripresa non \u00e8 detto che porti con se una proporzionale ripresa dal punto di vista occupazionale e non \u00e8 detto che l'occupazione ritorni nei settori in cui si \u00e8 perduta\" ha detto Orlando.<\/p>\n\n\n\n<p>L'intervento del governo Sar\u00e0 il governo ad intervenire per trovare una soluzione al nodo licenziamenti, ancora una volta puntando sulla mediazione del presidente del Consiglio, e lo far\u00e0, con ogni probabilit\u00e0, usando la formula della selettivit\u00e0. L'approvazione del decreto Sostegni, prevista nella seconda met\u00e0 di luglio, avrebbe richiesto troppo tempo considerando la scadenza del primo del mese. E la tensione nel Paese non manca: \"Garanzie per i lavoratori \u00e8 necessario che ci siano, senn\u00f2 - ha denunciato il ministro dell'Interno Luciana Lamorgese - esiste un rischio sociale\".<\/p>\n\n\n\n<p>La discussione sui criteri per identificare i settori \u00e8 ancora aperta: finora tra i comparti considerati pi\u00f9 vulnerabili si \u00e8 parlato di tessile e calzaturiero, ma la messa a punto della misura potrebbe portare a una scelta meno tranchant, inglobando forse anche le aziende su cui sono aperti tavoli di crisi.<\/p>\n\n\n\n<p>\"Il Paese non ha bisogno oggi di rotture sociali. Sarebbe un disastro sommare al milione di persone che hanno perso il lavoro, una nuova ondata di licenziamenti. Bisogna invece rispettare i lavoratori e le tante famiglie che hanno fatto sacrifici immensi in questi mesi terribili di pandemia. Per questo stiamo chiedendo di allineare l'uscita del blocco dei licenziamenti prevista con quella degli altri settori in difficolt\u00e0 prevista a fine ottobre. Avremo cos\u00ec pi\u00f9 tempo per consolidare da un lato la ripresa economica, il recupero di produzione industriale e dall'altro dare profondit\u00e0 alle riforme sul lavoro, sugli ammortizzatori sociali e sul rilancio delle politiche attive\". \u00c8 quanto sottolinea in un'intervista a La Stampa il segretario generale della Cisl, Luigi Sbarra, nel giorno delle tre manifestazioni unitarie.<\/p>\n\n\n\n<p>Quanto all'ipotesi sempre pi\u00f9 concreta di prolungamento del blocco selettivo per alcuni settori, Sbarra spiega che \"non ci sono oggi settori produttivi che oggi&nbsp;possono dirsi indenni dalla crisi economica e dalle conseguenze della pandemia. Le realt\u00e0 produttive sono fortemente interconnesse fra di loro. Occorre senso di responsabilit\u00e0 da parte del Governo e del Parlamento\".<\/p>\n\n\n\n<p>\"Molte associazioni datoriali sono&nbsp;disponibili a fermarli anche fino al 31 dicembre\". Ad affermarlo, in un'intervista a 'La Repubblica'. \u00c8 il segretario generale della Uil,&nbsp;Pierpaolo Bombardieri in merito al tema del blocco dei licenziamenti e all'orientamento del governo per una proroga del blocco a&nbsp;favore dei settori maggiormente in crisi. Bombardieri sottolinea: \"ai&nbsp;partiti chiediamo di spiegare meglio cosa c'\u00e8 dietro la proposta inattuabile della divisione per settori\". All'interno dei comparti,&nbsp;rileva, \"non tutti hanno lo stesso contratto. Se decidiamo per esempio di aiutare la filiera tessile, non vi rientrano tutte le aziende che fabbricano i bottoni, che fanno parte del comparto gomma e plastica. A meno che non si vogliano ritirare fuori i codici Ateco, c'\u00e8 una&nbsp;procura che sta ancora indagando su come siano stati utilizzati, in riferimento alle violazioni degli accordi sulla sicurezza\".<\/p>\n","protected":false},"excerpt":{"rendered":"<p>Roma, 26 Giu 2021 &#8211; &#8220;Oggi chiediamo la proroga del blocco&#8221; dei licenziamenti &#8220;e chiediamo che il governo faccia questo atto di attenzione verso il&#8230;<\/p>\n","protected":false},"author":2,"featured_media":208637,"comment_status":"closed","ping_status":"open","sticky":false,"template":"","format":"standard","meta":[],"categories":[49,50],"tags":[],"_links":{"self":[{"href":"https:\/\/www.cronacaonline.it\/index.php\/wp-json\/wp\/v2\/posts\/208636"}],"collection":[{"href":"https:\/\/www.cronacaonline.it\/index.php\/wp-json\/wp\/v2\/posts"}],"about":[{"href":"https:\/\/www.cronacaonline.it\/index.php\/wp-json\/wp\/v2\/types\/post"}],"author":[{"embeddable":true,"href":"https:\/\/www.cronacaonline.it\/index.php\/wp-json\/wp\/v2\/users\/2"}],"replies":[{"embeddable":true,"href":"https:\/\/www.cronacaonline.it\/index.php\/wp-json\/wp\/v2\/comments?post=208636"}],"version-history":[{"count":1,"href":"https:\/\/www.cronacaonline.it\/index.php\/wp-json\/wp\/v2\/posts\/208636\/revisions"}],"predecessor-version":[{"id":208638,"href":"https:\/\/www.cronacaonline.it\/index.php\/wp-json\/wp\/v2\/posts\/208636\/revisions\/208638"}],"wp:featuredmedia":[{"embeddable":true,"href":"https:\/\/www.cronacaonline.it\/index.php\/wp-json\/wp\/v2\/media\/208637"}],"wp:attachment":[{"href":"https:\/\/www.cronacaonline.it\/index.php\/wp-json\/wp\/v2\/media?parent=208636"}],"wp:term":[{"taxonomy":"category","embeddable":true,"href":"https:\/\/www.cronacaonline.it\/index.php\/wp-json\/wp\/v2\/categories?post=208636"},{"taxonomy":"post_tag","embeddable":true,"href":"https:\/\/www.cronacaonline.it\/index.php\/wp-json\/wp\/v2\/tags?post=208636"}],"curies":[{"name":"wp","href":"https:\/\/api.w.org\/{rel}","templated":true}]}}