{"id":208599,"date":"2021-06-26T08:02:24","date_gmt":"2021-06-26T06:02:24","guid":{"rendered":"https:\/\/www.cronacaonline.it\/?p=208599"},"modified":"2021-06-26T08:02:25","modified_gmt":"2021-06-26T06:02:25","slug":"speranza-da-lunedi-tutta-litalia-in-zona-bianca-anche-la-val-daosta-e-senza-piu-obbligo-mascherine-allaperto-allinterno-con-distanziamento-fisico-oppure-mascherina","status":"publish","type":"post","link":"https:\/\/www.cronacaonline.it\/index.php\/2021\/06\/26\/speranza-da-lunedi-tutta-litalia-in-zona-bianca-anche-la-val-daosta-e-senza-piu-obbligo-mascherine-allaperto-allinterno-con-distanziamento-fisico-oppure-mascherina\/","title":{"rendered":"Speranza: &#8220;Da luned\u00ec tutta l&#8217;Italia in zona bianca, anche la Val d&#8217;Aosta&#8221; e senza pi\u00f9 obbligo mascherine all\u2019aperto. All\u2019interno con distanziamento fisico oppure mascherina."},"content":{"rendered":"\n<p>Roma, 26 Giu 2021 - \u200b\"L'Italia \u00e8 ora tutta in zona bianca\". Lo annuncia il ministro Speranza a Oggi \u00e8 un altro giorno su RaiUno. \"Ho appena firmato l'ordinanza che porta anche l'ultima regione che era ancora in zona gialla, la Val D'Aosta, in zona bianca - dice - ho avvisato il Presidente della Regione poche decine di minuti fa e quindi c'\u00e8 una buona notizia: tutta l'Italia ora \u00e8 bianca. Ma ci\u00f2 non toglie che dobbiamo mantenere un livello di attenzione e di prudenza. L'Italia tutta bianca \u00e8 sicuramente un fatto positivo, ci dice che il quadro \u00e8 molto migliorato oggettivamente nelle ultime settimane, ce lo dicono tutti i numeri che analizziamo ogni giorno, per\u00f2 non dobbiamo considerare chiusa la battaglia. La partita non \u00e8 vinta c'\u00e8 un virus che ancora circola, c'\u00e8 l'insidia delle varianti e quindi conviene tenere ancora molto alto il livello di attenzione\".<\/p>\n\n\n\n<p>\"La mascherina \u00e8 e resta uno strumento essenziale per tenere sotto controllo il virus. L'ordinanza ci d\u00e0 una possibilit\u00e0 in pi\u00f9, cio\u00e8 ci consente se non ci sono tante persone di non tenerla sempre indossata. \u00c8 sempre obbligatorio portarla con s\u00e9 e portarla al chiuso, e in tutte le situazioni in cui c'\u00e8 un margine di rischio \u00e8 giustissimo indossarla\", ha detto il ministro della Salute Roberto Speranza in merito all'abolizione dell'obbligo di mascherina all'aperto in vigore da luned\u00ec.<\/p>\n\n\n\n<p>\"Nei prossimi giorni avremo i risultati di un'analisi che sta facendo l'Iss e questo ci far\u00e0 avere lo stato dell'arte sulla variante Delta. Ma se una variante \u00e8 pi\u00f9 veloce nel diffondersi tende in tempo medio breve a diventare dominante\". Cos\u00ec il ministro della Salute.<\/p>\n\n\n\n<p>\"Vaccinare gli over 60 mancanti \u00e8 la priorit\u00e0 assoluta. Per loro vale il messaggio che abbiamo mandato a tutti gli italiani. Vaccinarsi \u00e8 l'unica strada possibile per chiudere questa stagione cos\u00ec drammatica\", ha detto Speranza parlando a RaiUno.&nbsp;'Ci sono pi\u00f9 di due milioni e mezzo di anziani in Italia che non si sono ancora vaccinati ed \u00e8 a loro che va data assoluta priorit\u00e0 nella campagna vaccinale perch\u00e9 il virus \u00e8 pi\u00f9 letale, come questo anno e mezzo ci ha insegnato, proprio per i soggetti fragili. In questo senso abbiamo chiesto alle Regioni di fare il massimo sforzo possibile', ha aggiunto il Ministro.<\/p>\n\n\n\n<p>L'Rt nazionale resta stabile 0,69 ma continua invece costante la riduzione dell'incidenza, uno dei valori chiave per le decisioni sulle misure contro il Covid, che scende ancora a 11 casi ogni 100 mila abitanti aggiornato a ieri, rispetto al 16,7 di 7 giorni fa.<\/p>\n\n\n\n<p>Sono, secondo quanto si apprende, i dati contenuti nella bozza di monitoraggio settimana Iss-Ministero della Salute sull'andamento dei contagi da coronavirus in Italia, ora all'esame della cabina di regia, che saranno presentati oggi.<\/p>\n\n\n\n<p>Segnalati anche in Italia focolai di varianti del virus Sars-Cov-2, in particolare della variante Delta, con maggiore trasmissibilit\u00e0 e con la potenzialit\u00e0 di eludere parzialmente la risposta immunitaria. Lo si legge nella bozza di monitoraggio settimanale dell'Iss-Ministero della Salute, ora all'esame della cabina di regia.<\/p>\n\n\n\n<p>Queste varianti scrivono i tecnici, hanno portato ad un inatteso aumento dei casi in altri paesi europei con alta copertura vaccinale. Chiesto un capillare tracciamento e sequenziamento dei casi, una elevata copertura vaccinale e il completamento dei cicli di vaccinazione per evitare recrudescenze della pandemia.<\/p>\n\n\n\n<p>\u00c8 questa, secondo quanto si apprende, l'indicazione degli esperti del Cts, che nel parere che consegneranno al governo non hanno per\u00f2 indicato una data per la riapertura: dovr\u00e0 essere l'esecutivo ad indicarla.<\/p>\n","protected":false},"excerpt":{"rendered":"<p>Roma, 26 Giu 2021 &#8211; \u200b&#8221;L&#8217;Italia \u00e8 ora tutta in zona bianca&#8221;. Lo annuncia il ministro Speranza a Oggi \u00e8 un altro giorno su RaiUno.&#8230;<\/p>\n","protected":false},"author":2,"featured_media":207909,"comment_status":"closed","ping_status":"open","sticky":false,"template":"","format":"standard","meta":[],"categories":[49,50],"tags":[],"_links":{"self":[{"href":"https:\/\/www.cronacaonline.it\/index.php\/wp-json\/wp\/v2\/posts\/208599"}],"collection":[{"href":"https:\/\/www.cronacaonline.it\/index.php\/wp-json\/wp\/v2\/posts"}],"about":[{"href":"https:\/\/www.cronacaonline.it\/index.php\/wp-json\/wp\/v2\/types\/post"}],"author":[{"embeddable":true,"href":"https:\/\/www.cronacaonline.it\/index.php\/wp-json\/wp\/v2\/users\/2"}],"replies":[{"embeddable":true,"href":"https:\/\/www.cronacaonline.it\/index.php\/wp-json\/wp\/v2\/comments?post=208599"}],"version-history":[{"count":1,"href":"https:\/\/www.cronacaonline.it\/index.php\/wp-json\/wp\/v2\/posts\/208599\/revisions"}],"predecessor-version":[{"id":208600,"href":"https:\/\/www.cronacaonline.it\/index.php\/wp-json\/wp\/v2\/posts\/208599\/revisions\/208600"}],"wp:featuredmedia":[{"embeddable":true,"href":"https:\/\/www.cronacaonline.it\/index.php\/wp-json\/wp\/v2\/media\/207909"}],"wp:attachment":[{"href":"https:\/\/www.cronacaonline.it\/index.php\/wp-json\/wp\/v2\/media?parent=208599"}],"wp:term":[{"taxonomy":"category","embeddable":true,"href":"https:\/\/www.cronacaonline.it\/index.php\/wp-json\/wp\/v2\/categories?post=208599"},{"taxonomy":"post_tag","embeddable":true,"href":"https:\/\/www.cronacaonline.it\/index.php\/wp-json\/wp\/v2\/tags?post=208599"}],"curies":[{"name":"wp","href":"https:\/\/api.w.org\/{rel}","templated":true}]}}