{"id":208477,"date":"2021-06-24T05:48:41","date_gmt":"2021-06-24T03:48:41","guid":{"rendered":"https:\/\/www.cronacaonline.it\/?p=208477"},"modified":"2021-06-24T05:48:42","modified_gmt":"2021-06-24T03:48:42","slug":"lavoro-primo-ok-alla-camera-sulla-legge-sulla-parita-salariale","status":"publish","type":"post","link":"https:\/\/www.cronacaonline.it\/index.php\/2021\/06\/24\/lavoro-primo-ok-alla-camera-sulla-legge-sulla-parita-salariale\/","title":{"rendered":"Lavoro, primo ok alla Camera sulla legge sulla parit\u00e0 salariale."},"content":{"rendered":"\n<p>Roma, 24 Giu 2021 - \"Oggi in commissione Lavoro segniamo un passo avanti fondamentale nella lotta contro il gender pay gap e contro le discriminazioni di genere sul posto di lavoro. Con l'approvazione all'unanimit\u00e0 del testo di legge sulla Parit\u00e0 salariale, siamo a un passo dall'istituire un meccanismo di trasparenza e garanzia per milioni di donne lavoratrici che oggi vengono pagate meno e vengono escluse dalle opportunit\u00e0 di carriera rispetto ai loro colleghi uomini. Ringrazio tutte le forze politiche perch\u00e9 abbiamo fatto un ottimo lavoro insieme, a dimostrazione del fatto che quando si d\u00e0 spazio al Parlamento e al dialogo, arrivano risultati significativi per tutte e per tutti\".<\/p>\n\n\n\n<p>Ne d\u00e0 notizia la deputata del Pd Chiara Gribaudo, relatrice della legge sulla Parit\u00e0 salariale, dopo il voto di oggi pomeriggio in commissione Lavoro. \"Il percorso di questa legge - aggiunge Gribaudo - \u00e8 iniziato insieme alla legislatura ed \u00e8 il risultato di un profondo lavoro di studio e dialogo; \u00e8 stato coordinato con le previsioni del Pnrr e oggi approviamo una proposta che prevede la creazione di nuovi meccanismi di trasparenza e garanzia per le donne lavoratrici attraverso il rapporto sulla situazione del personale e la creazione di una certificazione della parit\u00e0 di genere per premiare le aziende virtuose.<\/p>\n\n\n\n<p>Il divario retributivo di genere (gender pay gap) in Italia pu\u00f2 arrivare al 20% in meno sulla busta paga delle donne rispetto ai loro colleghi uomini, mentre solo il 28% dei manager sono donne. Peggio di noi solo Cipro. Il Global gender gap report, infatti, ci pone fra i peggiori Paesi europei per le differenze economiche fra uomini e donne, e stima che servano oltre 200 anni per raggiungere la parit\u00e0. Non possiamo aspettare secoli, \u00e8 tempo di mettere fine a questa ingiustizia. C'\u00e8 un testo condiviso fra le forze politiche - conclude - approviamolo definitivamente prima possibile\".&nbsp;<\/p>\n\n\n\n<p>E anche in Europa la Dichiarazione finale dei Ministri del Lavoro del G20 affronta i tre temi che la Presidenza Italiana ha voluto mettere al centro della riflessione e del dibattito dei lavori di quest'anno: l'occupazione femminile e le disparit\u00e0 di genere nel mercato del lavoro, l'adattamento dei sistemi di protezione sociale ai mutamenti in atto, la regolamentazione di forme di lavoro sempre pi\u00f9 diffuse come quello da remoto e quello tramite piattaforme digitali. Pi\u00f9 e migliori posti di lavoro per le donne, pagati quanto gli uomini.<\/p>\n\n\n\n<p>\u00c8 questo il principio sancito da una Dichiarazione che vuole andare oltre l'obiettivo di ridurre il gap nella partecipazione al mercato del lavoro del 25 % entro il 2025 fissato a Brisbane nel 2014 dai Leaders del G20, per promuovere invece l'occupazione femminile tout court, con particolare attenzione alla qualit\u00e0 del lavoro e alla eliminazione del divario retributivo di genere.<\/p>\n\n\n\n<p>Nel corposo allegato al documento, i Ministri del Lavoro, sottolineano la necessit\u00e0 di un approccio multidimensionale alle differenze di genere, che parta da una lotta agli stereotipi - anche in ambito educativo - riduca la sproporzione nel lavoro di cura svolto dalle donne rispetto agli uomini, affronti il problema della segregazione orizzontale e verticale del mercato del lavoro.<\/p>\n\n\n\n<p>Per quanto riguarda la protezione sociale, la crisi innescata dalla pandemia Covid-19 ha evidenziato come vi siano ancora diversi gruppi sociali che non hanno una adeguata rete di sicurezza contro il rischio di disoccupazione: lavoratori a termine, lavoratori autonomi a basso reddito, ma anche lavoratori informali e migranti. Al fine di rendere i sistemi di sicurezza sociale pi\u00f9 reattivi e flessibili in caso di crisi, ma anche sostenibili, adeguati e universali, i Ministri del Lavoro hanno convenuto sulla necessit\u00e0 di espandere la copertura dei sistemi contributivi ma anche di rafforzare il sistema di tutele di base, al fine di ridurre le persistenti disuguaglianze economiche e sociali e rafforzare la coesione sociale.&nbsp;<\/p>\n\n\n\n<p>In un contesto in cui le necessit\u00e0 delle famiglie sono in continua evoluzione, sar\u00e0 importante estendere a tutti i cittadini l'accesso a diritti basilari - come la scuola e la salute - ma anche ad altre forme di sostegno, come un reddito di base garantito. Infine, viene ribadito il ruolo centrale del lavoro come chiave per l'inserimento sociale degli individui, e quindi la necessit\u00e0 di accompagnare alle misure di sostegno socio- economico misure di reinserimento lavorativo capaci di mettere in grado le persone di realizzare le proprie aspirazioni sociali e lavorative.&nbsp;<\/p>\n\n\n\n<p>Il telelavoro ha consentito di salvaguardare la continuit\u00e0 di molte attivit\u00e0 economiche, nel pubblico e nel privato. I Ministri del Lavoro ne hanno riconosciuto le potenzialit\u00e0, in particolare la possibilit\u00e0 per lavoratori e lavoratrici di conciliare il lavoro con la vita privata, ma hanno richiamato l'esigenza di garantire pari tutele e opportunit\u00e0 rispetto ai lavoratori in presenza e, soprattutto, il cosiddetto diritto alla disconnessione. Infine, per quanto riguarda il lavoro tramite piattaforma, i Ministri hanno sottolineato la necessit\u00e0 di proseguire nello scambio di buone pratiche e di proseguire ad impedire che una erronea classificazione dei lavoratori prevenga il loro accesso alle tutele garantite al lavoro subordinato.<\/p>\n","protected":false},"excerpt":{"rendered":"<p>Roma, 24 Giu 2021 &#8211; &#8220;Oggi in commissione Lavoro segniamo un passo avanti fondamentale nella lotta contro il gender pay gap e contro le discriminazioni&#8230;<\/p>\n","protected":false},"author":2,"featured_media":7713,"comment_status":"closed","ping_status":"open","sticky":false,"template":"","format":"standard","meta":[],"categories":[49,51],"tags":[],"_links":{"self":[{"href":"https:\/\/www.cronacaonline.it\/index.php\/wp-json\/wp\/v2\/posts\/208477"}],"collection":[{"href":"https:\/\/www.cronacaonline.it\/index.php\/wp-json\/wp\/v2\/posts"}],"about":[{"href":"https:\/\/www.cronacaonline.it\/index.php\/wp-json\/wp\/v2\/types\/post"}],"author":[{"embeddable":true,"href":"https:\/\/www.cronacaonline.it\/index.php\/wp-json\/wp\/v2\/users\/2"}],"replies":[{"embeddable":true,"href":"https:\/\/www.cronacaonline.it\/index.php\/wp-json\/wp\/v2\/comments?post=208477"}],"version-history":[{"count":1,"href":"https:\/\/www.cronacaonline.it\/index.php\/wp-json\/wp\/v2\/posts\/208477\/revisions"}],"predecessor-version":[{"id":208478,"href":"https:\/\/www.cronacaonline.it\/index.php\/wp-json\/wp\/v2\/posts\/208477\/revisions\/208478"}],"wp:featuredmedia":[{"embeddable":true,"href":"https:\/\/www.cronacaonline.it\/index.php\/wp-json\/wp\/v2\/media\/7713"}],"wp:attachment":[{"href":"https:\/\/www.cronacaonline.it\/index.php\/wp-json\/wp\/v2\/media?parent=208477"}],"wp:term":[{"taxonomy":"category","embeddable":true,"href":"https:\/\/www.cronacaonline.it\/index.php\/wp-json\/wp\/v2\/categories?post=208477"},{"taxonomy":"post_tag","embeddable":true,"href":"https:\/\/www.cronacaonline.it\/index.php\/wp-json\/wp\/v2\/tags?post=208477"}],"curies":[{"name":"wp","href":"https:\/\/api.w.org\/{rel}","templated":true}]}}