{"id":208461,"date":"2021-06-23T18:13:49","date_gmt":"2021-06-23T16:13:49","guid":{"rendered":"https:\/\/www.cronacaonline.it\/?p=208461"},"modified":"2021-06-23T18:13:51","modified_gmt":"2021-06-23T16:13:51","slug":"ddl-zan-draghi-il-nostro-e-uno-stato-laico-il-parlamento-e-libero","status":"publish","type":"post","link":"https:\/\/www.cronacaonline.it\/index.php\/2021\/06\/23\/ddl-zan-draghi-il-nostro-e-uno-stato-laico-il-parlamento-e-libero\/","title":{"rendered":"Ddl Zan, Draghi: &#8220;Il nostro \u00e8 uno Stato laico, il parlamento \u00e8 libero&#8221;."},"content":{"rendered":"\n<p>Roma, 23 Giu 2021 - \"A proposito della discriminazione. Mi soffermo sulla discussione di questi giorni in Senato, senza voler entrare nel merito della questione. Il nostro \u00e8 uno stato laico, il Parlamento \u00e8 sempre libero di discutere\". Cos\u00ec il premier Mario Draghi nella replica in Aula al Senato, rispondendo sul ddl Zan al senatore del Pd, Alfieri, a proposito delle critiche sollevate dal Vaticano al Ddl contro l'omofobia.<\/p>\n\n\n\n<p>\"Il nostro ordinamento contiene tutte le garanzie per rispettare gli impegni internazionali, tra cui il Concordato. Ci sono i controlli preventivi nelle commissioni e poi i controlli successivi della Corte Costituzionale\" aggiunge&nbsp;il premier.<\/p>\n\n\n\n<p>\"Cito una sentenza della Corte Costituzionale: 'La laicit\u00e0 non \u00e8 indifferenza dello Stato rispetto al fenomeno religioso, \u00e8 tutela del pluralismo e della diversit\u00e0'\" sottolinea Draghi.<\/p>\n\n\n\n<p>\"Ieri l'Italia ha sottoscritto insieme ad altri 16 paesi europei una dichiarazione comune in cui si esprime preoccupazione sugli articoli di legge dell'Ungheria che discriminano in base all'orientamento sessuale\" afferma, concludendo il suo ragionamento su omofobia e Ddl Zan.<\/p>\n","protected":false},"excerpt":{"rendered":"<p>Roma, 23 Giu 2021 &#8211; &#8220;A proposito della discriminazione. Mi soffermo sulla discussione di questi giorni in Senato, senza voler entrare nel merito della questione.&#8230;<\/p>\n","protected":false},"author":2,"featured_media":208462,"comment_status":"closed","ping_status":"open","sticky":false,"template":"","format":"standard","meta":[],"categories":[49,51],"tags":[],"_links":{"self":[{"href":"https:\/\/www.cronacaonline.it\/index.php\/wp-json\/wp\/v2\/posts\/208461"}],"collection":[{"href":"https:\/\/www.cronacaonline.it\/index.php\/wp-json\/wp\/v2\/posts"}],"about":[{"href":"https:\/\/www.cronacaonline.it\/index.php\/wp-json\/wp\/v2\/types\/post"}],"author":[{"embeddable":true,"href":"https:\/\/www.cronacaonline.it\/index.php\/wp-json\/wp\/v2\/users\/2"}],"replies":[{"embeddable":true,"href":"https:\/\/www.cronacaonline.it\/index.php\/wp-json\/wp\/v2\/comments?post=208461"}],"version-history":[{"count":1,"href":"https:\/\/www.cronacaonline.it\/index.php\/wp-json\/wp\/v2\/posts\/208461\/revisions"}],"predecessor-version":[{"id":208463,"href":"https:\/\/www.cronacaonline.it\/index.php\/wp-json\/wp\/v2\/posts\/208461\/revisions\/208463"}],"wp:featuredmedia":[{"embeddable":true,"href":"https:\/\/www.cronacaonline.it\/index.php\/wp-json\/wp\/v2\/media\/208462"}],"wp:attachment":[{"href":"https:\/\/www.cronacaonline.it\/index.php\/wp-json\/wp\/v2\/media?parent=208461"}],"wp:term":[{"taxonomy":"category","embeddable":true,"href":"https:\/\/www.cronacaonline.it\/index.php\/wp-json\/wp\/v2\/categories?post=208461"},{"taxonomy":"post_tag","embeddable":true,"href":"https:\/\/www.cronacaonline.it\/index.php\/wp-json\/wp\/v2\/tags?post=208461"}],"curies":[{"name":"wp","href":"https:\/\/api.w.org\/{rel}","templated":true}]}}