{"id":208339,"date":"2021-06-21T17:39:53","date_gmt":"2021-06-21T15:39:53","guid":{"rendered":"https:\/\/www.cronacaonline.it\/?p=208339"},"modified":"2021-06-21T17:39:54","modified_gmt":"2021-06-21T15:39:54","slug":"recovery-pagella-ue-pnrr-italia-ben-allineato-a-green-deal-37-misure-sul-clima-25-sul-digitale","status":"publish","type":"post","link":"https:\/\/www.cronacaonline.it\/index.php\/2021\/06\/21\/recovery-pagella-ue-pnrr-italia-ben-allineato-a-green-deal-37-misure-sul-clima-25-sul-digitale\/","title":{"rendered":"Recovery. Pagella Ue, Pnrr Italia ben allineato a Green Deal: 37% misure sul clima, 25% sul digitale."},"content":{"rendered":"\n<p>Roma, 21 Giu 2021 - Il Pnrr italiano \u00e8 \"ben allineato\" al Green Deal, con il 37% di misure indirizzate alla transizione climatica, tra cui progetti di efficientamento energetico degli edifici (superbonus) e per favorire la concorrenza nel mercato del gas e dell'elettricit\u00e0. \u00c8 il giudizio contenuto nella 'pagella' Ue, secondo quanto appreso dall'Ansa. Bruxelles rileva poi che al digitale \u00e8 dedicato il 25% del piano, con misure per la digitalizzazione delle imprese, incentivi fiscali per la transizione 4.0, la banda larga e il sostegno a ricerca e innovazione.\u00a0La valutazione della Commissione Ue del Pnrr italiano vede tutte A, cio\u00e8 il massimo voto, e una B alla voce 'costi', cos\u00ec come per gli altri piani approvati finora.\u00a0<\/p>\n\n\n\n<p>Per la Commissione il nostro Pnrr \"rappresenta una risposta bilanciata e completa alla situazione economica e sociale\", e \"contribuisce in maniera efficace ad affrontare le sfide identificate dalle raccomandazioni\". Inoltre&nbsp;\"rafforza il potenziale di crescita, la creazione di posti di lavoro, e la resilienza economica, sociale ed istituzionale\". Le misure poi&nbsp;\"non arrecano danni\" a tutti gli obiettivi ambientali della Ue e contribuiscono in modo efficace sia alla transazione&nbsp;energetica che a quella digitale. Avranno inoltre un \"impatto duraturo\" sull'Italia che \u00e8 anche riuscita ad assicurare un \"efficace monitoraggio\" dell'attuazione del piano. Anche il meccanismo di controllo anti-frodi \u00e8 giudicato efficace. Infine, tutte le misure del Pnrr sono 'coerenti'.<\/p>\n\n\n\n<p>Nella sua valutazione del Pnrr, la Commissione Ue d\u00e0 inoltre il via libera al 13% di pre-finanziamento all'Italia. La valutazione verr\u00e0 approvata entro domani da tutti i commissari, e consegnata dalla Presidente Ursula Von der Leyen al premier Mario Draghi domani pomeriggio a Roma. In programma per la Presidente Ue una visita a Cinecitt\u00e0, in quanto interessata a un&nbsp;progetto per lo sviluppo dell'industria del cinema nel quadro&nbsp;di Next Generation EU.<\/p>\n","protected":false},"excerpt":{"rendered":"<p>Roma, 21 Giu 2021 &#8211; Il Pnrr italiano \u00e8 &#8220;ben allineato&#8221; al Green Deal, con il 37% di misure indirizzate alla transizione climatica, tra cui&#8230;<\/p>\n","protected":false},"author":2,"featured_media":206938,"comment_status":"closed","ping_status":"open","sticky":false,"template":"","format":"standard","meta":[],"categories":[49,50],"tags":[],"_links":{"self":[{"href":"https:\/\/www.cronacaonline.it\/index.php\/wp-json\/wp\/v2\/posts\/208339"}],"collection":[{"href":"https:\/\/www.cronacaonline.it\/index.php\/wp-json\/wp\/v2\/posts"}],"about":[{"href":"https:\/\/www.cronacaonline.it\/index.php\/wp-json\/wp\/v2\/types\/post"}],"author":[{"embeddable":true,"href":"https:\/\/www.cronacaonline.it\/index.php\/wp-json\/wp\/v2\/users\/2"}],"replies":[{"embeddable":true,"href":"https:\/\/www.cronacaonline.it\/index.php\/wp-json\/wp\/v2\/comments?post=208339"}],"version-history":[{"count":1,"href":"https:\/\/www.cronacaonline.it\/index.php\/wp-json\/wp\/v2\/posts\/208339\/revisions"}],"predecessor-version":[{"id":208340,"href":"https:\/\/www.cronacaonline.it\/index.php\/wp-json\/wp\/v2\/posts\/208339\/revisions\/208340"}],"wp:featuredmedia":[{"embeddable":true,"href":"https:\/\/www.cronacaonline.it\/index.php\/wp-json\/wp\/v2\/media\/206938"}],"wp:attachment":[{"href":"https:\/\/www.cronacaonline.it\/index.php\/wp-json\/wp\/v2\/media?parent=208339"}],"wp:term":[{"taxonomy":"category","embeddable":true,"href":"https:\/\/www.cronacaonline.it\/index.php\/wp-json\/wp\/v2\/categories?post=208339"},{"taxonomy":"post_tag","embeddable":true,"href":"https:\/\/www.cronacaonline.it\/index.php\/wp-json\/wp\/v2\/tags?post=208339"}],"curies":[{"name":"wp","href":"https:\/\/api.w.org\/{rel}","templated":true}]}}