{"id":208324,"date":"2021-06-21T15:11:47","date_gmt":"2021-06-21T13:11:47","guid":{"rendered":"https:\/\/www.cronacaonline.it\/?p=208324"},"modified":"2021-06-21T15:11:48","modified_gmt":"2021-06-21T13:11:48","slug":"coronavirus-pediatri-italiani-vaccinare-i-ragazzi-638mila-casi-tra-under-19","status":"publish","type":"post","link":"https:\/\/www.cronacaonline.it\/index.php\/2021\/06\/21\/coronavirus-pediatri-italiani-vaccinare-i-ragazzi-638mila-casi-tra-under-19\/","title":{"rendered":"Coronavirus, pediatri italiani: &#8220;Vaccinare i ragazzi, 638mila casi tra under 19&#8221;."},"content":{"rendered":"\n<p>Cagliari, 21 Giu 2021 - Nel nostro Paese dei 4,2 milioni dicasi di infezione da Sars-Cov-2, 638.000 casi hanno colpito gli under 19 causando 26 decessi. Il 5,5%, ovvero 231.338 casi, ha riguardato bambini tra 0 e 9 anni con 11 morti; il 9,6%, cio\u00e8 406.460 casi, la fascia di 10-19 anni di et\u00e0 con 15 decessi. A fornire i dati, estrapolati da quelli dell'Istituto Superiore di Sanit\u00e0 (Iss), aggiornati al 9 giugno 2021, \u00e8 la Societ\u00e0 Italiana di Pediatria (Sip), secondo cui \u00e8 \"necessario un intervento vaccinale globale, in tutte le et\u00e0 e in tutti i Paesi del mondo\" e \"non ritiene valido ed efficace\" limitarlo solo ai pazienti pediatrici con malattie pregresse.<\/p>\n\n\n\n<p>La Sip, pur condividendo la priorit\u00e0 vaccinale per categorie a&nbsp;rischio, non ritiene la strategia di vaccinare contro Covid-19 solo&nbsp;pazienti pediatrici con malattie pregresse \"un approccio valido ed&nbsp;efficace per contrastare l'attuale pandemia, che necessita piuttosto&nbsp;di un intervento vaccinale globale, in tutte le et\u00e0 e in tutti i Paesi del mondo\". Inoltre. \"la tempestivit\u00e0 del raggiungimento delle alte&nbsp;coperture vaccinali nelle fasce pediatriche ed adolescenziali&nbsp;permetter\u00e0 anche di beneficiare di una prossima apertura dell'anno&nbsp;scolastico in sicurezza\".<\/p>\n\n\n\n<p>Su scala mondiale, questa popolazione ammonta a circa il 7% del totale dei casi, con una distribuzione per classe d'et\u00e0 che aumenta progressivamente dall'et\u00e0 neonatale a quella adolescenziale, con la met\u00e0 dei casi che si verifica in minori di et\u00e0 compresa tra 1 e 14 anni, mentre sono rari i casi nel primo anno di vita. Anche se la fascia pediatrica dai 12 anni in su risulta essere tra quelle meno colpite, \"recenti evidenze scientifiche hanno dimostrato in tale fascia di et\u00e0 la presenza di gravi complicanze renali o di complicanze multisistemiche conseguenti ad un'infezione pauci- o asintomatica, come sta emergendo per l'adulto\".<\/p>\n\n\n\n<p>A questo si aggiunge che il fatto che implementare un'offerta vaccinale universale \"aiuter\u00e0 a ridurre non solo la circolazione dello stesso virus, ma soprattutto il rischio di generare varianti potenzialmente pi\u00f9 contagiose\" e \"permetter\u00e0 di beneficiare di una prossima apertura dell'anno scolastico in sicurezza\".<\/p>\n","protected":false},"excerpt":{"rendered":"<p>Cagliari, 21 Giu 2021 &#8211; Nel nostro Paese dei 4,2 milioni dicasi di infezione da Sars-Cov-2, 638.000 casi hanno colpito gli under 19 causando 26&#8230;<\/p>\n","protected":false},"author":2,"featured_media":208325,"comment_status":"closed","ping_status":"open","sticky":false,"template":"","format":"standard","meta":[],"categories":[49,51],"tags":[],"_links":{"self":[{"href":"https:\/\/www.cronacaonline.it\/index.php\/wp-json\/wp\/v2\/posts\/208324"}],"collection":[{"href":"https:\/\/www.cronacaonline.it\/index.php\/wp-json\/wp\/v2\/posts"}],"about":[{"href":"https:\/\/www.cronacaonline.it\/index.php\/wp-json\/wp\/v2\/types\/post"}],"author":[{"embeddable":true,"href":"https:\/\/www.cronacaonline.it\/index.php\/wp-json\/wp\/v2\/users\/2"}],"replies":[{"embeddable":true,"href":"https:\/\/www.cronacaonline.it\/index.php\/wp-json\/wp\/v2\/comments?post=208324"}],"version-history":[{"count":1,"href":"https:\/\/www.cronacaonline.it\/index.php\/wp-json\/wp\/v2\/posts\/208324\/revisions"}],"predecessor-version":[{"id":208326,"href":"https:\/\/www.cronacaonline.it\/index.php\/wp-json\/wp\/v2\/posts\/208324\/revisions\/208326"}],"wp:featuredmedia":[{"embeddable":true,"href":"https:\/\/www.cronacaonline.it\/index.php\/wp-json\/wp\/v2\/media\/208325"}],"wp:attachment":[{"href":"https:\/\/www.cronacaonline.it\/index.php\/wp-json\/wp\/v2\/media?parent=208324"}],"wp:term":[{"taxonomy":"category","embeddable":true,"href":"https:\/\/www.cronacaonline.it\/index.php\/wp-json\/wp\/v2\/categories?post=208324"},{"taxonomy":"post_tag","embeddable":true,"href":"https:\/\/www.cronacaonline.it\/index.php\/wp-json\/wp\/v2\/tags?post=208324"}],"curies":[{"name":"wp","href":"https:\/\/api.w.org\/{rel}","templated":true}]}}