{"id":208302,"date":"2021-06-21T09:56:18","date_gmt":"2021-06-21T07:56:18","guid":{"rendered":"https:\/\/www.cronacaonline.it\/?p=208302"},"modified":"2021-06-21T09:56:19","modified_gmt":"2021-06-21T07:56:19","slug":"aspettando-la-fine-dellobbligo-delle-mascherine-da-oggi-quasi-tutta-italia-in-zona-bianca-atteso-parere-cts","status":"publish","type":"post","link":"https:\/\/www.cronacaonline.it\/index.php\/2021\/06\/21\/aspettando-la-fine-dellobbligo-delle-mascherine-da-oggi-quasi-tutta-italia-in-zona-bianca-atteso-parere-cts\/","title":{"rendered":"Aspettando la fine dell\u2019obbligo delle mascherine da oggi quasi tutta Italia in zona bianca. Atteso parere Cts."},"content":{"rendered":"\n<p>Roma, 21 Giu 2021 - Da oggi quasi tutto il Paese in zona bianca e senza coprifuoco e - forse -\u00a0molto presto senza l'obbligo di mascherina all'aperto.\u00a0Questo pomeriggio il Comitato tecnico scientifico Cts si riunir\u00e0 per fornire il parere richiesto dal ministero della Salute.<\/p>\n\n\n\n<p>Sulla fine dell'obbligo di mascherina - per il momento solo negli spazi all'aperto a meno che non ci si trovi in una situazione in cui \u00e8 impossibile garantire il distanziamento - gi\u00e0 ci sono alcune date possibili e si fa sempre pi\u00f9 compatto il fronte di chi spinge per inizio luglio, forse il 5. Ma c'\u00e8 anche l'ipotesi di&nbsp;luned\u00ec 28 giugno, primo giorno in cui tutta la Penisola sar\u00e0 in zona bianca con l'ingresso nella fascia a minori restrizioni anche della Valle d'Aosta.<\/p>\n\n\n\n<p>La data sullo stop alla mascherina all'aperto sar\u00e0 calcolata anche in base alla percentuale di popolazione vaccinata, tenendo conto delle somministrazioni sia per la prima che per la seconda dose, secondo quanto si apprende. L'ipotesi principale \u00e8 di introdurre la fine dell'obbligo a inizio luglio, probabilmente luned\u00ec 5.&nbsp;Togliendo la mascherina, bisogner\u00e0 comunque mantenere il distanziamento se non si \u00e8 congiunti e va comunque indossata nei luoghi a rischio assembramento. Restano per\u00f2 timori sulla diffusione della variante Delta, in particolare per i vaccinati solo con prima dose, che non sarebbero abbastanza protetti da evitare il contagio.<\/p>\n\n\n\n<p>Gradualmente si torna alla quasi normalit\u00e0 anche nei trasporti pubblici,&nbsp;dove in alcune Regioni gi\u00e0 bianche - come Lombardia, Emilia Romagna e Piemonte - \u00e8 stata anche 'allargata' la capienza dei bus, passando dal 50% all'80%. Ma la necessit\u00e0 di fissare \"modalit\u00e0 e termini della permanenza dell'obbligo di indossare i dispositivi di protezione delle vie respiratorie all'aperto\" resta al momento la priorit\u00e0 sulla quale si discute a livello nazionale.<\/p>\n\n\n\n<p>L'ultimo report della Cabina di Regia ha autorizzato Sicilia, Marche, Toscana, Provincia di Bolzano, Calabria, Basilicata e Campania ad entrare nella zona a minori restrizioni. Avevano tutte una incidenza abbondantemente sotto i 50 casi per centomila abitanti, come hanno certificato i tre monitoraggi consecutivi. A inaugurare la zona bianca che sancisce il graduale ritorno alla normalit\u00e0 (dopo l'esperimento di primavera della Sardegna, durato poco) erano state a fine maggio Friuli Venezia Giulia, Molise e la stessa Sardegna. La settimana successiva era stata la volta Abruzzo, Liguria, Veneto e Umbria, mentre dal 14 giugno sono in bianco anche Lazio, Lombardia, Piemonte, Puglia, Emilia Romagna e Provincia di Trento. La Val d'Aosta, invece, dovr\u00e0 pazientare fino al 28 giugno per completare le tre settimane sotto soglia.<\/p>\n\n\n\n<p>Dopo l'annuncio del premier Mario Draghi, il quale aveva anticipato la richiesta di una valutazione al Cts, \u00e8 stato poi lo stesso ministro della Salute, Roberto Speranza, a chiedere formalmente agli scienziati un parere ufficiale e definitivo.<\/p>\n\n\n\n<p>Via libera al richiamo con Astrazeneca per gli under 60 che rifiutino il mix di vaccini, che resta l'indicazione priorit\u00e0ria. Cos\u00ec la nuova ordinanza del ministro Speranza. Johnson&amp;Johnson verr\u00e0 usato anche per chi ha meno di 60 anni difficili da rintracciare, come migranti e senza tetto. Il servizio di Francesco Musi.<\/p>\n\n\n\n<p>Figliuolo assicura che \"la quantit\u00e0 disponibile entro settembre consentir\u00e0 di immunizzare nei tempi previsti l'80% della platea\".<\/p>\n\n\n\n<p>I numeri della campagna vaccinale, secondo il report quotidiano del ministero della salute, oltre 45milioni 579mila le dosi somministrate finora, pi\u00f9 di 15 milioni e 500 mila le persone immunizzate - e cio\u00e8 pi\u00f9 del 28% della popolazione. Numeri che con i dati Covid in miglioramento fanno ben sperare per i prossimi mesi.&nbsp;<\/p>\n","protected":false},"excerpt":{"rendered":"<p>Roma, 21 Giu 2021 &#8211; Da oggi quasi tutto il Paese in zona bianca e senza coprifuoco e &#8211; forse &#8211;\u00a0molto presto senza l&#8217;obbligo di&#8230;<\/p>\n","protected":false},"author":2,"featured_media":207909,"comment_status":"closed","ping_status":"open","sticky":false,"template":"","format":"standard","meta":[],"categories":[49,50],"tags":[],"_links":{"self":[{"href":"https:\/\/www.cronacaonline.it\/index.php\/wp-json\/wp\/v2\/posts\/208302"}],"collection":[{"href":"https:\/\/www.cronacaonline.it\/index.php\/wp-json\/wp\/v2\/posts"}],"about":[{"href":"https:\/\/www.cronacaonline.it\/index.php\/wp-json\/wp\/v2\/types\/post"}],"author":[{"embeddable":true,"href":"https:\/\/www.cronacaonline.it\/index.php\/wp-json\/wp\/v2\/users\/2"}],"replies":[{"embeddable":true,"href":"https:\/\/www.cronacaonline.it\/index.php\/wp-json\/wp\/v2\/comments?post=208302"}],"version-history":[{"count":1,"href":"https:\/\/www.cronacaonline.it\/index.php\/wp-json\/wp\/v2\/posts\/208302\/revisions"}],"predecessor-version":[{"id":208303,"href":"https:\/\/www.cronacaonline.it\/index.php\/wp-json\/wp\/v2\/posts\/208302\/revisions\/208303"}],"wp:featuredmedia":[{"embeddable":true,"href":"https:\/\/www.cronacaonline.it\/index.php\/wp-json\/wp\/v2\/media\/207909"}],"wp:attachment":[{"href":"https:\/\/www.cronacaonline.it\/index.php\/wp-json\/wp\/v2\/media?parent=208302"}],"wp:term":[{"taxonomy":"category","embeddable":true,"href":"https:\/\/www.cronacaonline.it\/index.php\/wp-json\/wp\/v2\/categories?post=208302"},{"taxonomy":"post_tag","embeddable":true,"href":"https:\/\/www.cronacaonline.it\/index.php\/wp-json\/wp\/v2\/tags?post=208302"}],"curies":[{"name":"wp","href":"https:\/\/api.w.org\/{rel}","templated":true}]}}