{"id":208245,"date":"2021-06-18T18:15:08","date_gmt":"2021-06-18T16:15:08","guid":{"rendered":"https:\/\/www.cronacaonline.it\/?p=208245"},"modified":"2021-06-18T18:15:09","modified_gmt":"2021-06-18T16:15:09","slug":"italia-spagna-draghi-partner-strategici-per-i-progetti-in-europa","status":"publish","type":"post","link":"https:\/\/www.cronacaonline.it\/index.php\/2021\/06\/18\/italia-spagna-draghi-partner-strategici-per-i-progetti-in-europa\/","title":{"rendered":"Italia-Spagna, Draghi: &#8220;Partner strategici per i progetti in Europa&#8221;."},"content":{"rendered":"\n<p>Barcellona, 18 Giu 2021 - \"Insieme Italia e Spagna sono pi\u00f9 forti\", ha detto il premier Mario Draghi aprendo i lavoro del Foro Italia Spagna a Barcellona. \"Non c'\u00e8 competizione, c'\u00e8 beneficio per tutti e due i Paesi\", ha aggiunto.\u00a0\"In una fase di profonda trasformazione come quella attuale, Italia e Spagna condividono la stessa visione del futuro\".<\/p>\n\n\n\n<p>\"Italia e Spagna non sono solo unite da profondi legami storici, politici e culturali. Sono partner strategici negli ambiziosi progetti che abbiamo davanti in Europa. La transizione ecologica, la digitalizzazione, la trasformazione delle nostre citt\u00e0. Insieme a Francia, Germania, e gli altri Stati membri vogliamo costruire un'Unione europea pi\u00f9 moderna, competitiva e solidale. Che superi le tradizionali divisioni tra Nord e Sud, e si mostri unita nel confronto con le altre potenze globali del nostro tempo\", ha detto il premier Mario Draghi intervenendo al foro di dialogo italo-spagnolo.<\/p>\n\n\n\n<p>\"La transizione verde, oltre ad essere un obbligo morale verso le generazioni pi\u00f9 giovani e quelle future, presenta anche grandi opportunit\u00e0 di sviluppo. Investire in una maggiore sostenibilit\u00e0 ambientale vuol dire anche aiutare la crescita economica e l'occupazione\", ha detto dice il presidente del Consiglio Mario Draghi, a Barcellona.&nbsp; \"L'Italia ha allocato quasi il 40% dei fondi Next Generation Eu alla transizione ecologica, che equivalgono a quasi 75 miliardi nei prossimi 5 anni. Ci impegniamo per la riduzione attiva delle emissioni e proseguiamo l'impegno di decarbonizzazione intrapreso in questi anni. Promuoviamo le energie rinnovabili, scommettiamo sull'idrogeno e incentiviamo l'efficienza energetica degli edifici. Ci impegniamo nella tutela del territorio e nel contrasto al degrado ambientale, con misure per oltre 15 miliardi. Investiamo nella protezione delle risorse idriche e marine, nella salvaguardia della biodiversit\u00e0 e nel ripristino di ecosistemi sani\".<\/p>\n\n\n\n<p>\"Per la transizione digitale, il Piano italiano stanzia oltre un quarto dei fondi del programma Next Generation Eu. Intendiamo aumentare la produttivit\u00e0 e l'innovazione, e colmare i divari territoriali esistenti. Investiamo oltre 7 miliardi per offrire a famiglie, imprese, scuole e ospedali in tutto il Paese una connettivit\u00e0 ad alta velocit\u00e0\", ha detto il presidente del Consiglio Mario Draghi, a Barcellona. \"Digitalizziamo, poi, i servizi della pubblica amministrazione e mettiamo in sicurezza i dati, con la prima strategia nazionale di migrazione al cloud. Snelliamo le procedure amministrative e rafforziamo l'identit\u00e0 digitale. Potenziamo il Fascicolo sanitario elettronico, come strumento fondamentale per l'erogazione dei servizi sanitari digitali. L'impegno dell'Italia su questo tema, e in particolare sulla connettivit\u00e0, \u00e8 massimo. Auspichiamo pertanto ci sia una rapida collaborazione tra la Commissione europea e i governi\", aggiunge.<\/p>\n\n\n\n<p>\"In Spagna, il tasso di disoccupazione per chi ha tra 15 e 24 anni \u00e8 pi\u00f9 del doppio che in Ue. In Italia, quasi il 30% dei giovani non lavora e non \u00e8 iscritto a nessun corso di studio o di formazione. In entrambi i nostri Paesi, la differenza nel tasso di disoccupazione tra donne e uomini \u00e8 maggiore della media europea\". Lo ha detto il premier Mario Draghi, oggi a Barcellona. \"E condividiamo molte vulnerabilit\u00e0 al cambiamento climatico, come il rischio di ondate di calore e siccit\u00e0, o quello di erosioni e alluvioni, soprattutto nelle zone costiere, ha osservato. \"Il Next Generation Eu, con 750 miliardi di fondi da spendere entro il 2026, rappresenta un'occasione unica per rispondere a queste sfide\", ha osservato il premier.<\/p>\n\n\n\n<p>\"Stamattina abbiamo avuto modo di dialogare sulle nostre relazioni bilaterali che sono forti e si rafforzeranno per le sfide del futuro\". Lo ha detto il primo ministro spagnolo Pedro Sanchez intervenendo al foro di dialogo italo-spagnolo dopo un incontro bilaterale con il presidente del Consiglio Mario Draghi.<\/p>\n\n\n\n<p>\"I nostri Pnrr pongono le basi per la crescita dei nostri paesi ma anche per lo sfruttamento di opportunit\u00e0 congiunte che possiamo trovare insieme. Lo scorso novembre nel vertice italo spagnolo dissi che si trattava di un incontro di azione per lavorare insieme, ora stiamo definendo strategie e progetti\". Cos\u00ec il premier spagnolo Pedro Sanchez aprendo i lavori del Foro Italia Spagna a Barcellona.<\/p>\n\n\n\n<p>\"L'accordo sui fondi Next Generation oggi non sarebbe una realt\u00e0 senza il contributo e l'accelerazione di questo dibattito che hanno intrapreso i governi della Spagna e dell'Italia nei momenti difficili e oscuri della pandemia\", ha detto il premier spagnolo Pedro S\u00e1nchez. \"Insieme siamo pi\u00f9 forti\", ha aggiunto, che ha anche ricalcato la \"stima\" e \"l'interesse particolarmente intensi tra i cittadini della Spagna e dell'Italia\".<\/p>\n","protected":false},"excerpt":{"rendered":"<p>Barcellona, 18 Giu 2021 &#8211; &#8220;Insieme Italia e Spagna sono pi\u00f9 forti&#8221;, ha detto il premier Mario Draghi aprendo i lavoro del Foro Italia Spagna&#8230;<\/p>\n","protected":false},"author":2,"featured_media":208246,"comment_status":"closed","ping_status":"open","sticky":false,"template":"","format":"standard","meta":[],"categories":[49,51],"tags":[],"_links":{"self":[{"href":"https:\/\/www.cronacaonline.it\/index.php\/wp-json\/wp\/v2\/posts\/208245"}],"collection":[{"href":"https:\/\/www.cronacaonline.it\/index.php\/wp-json\/wp\/v2\/posts"}],"about":[{"href":"https:\/\/www.cronacaonline.it\/index.php\/wp-json\/wp\/v2\/types\/post"}],"author":[{"embeddable":true,"href":"https:\/\/www.cronacaonline.it\/index.php\/wp-json\/wp\/v2\/users\/2"}],"replies":[{"embeddable":true,"href":"https:\/\/www.cronacaonline.it\/index.php\/wp-json\/wp\/v2\/comments?post=208245"}],"version-history":[{"count":1,"href":"https:\/\/www.cronacaonline.it\/index.php\/wp-json\/wp\/v2\/posts\/208245\/revisions"}],"predecessor-version":[{"id":208247,"href":"https:\/\/www.cronacaonline.it\/index.php\/wp-json\/wp\/v2\/posts\/208245\/revisions\/208247"}],"wp:featuredmedia":[{"embeddable":true,"href":"https:\/\/www.cronacaonline.it\/index.php\/wp-json\/wp\/v2\/media\/208246"}],"wp:attachment":[{"href":"https:\/\/www.cronacaonline.it\/index.php\/wp-json\/wp\/v2\/media?parent=208245"}],"wp:term":[{"taxonomy":"category","embeddable":true,"href":"https:\/\/www.cronacaonline.it\/index.php\/wp-json\/wp\/v2\/categories?post=208245"},{"taxonomy":"post_tag","embeddable":true,"href":"https:\/\/www.cronacaonline.it\/index.php\/wp-json\/wp\/v2\/tags?post=208245"}],"curies":[{"name":"wp","href":"https:\/\/api.w.org\/{rel}","templated":true}]}}