{"id":208210,"date":"2021-06-18T12:06:09","date_gmt":"2021-06-18T10:06:09","guid":{"rendered":"https:\/\/www.cronacaonline.it\/?p=208210"},"modified":"2021-06-18T12:06:10","modified_gmt":"2021-06-18T10:06:10","slug":"novara-sindacalista-investito-da-tir-durante-manifestazione-il-camion-ha-forzato-il-blocco","status":"publish","type":"post","link":"https:\/\/www.cronacaonline.it\/index.php\/2021\/06\/18\/novara-sindacalista-investito-da-tir-durante-manifestazione-il-camion-ha-forzato-il-blocco\/","title":{"rendered":"Novara, sindacalista investito da tir durante manifestazione. &#8220;Il camion ha forzato il blocco&#8221;."},"content":{"rendered":"\n<p>Novara, 18 Giu 2021 - \"Il camion ha forzato il presidio all'esterno del magazzino investendo i lavoratori, tra cui Adil\", denuncia il Si Cobas, in merito alla morte di Adil, 37enne di origini marocchine, coordinatore del sindacato per Novara, che ha perso la via durante la manifestazione in corso davanti ai cancelli della Lidl di Biandrate.<\/p>\n\n\n\n<p>Il&nbsp;tir in manovra ha investito il sindacalista, urtato altri due manifestanti che feriti sono stati trasportati in ospedale (le loro condizioni non sono gravi), e poi si \u00e8 allontanato. Inutili i soccorsi dei sanitari&nbsp;del 118, l'uomo \u00e8 deceduto. L'automezzo \u00e8 stato fermato poco dopo dai carabinieri in un'area di servizio.<\/p>\n\n\n\n<p>\"Sono molto addolorato per la morte di Adil Belakhdim. \u00c8 necessario che si faccia subito luce sull\u2019accaduto\", \u00e8 la dichiarazione del premier Mario Draghi al suo arrivo a Barcellona. \"Cos\u00ec non \u00e8 possibile andare avanti. \u00c8 necessario un patto sociale che riconosca la centralit\u00e0 del lavoro contro ogni forma di svalorizzazione e di sfruttamento brutale. Prepariamoci a sostenere le manifestazioni indette dai sindacati per il 26 di giugno\", scrive su Facebook l'ex presidente della Toscana Enrico Rossi.<\/p>\n\n\n\n<p>Si trova in caserma, per essere ascoltato dai carabinieri del Comando provinciale di Novara, il camionista che ha investito e ucciso il sindacalista. Al momento nei suoi confronti non sono stati presi provvedimenti. Cresce, invece, sul&nbsp;luogo dell'incidente la tensione tra i manifestanti. Uno di loro, che si trovava vicino alla vittima quando \u00e8 stata investita dal camion, si \u00e8 sentito male e, sotto choc, \u00e8 stato soccorso dal personale del 118.<\/p>\n\n\n\n<p>\"Abbiamo deciso di proclamare immediatamente uno sciopero della categoria: i lavoratori stanno bloccando tutti gli ingressi e le uscite dello stabilimento di Biandrate\", ha dichiarato all'AGI Attilio Fasulo, segretario&nbsp;generale della Cgil di Novara, che fin dai primi momenti successivi al drammatico episodio costato la vita a Adil Belakhdim si \u00e8 recato a Biandrate.&nbsp;\"Quello che \u00e8 accaduto - aggiunge - \u00e8 una tragedia inaccettabile. Anche perch\u00e9 entrambi i protagonisti, l'operaio morto e il camionista, sono due vittime. In questo periodo nell'ambito del settore della logistica c'\u00e8 molta tensione con un forte confronto sindacale. La nostra organizzazione di categoria, la Filcams Cgil da tempo chiede migliori condizioni di lavoro e il riconoscimento ai lavoratori di livelli di inquadramento attualmente non riconosciuti\".<\/p>\n\n\n\n<p>La vicenda riaccende un faro anche sui recenti scontri e tafferugli avvenuti durante un presidio organizzato dal Si Cobas davanti a un magazzino della logistica a Tavazzano di Villasesco, in provincia di Lodi. In una vicenda i cui contorni sono ancora da chiarire, era rimasto ferito gravemente un lavoratore, Abdelhamid Elazab, che - secondo fonti sindacali - sarebbe stato colpito al volto da un pezzo di bancale scagliato dalle guardie private dello stabilimento.<\/p>\n","protected":false},"excerpt":{"rendered":"<p>Novara, 18 Giu 2021 &#8211; &#8220;Il camion ha forzato il presidio all&#8217;esterno del magazzino investendo i lavoratori, tra cui Adil&#8221;, denuncia il Si Cobas, in&#8230;<\/p>\n","protected":false},"author":2,"featured_media":208211,"comment_status":"closed","ping_status":"open","sticky":false,"template":"","format":"standard","meta":[],"categories":[49,50],"tags":[],"_links":{"self":[{"href":"https:\/\/www.cronacaonline.it\/index.php\/wp-json\/wp\/v2\/posts\/208210"}],"collection":[{"href":"https:\/\/www.cronacaonline.it\/index.php\/wp-json\/wp\/v2\/posts"}],"about":[{"href":"https:\/\/www.cronacaonline.it\/index.php\/wp-json\/wp\/v2\/types\/post"}],"author":[{"embeddable":true,"href":"https:\/\/www.cronacaonline.it\/index.php\/wp-json\/wp\/v2\/users\/2"}],"replies":[{"embeddable":true,"href":"https:\/\/www.cronacaonline.it\/index.php\/wp-json\/wp\/v2\/comments?post=208210"}],"version-history":[{"count":1,"href":"https:\/\/www.cronacaonline.it\/index.php\/wp-json\/wp\/v2\/posts\/208210\/revisions"}],"predecessor-version":[{"id":208212,"href":"https:\/\/www.cronacaonline.it\/index.php\/wp-json\/wp\/v2\/posts\/208210\/revisions\/208212"}],"wp:featuredmedia":[{"embeddable":true,"href":"https:\/\/www.cronacaonline.it\/index.php\/wp-json\/wp\/v2\/media\/208211"}],"wp:attachment":[{"href":"https:\/\/www.cronacaonline.it\/index.php\/wp-json\/wp\/v2\/media?parent=208210"}],"wp:term":[{"taxonomy":"category","embeddable":true,"href":"https:\/\/www.cronacaonline.it\/index.php\/wp-json\/wp\/v2\/categories?post=208210"},{"taxonomy":"post_tag","embeddable":true,"href":"https:\/\/www.cronacaonline.it\/index.php\/wp-json\/wp\/v2\/tags?post=208210"}],"curies":[{"name":"wp","href":"https:\/\/api.w.org\/{rel}","templated":true}]}}