{"id":208157,"date":"2021-06-17T16:37:26","date_gmt":"2021-06-17T14:37:26","guid":{"rendered":"https:\/\/www.cronacaonline.it\/?p=208157"},"modified":"2021-06-17T16:38:59","modified_gmt":"2021-06-17T14:38:59","slug":"208157","status":"publish","type":"post","link":"https:\/\/www.cronacaonline.it\/index.php\/2021\/06\/17\/208157\/","title":{"rendered":"Covid \u2013 Draghi firma il nuovo Dpcm sulla carta verde."},"content":{"rendered":"\n<p>Roma, 17 Giu 2021 - Il Presidente del Consiglio, Mario Draghi, ha firmato il Decreto che definisce le modalit\u00e0 di rilascio delle Certificazioni verdi digitali Covid-19 che faciliteranno la partecipazione ad eventi pubblici, l\u2019accesso alle strutture sanitarie assistenziali (RSA) e gli spostamenti sul territorio nazionale. Lo comunica palazzo Chigi.<\/p>\n\n\n\n<p>Con la firma del Dpcm si realizzano le condizioni per l\u2019operativit\u00e0 del Regolamento Ue sul 'Green Pass', che a partire dal prossimo 1\u00b0 luglio garantir\u00e0 la piena interoperabilit\u00e0 delle certificazioni digitali di tutti i Paesi dell\u2019Unione. In tal modo, sar\u00e0 assicurata la piena libert\u00e0 di movimento sul territorio dell\u2019Unione a tutti coloro che avranno un certificato nazionale valido.<\/p>\n\n\n\n<p>L'intenzione c'\u00e8 e appare tecnicamente scontata. La&nbsp;proroga dello Stato di emergenza, che scade il 31 luglio, \u00e8 sul tavolo di&nbsp;palazzo Chigi, che la sta vagliando con attenzione. Anche se non \u00e8 stato ancora&nbsp;deciso nulla, il premier Mario Draghi sarebbe intenzionato ad allungare la&nbsp;misura fino a dicembre per non vanificare alcuni meccanismi di contrasto&nbsp;alla pandemia: primo fra tutti il lavoro della struttura commissariale del&nbsp;generale Figliuolo e l'esistenza del Cts.<\/p>\n\n\n\n<p>In ballo ancora un piano vaccini che,&nbsp;soprattutto ora con lo stop ad Astrazeneca agli under 60, potrebbe subire dei&nbsp;ritardi. L'approvvigionamento da rimodulare, le terze dosi da organizzare e&nbsp;soprattutto quella fase due che vedrebbe l'uscita di scena dei centri a favore di&nbsp;un sistema delocalizzato merita un controllo capillare per non rischiare di&nbsp;vanificare il percorso fatto con la campagna affidata nelle mani del generale.<\/p>\n\n\n\n<p>Senza contare che - \u00e8 il ragionamento - non siamo ancora usciti completamente&nbsp;dalla pandemia. I risultati sono soddisfacenti, ma in conto bisogna mettere&nbsp;anche il fatto che siamo in estate e il virus - lo hanno imparato tutti - con il&nbsp;caldo perde di aggressivit\u00e0.&nbsp;Quello che non vuole Draghi \u00e8 uscire dall'emergenza per poi rientrarvi in&nbsp;autunno, insomma, per lui il rischio \"deve essere sempre ragionato\" e non si&nbsp;possono permettere proprio ora passi falsi. Inoltre senza lo Stato di emergenza&nbsp;verrebbe meno la possibilit\u00e0 per le imprese di utilizzare lo smart working e&nbsp;anche la Dad nelle scuole in caso di quarantena. Per ora, spiegano fonti della&nbsp;maggioranza, si \u00e8 aperta una riflessione e all'interno dell'esecutivo sono gi\u00e0&nbsp;emersi dei distinguo.<\/p>\n\n\n\n<p>Matteo Salvini, in questi giorni ha puntato pi\u00f9 volte i piedi ricordando che&nbsp;\"non ci sono i presupposti per trascinare lo stato di emergenza, bisogna accelerare sul ritorno alla normalit\u00e0\". Ma questa mattina sull'eventuale proroga - incontrando il Presidente del Consiglio, Mario Draghi - \u00e8 sembrato meno perentorio, sottolineando che se \"ne riparler\u00e0 a luglio, quando scadr\u00e0\". Poi&nbsp;ha aggiunto: \"Al premier ho anche chiesto di togliere l'obbligo delle mascherine all'aperto\". Non \u00e8 della stessa idea&nbsp;l'alleata di governo e coalizione, Mariastella Gelmini, che appare pi\u00f9&nbsp;possibilista: \"La valutazione sulla proroga dello Stato di emergenza la far\u00e0 il&nbsp;Governo con il supporto dei tecnici e del Cts: non si deve abusare della proroga&nbsp;perch\u00e9 sono poteri speciali utilizzati solo dove strettamente necessario, ma la&nbsp;variante Delta non deve essere sottovalutata. Errore che il Governo non far\u00e0\".&nbsp;Dal partito democratico si alza la voce dell'ex ministri per gli Affari&nbsp;regionali, Francesco Boccia: \"E' da ipocriti pensare di cancellarlo proprio in&nbsp;questa fase\".<\/p>\n\n\n\n<p>Proprio dai governatori arriva un'apertura a una proroga che dovrebbe arrivare&nbsp;fino al 31 dicembre: \"Le regioni si stanno orientando verso questa opinione che&nbsp;speriamo sia condivisa dal governo\", annuncia Michele Emiliano. La posizione del&nbsp;ministro Speranza invece \u00e8 quella di dare un segnale al paese e come detto nei&nbsp;giorni scorsi - anticipando un pare del tutto personale - \"la fine della&nbsp;procedura speciale sarebbe un bel segnale\". Per Giorgia Meloni, invece, la&nbsp;proroga dello Stato di emergenza con il paese che si avvia alla zona bianca&nbsp;totale \"\u00e8 una follia\".<\/p>\n\n\n\n<p>La decisione sar\u00e0 presa nei prossimi giorni, non \u00e8 infatti urgente chiudere la&nbsp;partita in fretta. Per ora l'accelerata del governo \u00e8 quella sul green pass che&nbsp;dovrebbe essere liberato a breve da Palazzo Chigi, molto probabilmente gi\u00e0&nbsp;oggi. L'intenzione del premier \u00e8 infatti quella di muoversi prima di&nbsp;Bruxelles, che dovrebbe dare al via libera al certificato verde per l'inizio di&nbsp;luglio.<\/p>\n\n\n\n<p>Sul fronte mascherine, da&nbsp;met\u00e0 luglio&nbsp;potremmo dire addio all\u2019obbligo della mascherina all\u2019aperto. Questa, secondo insistenti indiscrezioni, l\u2019ipotesi che il governo Draghi starebbe valutando. Ipotesi che sarebbe ritenuta plausibile anche dallo stesso&nbsp;ministro della Salute Roberto Speranza, da sempre del fronte 'rigorista'. Anche se questa mattina, il sottosegretario alla salute, Pierpaolo Sileri, nel corso di una intervista ha detto che \"dai primi di luglio&nbsp;sarebbe opportuno far cadere l'obbligo\".&nbsp;<\/p>\n\n\n\n<p>Sull\u2019esempio di altri Paesi come Germania e Francia anche l\u2019Italia \u00e8 sulla strada dell\u2019allentamento della misura. La data da segnare sul calendario potrebbe essere il&nbsp;15&nbsp;luglio.&nbsp;Niente pi\u00f9 obbligo di indossare la mascherina all\u2019aperto non significher\u00e0 accantonare per sempre il dispositivo di sicurezza: sar\u00e0 necessario portare sempre con s\u00e9 la mascherina, che andr\u00e0 indossata nelle circostanze di affollamento e nei luoghi al chiuso come mezzi pubblici, negozi, supermercati.<\/p>\n\n\n\n<p>Sul fronte del green pass, \u00e8 il ministro del Lavoro, Andrea Orlando, a mettere in dubbio che oggi possa arrivare l'ok del Consiglio dei ministri. \"So che il ministero della Salute sta lavorando. Ci sono problemi da coniugare con alcune norme del nostro ordinamento. Attendiamo che il ministero della Salute dia delle indicazione dopo aver definito con il Cts\". Nel Consiglio dei ministri \"di oggi non c'\u00e8 un testo che vada in questa direzione\" dell'ok al Green pass, ha detto, intervenendo a 'Oggi \u00e8 un altro giorno', su RaiUno.<\/p>\n","protected":false},"excerpt":{"rendered":"<p>Roma, 17 Giu 2021 &#8211; Il Presidente del Consiglio, Mario Draghi, ha firmato il Decreto che definisce le modalit\u00e0 di rilascio delle Certificazioni verdi digitali&#8230;<\/p>\n","protected":false},"author":2,"featured_media":208144,"comment_status":"closed","ping_status":"open","sticky":false,"template":"","format":"standard","meta":[],"categories":[49,50],"tags":[],"_links":{"self":[{"href":"https:\/\/www.cronacaonline.it\/index.php\/wp-json\/wp\/v2\/posts\/208157"}],"collection":[{"href":"https:\/\/www.cronacaonline.it\/index.php\/wp-json\/wp\/v2\/posts"}],"about":[{"href":"https:\/\/www.cronacaonline.it\/index.php\/wp-json\/wp\/v2\/types\/post"}],"author":[{"embeddable":true,"href":"https:\/\/www.cronacaonline.it\/index.php\/wp-json\/wp\/v2\/users\/2"}],"replies":[{"embeddable":true,"href":"https:\/\/www.cronacaonline.it\/index.php\/wp-json\/wp\/v2\/comments?post=208157"}],"version-history":[{"count":2,"href":"https:\/\/www.cronacaonline.it\/index.php\/wp-json\/wp\/v2\/posts\/208157\/revisions"}],"predecessor-version":[{"id":208159,"href":"https:\/\/www.cronacaonline.it\/index.php\/wp-json\/wp\/v2\/posts\/208157\/revisions\/208159"}],"wp:featuredmedia":[{"embeddable":true,"href":"https:\/\/www.cronacaonline.it\/index.php\/wp-json\/wp\/v2\/media\/208144"}],"wp:attachment":[{"href":"https:\/\/www.cronacaonline.it\/index.php\/wp-json\/wp\/v2\/media?parent=208157"}],"wp:term":[{"taxonomy":"category","embeddable":true,"href":"https:\/\/www.cronacaonline.it\/index.php\/wp-json\/wp\/v2\/categories?post=208157"},{"taxonomy":"post_tag","embeddable":true,"href":"https:\/\/www.cronacaonline.it\/index.php\/wp-json\/wp\/v2\/tags?post=208157"}],"curies":[{"name":"wp","href":"https:\/\/api.w.org\/{rel}","templated":true}]}}