{"id":208141,"date":"2021-06-17T11:43:04","date_gmt":"2021-06-17T09:43:04","guid":{"rendered":"https:\/\/www.cronacaonline.it\/?p=208141"},"modified":"2021-06-17T11:43:06","modified_gmt":"2021-06-17T09:43:06","slug":"covid-arriva-il-nuovo-decreto-del-presidente-del-consiglio-dei-ministri-su-carta-verde-resta-nodo-proroga-emergenza","status":"publish","type":"post","link":"https:\/\/www.cronacaonline.it\/index.php\/2021\/06\/17\/covid-arriva-il-nuovo-decreto-del-presidente-del-consiglio-dei-ministri-su-carta-verde-resta-nodo-proroga-emergenza\/","title":{"rendered":"Covid &#8211; Arriva il nuovo Decreto del Presidente del Consiglio dei Ministri su carta verde: resta nodo proroga emergenza."},"content":{"rendered":"\n<p>Roma, 17 Giu 2021 - L'intenzione c'\u00e8 e appare tecnicamente scontata. La\u00a0proroga dello Stato di emergenza, che scade il 31 luglio, \u00e8 sul tavolo di\u00a0palazzo Chigi, che la sta vagliando con attenzione. Anche se non \u00e8 stato ancora\u00a0deciso nulla, il premier Mario Draghi sarebbe intenzionato ad allungare la\u00a0misura fino al 21 dicembre per non vanificare alcuni meccanismi di contrasto\u00a0alla pandemia: primo fra tutti il lavoro della struttura commissariale del\u00a0generale Figliuolo e l'esistenza del Cts.<\/p>\n\n\n\n<p>In ballo ancora un piano vaccini che,&nbsp;soprattutto ora con lo stop ad Astrazeneca agli under 60, potrebbe subire dei&nbsp;ritardi. L'approvvigionamento da rimodulare, le terze dosi da organizzare e&nbsp;soprattutto quella fase due che vedrebbe l'uscita di scena dei centri a favore di&nbsp;un sistema delocalizzato merita un controllo capillare per non rischiare di&nbsp;vanificare il percorso fatto con la campagna affidata nelle mani del generale.<\/p>\n\n\n\n<p>Senza contare che - \u00e8 il ragionamento - non siamo ancora usciti completamente&nbsp;dalla pandemia. I risultati sono soddisfacenti, ma in conto bisogna mettere&nbsp;anche il fatto che siamo in estate e il virus - lo hanno imparato tutti - con il&nbsp;caldo perde di aggressivit\u00e0.&nbsp;Quello che non vuole Draghi \u00e8 uscire dall'emergenza per poi rientrarvi in&nbsp;autunno, insomma, per lui il rischio \"deve essere sempre ragionato\" e non si&nbsp;possono permettere proprio ora passi falsi. Inoltre senza lo Stato di emergenza&nbsp;verrebbe meno la possibilit\u00e0 per le imprese di utilizzare il telelavoro e&nbsp;anche la Dad nelle scuole in caso di quarantena. Per ora, spiegano fonti della&nbsp;maggioranza, si \u00e8 aperta una riflessione e all'interno dell'esecutivo sono gi\u00e0&nbsp;emersi dei distinguo.<\/p>\n\n\n\n<p>\u00c8 Matteo Salvini a puntare i piedi: \"La proroga dello stato di emergenza? Io ne&nbsp;parlo con Draghi, non con i giornali. Il peggio \u00e8 alle spalle, lo stato di&nbsp;emergenza non c'\u00e8 nei fatti. Bisogna accelerare sul ritorno alla normalit\u00e0\". E&nbsp;poi rincara: \"Se l'emergenza non c'\u00e8 sarebbe un bel segnale morale dire che&nbsp;bisogna mantenere cautela ma il peggio \u00e8 alle spalle\". In questo momento il leader della Lega \u00e8 a colloquio con il premier. Non \u00e8 della stessa idea&nbsp;l'alleata di governo e coalizione, Mariastella Gelmini, che appare pi\u00f9&nbsp;possibilista: \"La valutazione sulla proroga dello Stato di emergenza la far\u00e0 il&nbsp;Governo con il supporto dei tecnici e del Cts: non si deve abusare della proroga&nbsp;perch\u00e9 sono poteri speciali utilizzati solo dove strettamente necessario, ma la&nbsp;variante Delta non deve essere sottovalutata. Errore che il Governo non far\u00e0\".&nbsp;Dal partito democratico si alza la voce dell'ex ministri per gli Affari&nbsp;regionali, Francesco Boccia: \" \u00c8 da ipocriti pensare di cancellarlo proprio in&nbsp;questa fase\".<\/p>\n\n\n\n<p>Proprio dai governatori arriva un'apertura a una proroga che dovrebbe arrivare&nbsp;fino al 31 dicembre: \"Le regioni si stanno orientando verso questa opinione che&nbsp;speriamo sia condivisa dal governo\", annuncia Michele Emiliano. La posizione del&nbsp;ministro Speranza invece \u00e8 quella di dare un segnale al paese e come detto nei&nbsp;giorni scorsi - anticipando un pare del tutto personale - \"la fine della&nbsp;procedura speciale sarebbe un bel segnale\". Per Giorgia Meloni, invece, la&nbsp;proroga dello Stato di emergenza con il paese che si avvia alla zona bianca&nbsp;totale \"\u00e8 una follia\".<\/p>\n\n\n\n<p>La decisione sar\u00e0 presa nei prossimi giorni, non \u00e8 infatti urgente chiudere la&nbsp;partita in fretta. Per ora l'accelerata del governo \u00e8 quella sul green pass che&nbsp;dovrebbe essere liberato a breve da Palazzo Chigi, molto probabilmente gi\u00e0&nbsp;oggi. L'intenzione del premier \u00e8 infatti quella di muoversi prima di&nbsp;Bruxelles, che dovrebbe dare al via libera al certificato verde per l'inizio di&nbsp;luglio.<\/p>\n\n\n\n<p>Sul fronte mascherine, da&nbsp;met\u00e0 luglio&nbsp;potremmo dire addio all\u2019obbligo della mascherina all\u2019aperto. Questa, secondo insistenti indiscrezioni, l\u2019ipotesi che il governo Draghi starebbe valutando. Ipotesi che sarebbe ritenuta plausibile anche dallo stesso&nbsp;ministro della Salute Roberto Speranza, da sempre del fronte 'rigorista'. Anche se questa mattina, il sottosegretario alla salute, Pierpaolo Sileri, nel corso di una intervista ha detto che \"dai primi di luglio&nbsp;sarebbe opportuno far cadere l'obbligo\".<\/p>\n\n\n\n<p>Sull\u2019esempio di altri Paesi come Germania e Francia anche l\u2019Italia \u00e8 sulla strada dell\u2019allentamento della misura. La data da segnare sul calendario potrebbe essere il&nbsp;15&nbsp;luglio.&nbsp;Niente pi\u00f9 obbligo di indossare la mascherina all\u2019aperto non significher\u00e0 accantonare per sempre il dispositivo di sicurezza: sar\u00e0 necessario portare sempre con s\u00e9 la mascherina, che andr\u00e0 indossata nelle circostanze di affollamento e nei luoghi al chiuso come mezzi pubblici, negozi, supermercati.&nbsp;<\/p>\n","protected":false},"excerpt":{"rendered":"<p>Roma, 17 Giu 2021 &#8211; L&#8217;intenzione c&#8217;\u00e8 e appare tecnicamente scontata. La\u00a0proroga dello Stato di emergenza, che scade il 31 luglio, \u00e8 sul tavolo di\u00a0palazzo&#8230;<\/p>\n","protected":false},"author":2,"featured_media":207909,"comment_status":"closed","ping_status":"open","sticky":false,"template":"","format":"standard","meta":[],"categories":[49,51],"tags":[],"_links":{"self":[{"href":"https:\/\/www.cronacaonline.it\/index.php\/wp-json\/wp\/v2\/posts\/208141"}],"collection":[{"href":"https:\/\/www.cronacaonline.it\/index.php\/wp-json\/wp\/v2\/posts"}],"about":[{"href":"https:\/\/www.cronacaonline.it\/index.php\/wp-json\/wp\/v2\/types\/post"}],"author":[{"embeddable":true,"href":"https:\/\/www.cronacaonline.it\/index.php\/wp-json\/wp\/v2\/users\/2"}],"replies":[{"embeddable":true,"href":"https:\/\/www.cronacaonline.it\/index.php\/wp-json\/wp\/v2\/comments?post=208141"}],"version-history":[{"count":1,"href":"https:\/\/www.cronacaonline.it\/index.php\/wp-json\/wp\/v2\/posts\/208141\/revisions"}],"predecessor-version":[{"id":208142,"href":"https:\/\/www.cronacaonline.it\/index.php\/wp-json\/wp\/v2\/posts\/208141\/revisions\/208142"}],"wp:featuredmedia":[{"embeddable":true,"href":"https:\/\/www.cronacaonline.it\/index.php\/wp-json\/wp\/v2\/media\/207909"}],"wp:attachment":[{"href":"https:\/\/www.cronacaonline.it\/index.php\/wp-json\/wp\/v2\/media?parent=208141"}],"wp:term":[{"taxonomy":"category","embeddable":true,"href":"https:\/\/www.cronacaonline.it\/index.php\/wp-json\/wp\/v2\/categories?post=208141"},{"taxonomy":"post_tag","embeddable":true,"href":"https:\/\/www.cronacaonline.it\/index.php\/wp-json\/wp\/v2\/tags?post=208141"}],"curies":[{"name":"wp","href":"https:\/\/api.w.org\/{rel}","templated":true}]}}