{"id":208133,"date":"2021-06-17T10:11:50","date_gmt":"2021-06-17T08:11:50","guid":{"rendered":"https:\/\/www.cronacaonline.it\/?p=208133"},"modified":"2021-06-17T10:11:52","modified_gmt":"2021-06-17T08:11:52","slug":"summit-usa-russia-biden-e-putin-avviano-il-disgelo","status":"publish","type":"post","link":"https:\/\/www.cronacaonline.it\/index.php\/2021\/06\/17\/summit-usa-russia-biden-e-putin-avviano-il-disgelo\/","title":{"rendered":"Summit Usa-Russia, Biden e Putin avviano il disgelo."},"content":{"rendered":"\n<p>Cagliari, 17 Giu 2021 - Il vertice \u00e8\u00a0stato pi\u00f9\u00a0breve del previsto, \u00e8\u00a0durato poco pi\u00f9\u00a0di due ore e mezza, mentre si prevedeva che ne potesse durare quattro o cinque. Un faccia a faccia andato \"abbastanza bene\", hanno riferito fonti russe, cosa confermata dal pollice alzato rivolto ai giornalisti da Joe Biden al termine dell'incontro.\u00a0<\/p>\n\n\n\n<p>\u00c8 stato lo stesso Vladimir Putin, poi,&nbsp;a confermare l'esito positivo del summit.&nbsp;\"Costruttivo,&nbsp;ha avuto luogo su una base di principi. Su molte posizioni le nostre valutazioni divergono. Ma credo che entrambe le parti cerchino un terreno fertile per trovare soluzioni comuni\" ha detto il presidente russo in conferenza stampa.&nbsp;Impegno comune su cyber sicurezza e&nbsp;ritorno degli ambasciatori i punti di convergenza.&nbsp;&nbsp;Sull'Ucraina: \"Disposti ad agevolare gli accordi di Minsk se Kiev lo fa\" ha detto. Su detenuti Usa in Russia \"possibile compromesso\".&nbsp;Poi: Navalny? \"Sapeva di violare la legge russa\".<\/p>\n\n\n\n<p>Mentre Putin ha preferito parlare al chiuso, la conferenza stampa di Joe Biden si \u00e8 svolta nel parco di Villa La Grange, con vista sul lago di Ginevra. Ai lati del podio, due gigantesche bandiere americane.<\/p>\n\n\n\n<p>Il presidente Usa ha confermato la bont\u00e0 del \"faccia a faccia\" con Putin.&nbsp;Ci sono stati momenti di \"disaccordo\", ma \"non&nbsp;attriti\", ha detto, sottolineando che \"c'\u00e8 una genuina prospettiva di migliorare significativamente le relazioni\" fra i due Paesi. Biden ha sottolineato l'\"incrollabile sostegno Usa alla sovranit\u00e0 dell'Ucraina\". Il fatto che l'America continuer\u00e0&nbsp;\"a sollevare questioni per casi come Alexei Navalny\". E ancora: il presidente \"Putin sa che agir\u00f2&nbsp;sugli attacchi informatici. Ho detto con chiarezza che gli Stati Uniti risponderanno alle azioni che metteranno in pericolo i nostri interessi vitali o quelli dei nostri alleati\".<\/p>\n\n\n\n<p>Gli Stati Uniti e la Russia intraprenderanno nel prossimo futuro un dialogo bilaterale integrato sulla stabilit\u00e0 strategica che sar\u00e0 robusto. Lo sostengono Joe Biden e Vladimir Putin in una dichiarazione congiunta al termine del summit. \"Riaffermiamo il principio secondo cui una guerra nucleare non pu\u00f2 essere vinta e non deve essere mai combattuta\".<\/p>\n\n\n\n<p>La prima sessione del vertice tra i due presidenti \u00e8 durata poco pi\u00f9&nbsp;di un'ora e mezza. La seconda \u00e8&nbsp;andata avanti un'ora circa.&nbsp; La Grange erano presenti in un primo momento i capi delle rispettive diplomazie, Antony Blinken e Sergei Lavrov, insieme agli interpreti.&nbsp;Dopo una sospensione di 45 minuti, i lavori sono ripresi in formato 'allargato' con la partecipazione dei pi\u00f9&nbsp;alti consiglieri:<\/p>\n\n\n\n<p>Joe Biden e Vladimir Putin si sono stretti la mano: una stretta di mano importante perch\u00e9 le relazioni tra le due potenze -su questo i due leader concordano- sono ai minimi da anni.<\/p>\n\n\n\n<p>\"Penso che sia sempre meglio incontrarsi faccia a faccia\": cos\u00ec il presidente americano, ha avviato l'incontro con il presidente russo a Ginevra. \"Spero che il nostro incontro sia produttivo\", ha risposto Putin. Il breve scambio di battute ha avuto luogo nella biblioteca al primo piano di Villa La Grange, di fronte alle telecamere. I due si sono riuniti poi con i rispettivi capi delle diplomazie, Antony Blinken, e Serghey Lavrov, insieme ovviamente ai traduttori.<\/p>\n\n\n\n<p>Il presidente russo, \u00e8 arrivato per primo nella spettacolare residenza a Ginevra dove si svolge lo storico summit. Ad accoglierlo, il presidente svizzero, Guy Parmelin, con cui si \u00e8 stretto la mano. Subito dopo \u00e8 arrivato anche il&nbsp;presidente degli Stati Uniti.&nbsp;La scelta di Ginevra rimanda al vertice tra Ronald Reagan e Mikhail Gorbaciov nel 1985: la villa, controllata da imponenti forze di sicurezza, \u00e8 simmetrica e permette ai due leader di avere lo stesso quantit\u00e0 di stanze e di spazio a disposizione, ha sottolineato un funzionario svizzero del protocollo.<\/p>\n\n\n\n<p>Il presidente della Confederazione elvetica ha accolto&nbsp;a Ginevra \"citt\u00e0 della pace\" i presidenti di Usa e Russia, Joe Biden e Vladimir Putin. All'entrata di Villa La Grange, luogo del vertice tra i due capi di stato, Parmelin ha affermato che la Svizzera \u00e8 \"felice, in conformit\u00e0 alla sua tradizione di buoni uffici, di favorire il dialogo e la mutua comprensione. Vi auguro un dialogo fruttuoso nell'interesse dei vostri Paesi e del mondo\", ha aggiunto.<\/p>\n\n\n\n<p>Ressa fra i giornalisti accreditati a&nbsp;seguire il vertice Usa-Russia di fronte a Joe Biden e Vladimir Putin,&nbsp;all'inizio dei lavori, con urti e grida, come racconta una&nbsp; giornalista del pool americano sottolineando che in nove anni di eventi a seguito del Presidente non aveva mai assistito a un simile&nbsp; caos. Dopo uno o due minuti, la sicurezza russa \u00e8 intervenuta e ha spostato indietro il cordone rosso per contenere i giornalisti e allontanarli&nbsp;dai presidenti.&nbsp;<\/p>\n\n\n\n<p>La Russia ha fatto ''del suo meglio'' perch\u00e9 l'incontro a Ginevra tra il presidente russo Vladimir Putin e quello americano Joe Biden si concluda con un esito ''positivo''. Lo ha detto il vice ministro degli Esteri russo Sergei Riabkov, sostenendo che ''la Russia ha fatto del suo meglio durante i preparativi del vertice in modo che questo possa concludersi in modo positivo e con risultati che siano in grado di mettere fine al continuo peggioramento delle relazioni bilaterali'', dando cos\u00ec ''inizio a una fase migliorativa''.<\/p>\n\n\n\n<p>In dichiarazioni rilasciate all'agenzia di stampa russa Sputnik, Riabkov ha quindi descritto la giornata odierna come ''di massima importanza''. ''A Ginevra si incontrano i leader di Russia e di Stati Uniti. Il mondo sta seguendo l'evento con grande attenzione'', ha aggiunto.<\/p>\n","protected":false},"excerpt":{"rendered":"<p>Cagliari, 17 Giu 2021 &#8211; Il vertice \u00e8\u00a0stato pi\u00f9\u00a0breve del previsto, \u00e8\u00a0durato poco pi\u00f9\u00a0di due ore e mezza, mentre si prevedeva che ne potesse durare&#8230;<\/p>\n","protected":false},"author":2,"featured_media":208122,"comment_status":"closed","ping_status":"open","sticky":false,"template":"","format":"standard","meta":[],"categories":[49,51],"tags":[],"_links":{"self":[{"href":"https:\/\/www.cronacaonline.it\/index.php\/wp-json\/wp\/v2\/posts\/208133"}],"collection":[{"href":"https:\/\/www.cronacaonline.it\/index.php\/wp-json\/wp\/v2\/posts"}],"about":[{"href":"https:\/\/www.cronacaonline.it\/index.php\/wp-json\/wp\/v2\/types\/post"}],"author":[{"embeddable":true,"href":"https:\/\/www.cronacaonline.it\/index.php\/wp-json\/wp\/v2\/users\/2"}],"replies":[{"embeddable":true,"href":"https:\/\/www.cronacaonline.it\/index.php\/wp-json\/wp\/v2\/comments?post=208133"}],"version-history":[{"count":1,"href":"https:\/\/www.cronacaonline.it\/index.php\/wp-json\/wp\/v2\/posts\/208133\/revisions"}],"predecessor-version":[{"id":208134,"href":"https:\/\/www.cronacaonline.it\/index.php\/wp-json\/wp\/v2\/posts\/208133\/revisions\/208134"}],"wp:featuredmedia":[{"embeddable":true,"href":"https:\/\/www.cronacaonline.it\/index.php\/wp-json\/wp\/v2\/media\/208122"}],"wp:attachment":[{"href":"https:\/\/www.cronacaonline.it\/index.php\/wp-json\/wp\/v2\/media?parent=208133"}],"wp:term":[{"taxonomy":"category","embeddable":true,"href":"https:\/\/www.cronacaonline.it\/index.php\/wp-json\/wp\/v2\/categories?post=208133"},{"taxonomy":"post_tag","embeddable":true,"href":"https:\/\/www.cronacaonline.it\/index.php\/wp-json\/wp\/v2\/tags?post=208133"}],"curies":[{"name":"wp","href":"https:\/\/api.w.org\/{rel}","templated":true}]}}