{"id":208020,"date":"2021-06-14T12:24:53","date_gmt":"2021-06-14T10:24:53","guid":{"rendered":"https:\/\/www.cronacaonline.it\/?p=208020"},"modified":"2021-06-14T12:24:55","modified_gmt":"2021-06-14T10:24:55","slug":"vaccini-la-vaccinazione-eterologa-fa-discutere-regioni-ed-esperti","status":"publish","type":"post","link":"https:\/\/www.cronacaonline.it\/index.php\/2021\/06\/14\/vaccini-la-vaccinazione-eterologa-fa-discutere-regioni-ed-esperti\/","title":{"rendered":"Vaccini, la vaccinazione eterologa fa discutere Regioni ed esperti."},"content":{"rendered":"\n<p>Roma, 14 Giu 2021 - La vaccinazione eterologa, ovvero l'utilizzo di una seconda dose con un vaccino anti-Covid diverso rispetto a quello utilizzato per la prima somministrazione,\u00a0\u00e8 sicura e ci sono studi che dimostrano come possa dare una risposta immunitaria anche migliore. A rassicurare sul nuovo approccio, adottato dopo lo stop al vaccino di AstraZeneca per gli under-60 - che ora, se gi\u00e0 vaccinati con questo vaccino, effettueranno il richiamo con un immunizzante diverso, a mRNA - \u00e8 lo stesso ministro della Salute, Roberto Speranza. Ma gli esperti restano divisi tra chi giudica positiva tale soluzione e chi invita invece ad un approfondimento.<\/p>\n\n\n\n<p>Chiara la posizione del ministro in merito alla via che, sulla base delle valutazioni scientifiche, si \u00e8 deciso di seguire: \"La vaccinazione eterologa - ha affermato in occasione di un incontro con i giornalisti - \u00e8 gi\u00e0 utilizzata da Paesi importanti come la Germania da diverse settimane, ma anche in altre aree del mondo, e i risultati sono incoraggianti. Vi sono alcuni studi che testimoniano come la risposta immunitaria sia persino migliore di quella con due dosi dello stesso vaccino\".<\/p>\n\n\n\n<p>\u00c8 chiaro, ha sottolineato ancora Speranza, che \"nel momento in cui, come \u00e8 avvenuto, le autorit\u00e0 scientifiche del nostro Paese ribadiscono tutte insieme un'indicazione di questo tipo, io penso che come sempre dobbiamo affidarci agli scienziati\".&nbsp;<\/p>\n\n\n\n<p>Sulla stessa posizione \u00e8 Sergio Abrignani, immunologo dell'Universit\u00e0 di Milano e membro del Comitato tecnico scientifico (Cts). La vaccinazione eterologa, sostiene l'esperto, \"non \u00e8 una sperimentazione. Sappiamo che sono vaccini estremamente sicuri. Per tutti i lavori pubblicati all'estero con la combinazione dei due vaccini, sappiamo che sono sicuri e anzi migliorano la risposta immunitaria\".<\/p>\n\n\n\n<p>Per questo, Abrignani definisce una \"stupidaggine\" il dire che si \u00e8 cavie a fronte del ricorso al mix vaccinale. Ed ancora, riferendosi allo stop ad AstraZeneca per gli under-60, \"stiamo cercando, col principio di massima cautela, di azzerare un rischio estremamente raro - ha detto - avendo un'alternativa che sono i vaccini a Rna. Sembra che i vaccini siano il problema del Paese, \u00e8 scorretto porla in questo modo. I vaccini sono la soluzione a questa pandemia. Pensare che quello che abbiamo suggerito sia un'alzata d'ingegno \u00e8 profondamente sbagliato\".<\/p>\n\n\n\n<p>Diversa l'opinione del virologo dell'Universit\u00e0 di Milano Fabrizio Pregliasco che, pur 'sdoganando' il mix vaccinale tra prima e seconda dose, sottolinea comunque la necessit\u00e0 di un atteggiamento di cautela. \"Credo che questo mix si possa fare e diversi studi gi\u00e0 presenti confermano ci\u00f2, ma \u00e8 chiaro - avverte- che si tratta di studi su numeri ridotti e che non valutano eventi avversi nel medio termine. Per questo, sono ancora necessari una serie di approfondimenti che formalizzino ufficialmente questa possibilit\u00e0\".<\/p>\n\n\n\n<p>Alla luce della \"scelta di precauzione che si \u00e8 fatta rispetto al vaccino AstraZeneca, per minimizzare i sia pur minimi rischi esistenti - ha quindi ribadito - penso che la strategia del mix possa essere attuata, ma parallelamente vanno fatti degli approfondimenti\".<\/p>\n\n\n\n<p>Quanto al 'no' alla vaccinazione eterologa arrivato ieri dal presidente della Campania Vincenzo de Luca, \"elementi di distonia fra regioni creano ancora maggiore disaffezione ai vaccini da parte delle persone e sarebbe oggi pi\u00f9 che mai opportuno - conclude Pregliasco - un comportamento omogeneo\".<\/p>\n\n\n\n<p>\"La raccomandazione dell'Aifa e del Cts \u00e8 forte. \u00c8 un must per le Regioni, ben venga che sia lo Stato a prendersi una regia centrale in questioni delicate come questo. \u00c8 lo Stato che si impone sull'autonomia delle Regioni di fronte a una calamit\u00e0 nazionale\" dice&nbsp;il presidente dell'Aifa Giorgio Pal\u00f9 a Rainews24. \"Ci sono studi in Francia, in Germania, Spagna. Tutti dimostrano cose che sapevamo: due vaccini diversi stimolano&nbsp;meglio il sistema immunitario\".<\/p>\n\n\n\n<p>La parola confusione va riportata verso una chiara e precisa campagna vaccinale che sta dando risultati importanti. Il ministro Speranza ha dato indicazioni precise che vengono dal Cts, indicazioni che le regioni sono invitate a seguire. Prioritario ora continuare con la campagna vaccinale, con quell'efficienza che tutti abbiamo sperimentato. Abbiamo indicazioni di sicurezza che vanno seguite perch\u00e9 riguardano la salute dei cittadini, soprattutto dei pi\u00f9 giovani\". Cos\u00ec la Ministra per le pari opportunit\u00e0 e la famiglia, Elena Bonetti, su Radio Capital. La ministra risponde al presidente della Campania De Luca che ha fermato i richiami con un altro vaccino dopo la prima dose di AstraZeneca: \"L'invito per tutte le regioni \u00e8 quello di riferirsi alle indicazioni mediche. Alla politica compete l'organizzazione, ma io non mi permetto di entrare nelle valutazioni scientifiche. Sicuramente c'\u00e8 stata una sovrapposizione di informazioni, ma noi in meno di un anno abbiamo avuto un vaccino che ha salvato la vita a molte donne e uomini, da questo punto di vista la medicina \u00e8 stata chiara. Dobbiamo ribadire la nostra fiducia nei confronti della scienza\".<\/p>\n\n\n\n<p>La Regione Liguria andr\u00e0 avanti seguendo pedissequamente quanto chiesto dal Cts e dal ministero della Salute: i richiami di AstraZeneca sotto i 60 anni saranno fatti con un'altra tipologia di vaccino 'freeze', Pfizer o Moderna, continueremo a vaccinare sopra i 60 anni con AstraZeneca\". Lo ha spiegato il presidente della Regione Liguria Giovanni Toti a 'Mattino Cinque' su Canale 5.<\/p>\n\n\n\n<p>\"Continueremo i richiami sopra i 60 anni con AstraZeneca, ci atteniamo alle indicazioni come ci eravamo attenuti utilizzando AstraZeneca sotto i 60 anni - ha ribadito -. In Liguria non ci sono decessi Covid da due giorni, segno che la campagna vaccinale in qualche modo funziona, cerchiamo di metterla a posto senza ulteriori danni\".<\/p>\n\n\n\n<p>\"Sono state date indicazioni molto chiare a questo punto: vietare AstraZeneca agli under 60.Proprio nei momenti nei quali le persone possono essere disorientate credo sia ancora pi\u00f9 utile seguire le indicazioni del Cts e del governo. Dentro un quadro che conferma una cosa per\u00f2: i vaccini funzionano. In molte Regioni si sono raggiunti decessi zero. Crollano i decessi, la curva dei contagi e la terapia le intensive. La campagna vaccinale quindi ha funzionato. Questa indicazione, presa dal governo, dobbiamo prenderla in considerazione. Anche se il governo stesso ha detto che \u00e8 precauzionale. Ma ora siamo nelle condizioni di poterla rispettare\". Lo ha detto il Presidente della Regione Lazio Nicola Zingaretti, intervenuto a Rai News 24.<\/p>\n","protected":false},"excerpt":{"rendered":"<p>Roma, 14 Giu 2021 &#8211; La vaccinazione eterologa, ovvero l&#8217;utilizzo di una seconda dose con un vaccino anti-Covid diverso rispetto a quello utilizzato per la&#8230;<\/p>\n","protected":false},"author":2,"featured_media":207908,"comment_status":"closed","ping_status":"open","sticky":false,"template":"","format":"standard","meta":[],"categories":[49,51],"tags":[],"_links":{"self":[{"href":"https:\/\/www.cronacaonline.it\/index.php\/wp-json\/wp\/v2\/posts\/208020"}],"collection":[{"href":"https:\/\/www.cronacaonline.it\/index.php\/wp-json\/wp\/v2\/posts"}],"about":[{"href":"https:\/\/www.cronacaonline.it\/index.php\/wp-json\/wp\/v2\/types\/post"}],"author":[{"embeddable":true,"href":"https:\/\/www.cronacaonline.it\/index.php\/wp-json\/wp\/v2\/users\/2"}],"replies":[{"embeddable":true,"href":"https:\/\/www.cronacaonline.it\/index.php\/wp-json\/wp\/v2\/comments?post=208020"}],"version-history":[{"count":1,"href":"https:\/\/www.cronacaonline.it\/index.php\/wp-json\/wp\/v2\/posts\/208020\/revisions"}],"predecessor-version":[{"id":208021,"href":"https:\/\/www.cronacaonline.it\/index.php\/wp-json\/wp\/v2\/posts\/208020\/revisions\/208021"}],"wp:featuredmedia":[{"embeddable":true,"href":"https:\/\/www.cronacaonline.it\/index.php\/wp-json\/wp\/v2\/media\/207908"}],"wp:attachment":[{"href":"https:\/\/www.cronacaonline.it\/index.php\/wp-json\/wp\/v2\/media?parent=208020"}],"wp:term":[{"taxonomy":"category","embeddable":true,"href":"https:\/\/www.cronacaonline.it\/index.php\/wp-json\/wp\/v2\/categories?post=208020"},{"taxonomy":"post_tag","embeddable":true,"href":"https:\/\/www.cronacaonline.it\/index.php\/wp-json\/wp\/v2\/tags?post=208020"}],"curies":[{"name":"wp","href":"https:\/\/api.w.org\/{rel}","templated":true}]}}