{"id":207925,"date":"2021-06-11T15:54:36","date_gmt":"2021-06-11T13:54:36","guid":{"rendered":"https:\/\/www.cronacaonline.it\/?p=207925"},"modified":"2021-06-11T15:54:37","modified_gmt":"2021-06-11T13:54:37","slug":"g7-al-via-il-summit-un-miliardo-di-dosi-di-vaccini-ai-paesi-poveri","status":"publish","type":"post","link":"https:\/\/www.cronacaonline.it\/index.php\/2021\/06\/11\/g7-al-via-il-summit-un-miliardo-di-dosi-di-vaccini-ai-paesi-poveri\/","title":{"rendered":"G7, al via il summit: un miliardo di dosi di vaccini ai paesi poveri."},"content":{"rendered":"\n<p>Cagliari, 11 Giu 2021 - \u00c8 iniziato ufficialmente in Cornovaglia, all'estremo sud-ovest dell'Inghilterra, il G7 2021 a presidenza britannica: primo vertice in presenza dallo scoppio della pandemia di Covid.<\/p>\n\n\n\n<p>Il premier Boris Johnson ha dato il via ai tre giorni di lavori accogliendo nell'esclusivo resort (blindato) di Carbis Bay i leader ospiti: Joe Biden per gli Usa, Mario Draghi per l'Italia, Angela Merkel per la Germania, Emmanuel Macron per la Francia, Yoshihide Suga per il Giappone, Justin Trudeau per il Canada, nonch\u00e9 Charles Michel e Ursula vonder Leyen per l'Ue.<\/p>\n\n\n\n<p>La prima sessione - sulla ricostruzione post Covid - viene introdotta da Draghi.<\/p>\n\n\n\n<p>La passerella della ricezione formale dei diversi leader \u00e8 avvenuta sulla spiaggia davanti al resort. Gli ospiti hanno scambiato tutti qualche parola con Johnson, affiancato dalla giovane neo-sposa Carrie Symonds, prima dimettersi in posa per i fotografi. La prima \u00e8 stata Ursula von der Leyen, l'ultimo Emmanuel Macron.&nbsp;<\/p>\n\n\n\n<p>Dal summit \u00e8 atteso l'annuncio che i sette Paesi pi\u00f9&nbsp;industrializzati del mondo doneranno un miliardo di dosi di vaccini ai Paesi pi\u00f9 poveri per aiutarli a combattere il coronavirus.<\/p>\n\n\n\n<p>Intanto, oggi il padrone di casa, il premier britannico Boris Johnson, ha annunciato che il Regno Unito doner\u00e0 entro il prossimo anno altre&nbsp;100 milioni di dosi, attraverso l'alleanza Covax, 5 milioni delle quali entro la fine di settembre.&nbsp;\"Al summit del G7 - ha dichiarato Johnson - spero che i miei colleghi&nbsp;assumeranno impegni simili in modo che, insieme, possiamo vaccinare il mondo entro la fine del prossimo anno e ricostruire meglio dopo il&nbsp;Coronavirus\". Gli Usa si sono gi\u00e0 impegnati a fornire 500 milioni di vaccini che fanno parte del totale di un miliardo dell'intero G7.<\/p>\n\n\n\n<p>Prima di prendere parte ai lavori del G7 Draghi ha avuto una riunione di coordinamento con i leader Ue. Nel pomeriggio sar\u00e0 poi \"lead speaker\" nella prima sessione dedicata ai temi della ripresa economica, dal titolo: \"Building Back Better - Recovery for All\". La sessione sar\u00e0 incentrata su tre temi: le politiche nazionali verso una ripresa pi\u00f9 verde e digitale; il ruolo del G7 nel sostegno alla ripresa dell'economia globale; le politiche volte a far progredire l'uguaglianza di genere.<\/p>\n\n\n\n<p>A margine Draghi ha in programma un bilaterale con il primo ministro britannico Boris Johnson.<\/p>\n\n\n\n<p>Il premier italiano ha avuto un colloquio di circa mezz'ora con il presidente francese Emmanuel Macron.&nbsp;<\/p>\n\n\n\n<p>\"Ottimo incontro di coordinamento con la cancelliera Angela Merkel, Emmanuel Macron e Mario Draghi, insieme al presidente del Consiglio europeo. Focus principale e punti di vista comuni su argomenti chiave di G7, in particolare su Covid, clima e Cina\". Lo scrive in un tweet la presidente della Commissione europea, Ursula von der Leyen, impegnata al G7 in Cornovaglia.&nbsp;<\/p>\n\n\n\n<p>\"Oggi gli occhi del mondo sono puntati sulla Cornovaglia mentre ci incontriamo per il 1\u00b0 giornodi @G7. Ripresa globale, salute, clima, sviluppo, sicurezza: abbiamo 3 giorni per riunirci e portare il cambiamento che le persone si aspettano. Per iniziare, avr\u00f2 un incontro con i leader del G7 dell'UE, per coordinarmi\", scrive in un altro tweet la presidente della Commissione Ue.<\/p>\n\n\n\n<p>La cancelliera tedesca Angela Merkel ha detto di sperare che i leader del G7 raggiungano \"ottimi risultati\" sui vaccini contro il coronavirus e mostrino al mondo \"che non stiamo pensando solo a noi stessi\". \"Spero che otterremo ottimi risultati per dimostrare che non stiamo pensando solo a noi stessi, ma pensiamo anche a coloro che non hanno ancora l'opportunit\u00e0 di vaccinarsi, soprattutto i paesi africani\", ha detto la leader dopo essere arrivata al vertice in Cornovaglia.<\/p>\n\n\n\n<p>\"\u00c8 il primo giorno ufficiale del vertice G7 qui nel Regno Unito. Non vedo l'ora di rafforzare il nostro impegno per il multilateralismo e di lavorare con i nostri alleati e partner per costruire un'economia globale pi\u00f9 equa e inclusiva\", ha scritto su Twitter&nbsp;il presidente Usa Joe Biden.&nbsp;<\/p>\n\n\n\n<p>\"Ieri ho annunciato che gli Stati Uniti doneranno mezzo miliardo di vaccini Pfizer per aiutare i Paesi che ne hanno bisogno. In questo momento i nostri valori ci dicono che dobbiamo fare tutto il possibile per vaccinare il mondo contro il Covid 19\". Lo twitta il presidente Usa.<\/p>\n\n\n\n<p>\"Come sempre, stessa unione, stessa determinazione ad agire, stesso entusiasmo! Il G7 pu\u00f2 iniziare\". Lo scrive su Twitter&nbsp;il presidente francese Emmanuel Macron&nbsp;postando una foto dei leader Ue.<\/p>\n\n\n\n<p>Macron, ha postato una foto che lo ritrae sorridente intorno a un tavolo&nbsp;insieme al presidente del Consiglio Mario Draghi, alla cancelliera tedesca Angela Merkel, insieme ai vertici Ue, Charles Michele e Ursula von der Leyen. I leader dei Paesi Ue si sono incontrati prima dell'avvio dei lavori del vertice per una riunione di coordinamento. Come ha sottolineato una giornalista britannica del Times, \u00e8 \"il tavolo al quale Boris Johnson non parteciper\u00e0\", dopo la Brexit.<\/p>\n\n\n\n<p>I lavori della giornata di domani si apriranno con la seconda sessione sui principali trend geostrategici a livello globale, incluse le sfide della resilienza economica, e focus sul partenariato del G7 con i Paesi in via di sviluppo.<\/p>\n\n\n\n<p>I lavori proseguiranno con la terza sessione che si focalizzer\u00e0 su alcuni temi di politica estera e di sicurezza, tra questi Russia e Afghanistan.<\/p>\n\n\n\n<p>Si terr\u00e0 quindi la quarta sessione dedicata ai temi della salute, in particolare alle pi\u00f9 immediate sfide sanitarie e al rafforzamento dei sistemi di salute globale.<\/p>\n\n\n\n<p>La giornata di sabato si chiuder\u00e0 con una cena tra i Leader. Nella mattina di domenica avranno luogo la quinta e la sesta sessione di lavoro, dedicate rispettivamente al tema delle 'societ\u00e0 ed economie aperte', alla lotta ai cambiamenti climatici e alla protezione della natura, cui parteciperanno anche i vertici di Banca Mondiale, Fmi, Ocse e Onu.<\/p>\n\n\n\n<p>La riunione del G7 in Cornovaglia rilancia la sfida dell'occidente alla Cina sul Coronavirus, in merito al quale sar\u00e0 chiesta una nuova indagine dell'Oms. Il presidente Usa Biden e il premier britannico Johnson sono pronti ad annunciare 'una nuova Carta Atlantica' per rafforzare la 'special relation' tra i due Paesi.<\/p>\n\n\n\n<p>La presidente della Commissione Ue von der Leyen rilancia il multilateralismo e indica in Russia e Cina le maggiori fonti di preoccupazione. Il tema \u00e8 al centro anche dell'agenda italiana: il premier italiano Mario Draghi incontra domani Biden.<\/p>\n\n\n\n<p>I leader del G7&nbsp;incontreranno la&nbsp;regina Elisabetta, oggi in Cornovaglia per la giornata inaugurale del vertice. L'incontro con la sovrana \u00e8 in programma nel pomeriggio,&nbsp;dopo l'arrivo dei Sette Grandi a Carbis Bay e la prima riunione dal&nbsp;tema \"ricostruire meglio\" dopo la pandemia. La regina sar\u00e0 accompagnata dal principe Carlo e dalla consorte Camilla e dal principe William con la consorte Kate.<\/p>\n\n\n\n<p>Componenti dello staff dell'hotel Ped Olva, una delle strutture che ospitano le delegazioni internazionali per il G7 in Cornovaglia, sono risultati positivi al coronavirus. Nell'albergo soggiornano componenti della delegazione tedesca, tra cui membri della sicurezza della cancelliera tedesca Angela Merkel. Attualmente, scrive Bloomberg, i componenti che potrebbero essere stati esposti al virus sono in autoisolamento e la visita e la partecipazione della cancelliera al G7 non hanno subito modifiche, ha riferito un responsabile dello staff tedesco. La cancelliera \u00e8 attesa in Cornovaglia alle 11:00 di oggi. Merkel, 66 anni, ha ricevuto la sua prima dose di vaccino.<\/p>\n","protected":false},"excerpt":{"rendered":"<p>Cagliari, 11 Giu 2021 &#8211; \u00c8 iniziato ufficialmente in Cornovaglia, all&#8217;estremo sud-ovest dell&#8217;Inghilterra, il G7 2021 a presidenza britannica: primo vertice in presenza dallo scoppio&#8230;<\/p>\n","protected":false},"author":2,"featured_media":207926,"comment_status":"closed","ping_status":"open","sticky":false,"template":"","format":"standard","meta":[],"categories":[49,50],"tags":[],"_links":{"self":[{"href":"https:\/\/www.cronacaonline.it\/index.php\/wp-json\/wp\/v2\/posts\/207925"}],"collection":[{"href":"https:\/\/www.cronacaonline.it\/index.php\/wp-json\/wp\/v2\/posts"}],"about":[{"href":"https:\/\/www.cronacaonline.it\/index.php\/wp-json\/wp\/v2\/types\/post"}],"author":[{"embeddable":true,"href":"https:\/\/www.cronacaonline.it\/index.php\/wp-json\/wp\/v2\/users\/2"}],"replies":[{"embeddable":true,"href":"https:\/\/www.cronacaonline.it\/index.php\/wp-json\/wp\/v2\/comments?post=207925"}],"version-history":[{"count":1,"href":"https:\/\/www.cronacaonline.it\/index.php\/wp-json\/wp\/v2\/posts\/207925\/revisions"}],"predecessor-version":[{"id":207927,"href":"https:\/\/www.cronacaonline.it\/index.php\/wp-json\/wp\/v2\/posts\/207925\/revisions\/207927"}],"wp:featuredmedia":[{"embeddable":true,"href":"https:\/\/www.cronacaonline.it\/index.php\/wp-json\/wp\/v2\/media\/207926"}],"wp:attachment":[{"href":"https:\/\/www.cronacaonline.it\/index.php\/wp-json\/wp\/v2\/media?parent=207925"}],"wp:term":[{"taxonomy":"category","embeddable":true,"href":"https:\/\/www.cronacaonline.it\/index.php\/wp-json\/wp\/v2\/categories?post=207925"},{"taxonomy":"post_tag","embeddable":true,"href":"https:\/\/www.cronacaonline.it\/index.php\/wp-json\/wp\/v2\/tags?post=207925"}],"curies":[{"name":"wp","href":"https:\/\/api.w.org\/{rel}","templated":true}]}}