{"id":207821,"date":"2021-06-10T05:40:57","date_gmt":"2021-06-10T03:40:57","guid":{"rendered":"https:\/\/www.cronacaonline.it\/?p=207821"},"modified":"2021-06-10T05:40:59","modified_gmt":"2021-06-10T03:40:59","slug":"biden-giunto-in-europa-lamerica-e-tornata-uniamo-nazioni-con-gli-stessi-valori","status":"publish","type":"post","link":"https:\/\/www.cronacaonline.it\/index.php\/2021\/06\/10\/biden-giunto-in-europa-lamerica-e-tornata-uniamo-nazioni-con-gli-stessi-valori\/","title":{"rendered":"Biden giunto in Europa: l&#8217;America \u00e8 tornata, uniamo nazioni con gli stessi valori."},"content":{"rendered":"\n<p>Cagliari, 10 Giu 2021 - L'Air Force One con a bordo il presidente degli Stati Uniti, Joe Biden, \u00e8 atterrato in serata nel Regno Unito, nella base della Royal Air Force di Mildenhall, nel Suffolk.\u00a0Biden incontrer\u00e0 domani il primo ministro britannico, Boris Johnson.<\/p>\n\n\n\n<p>Il programma dei lavori del presidente Usa prevede la partecipazione al G7 che si svolger\u00e0 in&nbsp;Cornovaglia dall'11 al 13 giugno&nbsp;e proseguir\u00e0 il suo tour diplomatico europeo che avr\u00e0 come appuntamento cardine il bilaterale in Svizzera con il presidente russo, Vladimir Putin.<\/p>\n\n\n\n<p>Biden, accompagnato dalla first lady Jill, ha iniziato la sua prima&nbsp;visita all'estero da presidente con un incontro con il personale&nbsp;militare Usa della base.<\/p>\n\n\n\n<p>Il viaggio in Europa del presidente statunitense ha come obiettivo primario quello di rafforzare l'alleanza.<\/p>\n\n\n\n<p>Joe Biden nel Vecchio Continente parteciper\u00e0 al G7 in Gran Bretagna, ma incontrer\u00e0 anche i vertici Nato e quelli dell'Ue. Grande attenzione, naturalmente, anche all'incontro con il presidente russo Vladimir Putin.<\/p>\n\n\n\n<p>In particolare, afferma Biden, il G7 in Cornovaglia mostrer\u00e0 alla Cina un fronte unito assicurando che render\u00e0 chiaro a Putin e alla Cina che Usa e Europa sono uniti.<\/p>\n\n\n\n<p>Gli Stati Uniti acquisteranno&nbsp;centinaia di milioni di dosi del vaccino Pfizer-BioNTech per donarle&nbsp;ai Paesi pi\u00f9 svantaggiati. E' questo, secondo quanto anticipa il&nbsp;Washington Post, il piano per la condivisione dei vaccini che il&nbsp;presidente Joe Biden intende annunciare in occasione del vertice del&nbsp;G7 in Cornovaglia. Parlando poco prima di salire a bordo dell'Air&nbsp;Force One diretto in Europa, riporta il New York Times, Biden ha&nbsp;detto: \"Ne ho uno e lo annuncer\u00f2\", rispondendo a chi gli chiedeva se&nbsp;avesse un piano per una vaccinazione anti Covid a livello globale.<\/p>\n\n\n\n<p>\"L'America \u00e8 tornata e \"le&nbsp;democrazie sono unite per affrontare le sfide del futuro\". Lo ha&nbsp;detto Joe Biden parlando dopo la moglie Jill davanti alle truppe&nbsp;alla Royal Air Force (Raf) di Mildenhall, in Inghilterra, la base&nbsp;aerea che supporta le operazioni dell'aviazione americana.<\/p>\n\n\n\n<p>Poi il discorso \u00e8 spaziato su altre questioni aperte: serve un \"modello di azione coordinata\" a livello&nbsp;internazionale contro le future pandemie, \"perch\u00e9 ce ne saranno altre\". Biden ha poi&nbsp;invitato la comunit\u00e0 internazionale a lanciare \"iniziative ambiziose\" per&nbsp;contrastare il cambiamento climatico.<\/p>\n\n\n\n<p>\"Non cerchiamo il conflitto, ma&nbsp;un rapporto stabile e prevedibile con la Russia\". Lo ha detto Joe Biden, ribadendo per\u00f2 che gli Usa risponderanno in modo \"robusto e significativo\" ad ogni&nbsp;azione ostile di Mosca. Un messaggio che ha voluto rilanciare ad&nbsp;una settimana dal suo primo faccia a faccia con Vladimir Putin a Ginevra il 16 giugno.&nbsp;<\/p>\n","protected":false},"excerpt":{"rendered":"<p>Cagliari, 10 Giu 2021 &#8211; L&#8217;Air Force One con a bordo il presidente degli Stati Uniti, Joe Biden, \u00e8 atterrato in serata nel Regno Unito,&#8230;<\/p>\n","protected":false},"author":2,"featured_media":204677,"comment_status":"closed","ping_status":"open","sticky":false,"template":"","format":"standard","meta":[],"categories":[49,50],"tags":[],"_links":{"self":[{"href":"https:\/\/www.cronacaonline.it\/index.php\/wp-json\/wp\/v2\/posts\/207821"}],"collection":[{"href":"https:\/\/www.cronacaonline.it\/index.php\/wp-json\/wp\/v2\/posts"}],"about":[{"href":"https:\/\/www.cronacaonline.it\/index.php\/wp-json\/wp\/v2\/types\/post"}],"author":[{"embeddable":true,"href":"https:\/\/www.cronacaonline.it\/index.php\/wp-json\/wp\/v2\/users\/2"}],"replies":[{"embeddable":true,"href":"https:\/\/www.cronacaonline.it\/index.php\/wp-json\/wp\/v2\/comments?post=207821"}],"version-history":[{"count":1,"href":"https:\/\/www.cronacaonline.it\/index.php\/wp-json\/wp\/v2\/posts\/207821\/revisions"}],"predecessor-version":[{"id":207822,"href":"https:\/\/www.cronacaonline.it\/index.php\/wp-json\/wp\/v2\/posts\/207821\/revisions\/207822"}],"wp:featuredmedia":[{"embeddable":true,"href":"https:\/\/www.cronacaonline.it\/index.php\/wp-json\/wp\/v2\/media\/204677"}],"wp:attachment":[{"href":"https:\/\/www.cronacaonline.it\/index.php\/wp-json\/wp\/v2\/media?parent=207821"}],"wp:term":[{"taxonomy":"category","embeddable":true,"href":"https:\/\/www.cronacaonline.it\/index.php\/wp-json\/wp\/v2\/categories?post=207821"},{"taxonomy":"post_tag","embeddable":true,"href":"https:\/\/www.cronacaonline.it\/index.php\/wp-json\/wp\/v2\/tags?post=207821"}],"curies":[{"name":"wp","href":"https:\/\/api.w.org\/{rel}","templated":true}]}}