{"id":207785,"date":"2021-06-09T12:35:06","date_gmt":"2021-06-09T10:35:06","guid":{"rendered":"https:\/\/www.cronacaonline.it\/?p=207785"},"modified":"2021-06-09T12:35:07","modified_gmt":"2021-06-09T10:35:07","slug":"covid-parlamento-europeo-approva-green-pass","status":"publish","type":"post","link":"https:\/\/www.cronacaonline.it\/index.php\/2021\/06\/09\/covid-parlamento-europeo-approva-green-pass\/","title":{"rendered":"Covid &#8211; Parlamento europeo approva Green pass."},"content":{"rendered":"\n<p>Bruxelles, 9 Giu 2021 - Via libera definitivo del Parlamento europeo al certificato digitale Covid dell'Ue. Gli eurodeputati hanno completato il lavoro legislativo sul documento per facilitare gli spostamenti all'interno dell'Unione e contribuire alla ripresa economica. Il testo dovr\u00e0 ora essere formalmente adottato dal consiglio e pubblicato nella Gazzetta Ufficiale, per l'entrata in vigore e l'applicazione immediata dal primo luglio 2021.\u00a0La Plenaria lo ha approvato con 546 voti a favore, 93\u00a0contrari e 51 astensioni (cittadini dell'Ue) e con 553 a favore,\u00a091 contrari e 46 astensioni (cittadini di paesi terzi residenti\u00a0nell'Ue).\u00a0<\/p>\n\n\n\n<p>Il certificato sar\u00e0 rilasciato gratuitamente dalle&nbsp;autorit\u00e0 nazionali e sar\u00e0 disponibile in formato digitale o&nbsp;cartaceo con un codice QR. Il documento attester\u00e0 che una persona \u00e8&nbsp;stata vaccinata contro il coronavirus o ha effettuato un test&nbsp;recente con esito negativo o che \u00e8 guarita dall'infezione. In&nbsp;pratica, si tratta di tre certificati distinti. Un quadro comune&nbsp;dell'Ue render\u00e0 i certificati compatibili e verificabili in tutta&nbsp;l'Unione europea, oltre a prevenire frodi e falsificazioni.&nbsp;Il sistema si applicher\u00e0 dal 1\u00b0 luglio 2021 e rester\u00e0 in vigore&nbsp;per 12 mesi.<\/p>\n\n\n\n<p>Il certificato non costituir\u00e0 una condizione preliminare per la&nbsp;libera circolazione e non sar\u00e0 considerato un documento di&nbsp;viaggio. Durante i negoziati tra le istituzioni, i deputati hanno&nbsp;ottenuto un accordo che stipula che gli Stati dell'Ue non potranno&nbsp;imporre ulteriori restrizioni di viaggio ai titolari di&nbsp;certificati - come quarantena, autoisolamento o test - \"a meno che&nbsp;non siano necessarie e proporzionate per salvaguardare la salute&nbsp;pubblica\". Si dovr\u00e0 tenere conto delle prove scientifiche,&nbsp;\"compresi i dati epidemiologici pubblicati dal Centro europeo per&nbsp;la prevenzione e il controllo delle malattie (Ecdc)\".<\/p>\n\n\n\n<p>Le misure dovranno essere notificate, se possibile, con 48 ore di&nbsp;anticipo agli altri Stati membri e alla Commissione, mentre il&nbsp;pubblico dovr\u00e0 ricevere un preavviso di 24 ore. Su richiesta del&nbsp;Parlamento, la Commissione si \u00e8 impegnata a mobilitare 100&nbsp;milioni di euro dallo strumento per il sostegno di emergenza per&nbsp;consentire agli Stati membri di acquistare test per il rilascio di&nbsp;certificati di test digitali Covid dell'Ue.<\/p>\n\n\n\n<p>Tutti i Paesi dell'Ue devono accettare i certificati di&nbsp;vaccinazione rilasciati in altri Stati membri per i vaccini&nbsp;autorizzati dall'Agenzia europea per i medicinali (Ema). Spetter\u00e0&nbsp;agli Stati membri decidere se accettare anche i certificati per i&nbsp;vaccini autorizzati secondo le procedure nazionali o per i vaccini&nbsp;elencati dall'Organizzazione Mondiale della Sanit\u00e0 (Oms) per&nbsp;l'uso d'emergenza. Il testo dovr\u00e0 ora essere formalmente adottato&nbsp;dal Consiglio e pubblicato nella Gazzetta Ufficiale, per l'entrata&nbsp;in vigore e l'applicazione immediata dal 1\u00b0 luglio 2021.<\/p>\n\n\n\n<p>Sono gi\u00e0 pi\u00f9 di un milione gli europei che hanno gi\u00e0 ricevuto i primi certificati digitali Covid.&nbsp;I documenti che dovrebbero facilitare i viaggi in estate durante la pandemia cominciano dunque a farsi strada nel vecchio continente mentre salgono a nove i paesi nei quali \u00e8 gi\u00e0 attivo il sistema per il loro mutuo riconoscimento. Ad annunciare l'accelerazione con quasi tre settimane di anticipo rispetto alla data fissata del primo luglio \u00e8 stata la Commissione europea, nello stesso giorno in cui il Parlamento europeo ha dato il suo via libera ai pass.<\/p>\n\n\n\n<p>Spagna e Lituania hanno reso operativa la piattaforma Ue in via ufficiale iniziando a distribuire i certificati che attestano l'avvenuta vaccinazione, il risultato negativo ad un tampone o la guarigione dal virus. Dunque dopo Bulgaria, Repubblica Ceca, Danimarca, Germania, Grecia, Croazia e Polonia, sono cos\u00ec nove gli stati membri nei quali \u00e8 gi\u00e0 attivo il sistema.<\/p>\n\n\n\n<p>\"Il regolamento\" su certificati covid digitali \"sottolinea l'importanza di test universali e accessibili per tutti i cittadini, soprattutto per le persone che attraversano le frontiere quotidianamente. E per sostenere questi sforzi la Commissione europea si \u00e8 impegnata a mobilitare 100 milioni di euro per i test necessari al rilascio del certificato\", ha ricordato nel corso della plenaria dell'Europarlamento a Strasburgo il Commissario europeo alla giustizia Diddier Reynders. \u201c\u00c8 iniziato un dibattito importante negli stati membri sul prezzo dei test e sono sicuro che ci saranno nuovi sviluppi nelle prossime settimane sull'accessibilit\u00e0 dei test\" ha aggiunto.<\/p>\n\n\n\n<p>Con un Green pass i mano i titolari di certificati potranno dunque evitare le quarantene nel paese di destinazione o di arrivo. Ma non mancheranno alcune eccezioni. Gli Stati membri infatti potranno continuare a conservare la possibilit\u00e0 di imporre ulteriori misure restrittive, nel caso ad esempio della comparsa di una variante. Tali misure per\u00f2 dovranno essere \"necessarie e proporzionate per tutelare la salute pubblica\", ha sottolineato Bruxelles.<\/p>\n\n\n\n<p>\"In appena due mesi il Parlamento europeo ha fatto la differenza, tutelando i diritti dei cittadini, difendendo circolazione e privacy, fornendo certezza giuridica e prevenendo discriminazioni\", ha sottolineato il relatore del provvedimento Al Pe Juan Fernando Lopez Aguilar, eurodeputato del gruppo S&amp;D e Presidente della Commissione per le libert\u00e0 civili, precisando che l'obiettivo \u00e8 \"ripristinare Schengen in maniera pienamente funzionante\". Dopo l'ok dell'Eurocamera il certificato \u00e8 atteso venerd\u00ec alla riunione degli ambasciatori dei 27 paesi per un ultimo passaggio formale per poi entrare definitivamente in vigore il primo luglio.<\/p>\n","protected":false},"excerpt":{"rendered":"<p>Bruxelles, 9 Giu 2021 &#8211; Via libera definitivo del Parlamento europeo al certificato digitale Covid dell&#8217;Ue. Gli eurodeputati hanno completato il lavoro legislativo sul documento&#8230;<\/p>\n","protected":false},"author":2,"featured_media":207786,"comment_status":"closed","ping_status":"open","sticky":false,"template":"","format":"standard","meta":[],"categories":[49,51],"tags":[],"_links":{"self":[{"href":"https:\/\/www.cronacaonline.it\/index.php\/wp-json\/wp\/v2\/posts\/207785"}],"collection":[{"href":"https:\/\/www.cronacaonline.it\/index.php\/wp-json\/wp\/v2\/posts"}],"about":[{"href":"https:\/\/www.cronacaonline.it\/index.php\/wp-json\/wp\/v2\/types\/post"}],"author":[{"embeddable":true,"href":"https:\/\/www.cronacaonline.it\/index.php\/wp-json\/wp\/v2\/users\/2"}],"replies":[{"embeddable":true,"href":"https:\/\/www.cronacaonline.it\/index.php\/wp-json\/wp\/v2\/comments?post=207785"}],"version-history":[{"count":1,"href":"https:\/\/www.cronacaonline.it\/index.php\/wp-json\/wp\/v2\/posts\/207785\/revisions"}],"predecessor-version":[{"id":207787,"href":"https:\/\/www.cronacaonline.it\/index.php\/wp-json\/wp\/v2\/posts\/207785\/revisions\/207787"}],"wp:featuredmedia":[{"embeddable":true,"href":"https:\/\/www.cronacaonline.it\/index.php\/wp-json\/wp\/v2\/media\/207786"}],"wp:attachment":[{"href":"https:\/\/www.cronacaonline.it\/index.php\/wp-json\/wp\/v2\/media?parent=207785"}],"wp:term":[{"taxonomy":"category","embeddable":true,"href":"https:\/\/www.cronacaonline.it\/index.php\/wp-json\/wp\/v2\/categories?post=207785"},{"taxonomy":"post_tag","embeddable":true,"href":"https:\/\/www.cronacaonline.it\/index.php\/wp-json\/wp\/v2\/tags?post=207785"}],"curies":[{"name":"wp","href":"https:\/\/api.w.org\/{rel}","templated":true}]}}