{"id":207720,"date":"2021-06-08T13:20:34","date_gmt":"2021-06-08T11:20:34","guid":{"rendered":"https:\/\/www.cronacaonline.it\/?p=207720"},"modified":"2021-06-08T13:20:35","modified_gmt":"2021-06-08T11:20:35","slug":"mattarella-sulla-buona-strada-per-uscire-dalla-pandemia-ma-non-ancora-al-traguardo","status":"publish","type":"post","link":"https:\/\/www.cronacaonline.it\/index.php\/2021\/06\/08\/mattarella-sulla-buona-strada-per-uscire-dalla-pandemia-ma-non-ancora-al-traguardo\/","title":{"rendered":"Mattarella: sulla buona strada per uscire dalla pandemia &#8220;ma non ancora al traguardo&#8221;."},"content":{"rendered":"\n<p>Milano, 8 Giu 2021 \u2013 Per l'uscita dalla pandemia \"siamo sulla buona strada, ma non ancora al traguardo\". Lo ha detto il presidente della Repubblica, Sergio Mattarella, intervenendo alla cerimonia per l'anno accademico della Statale di Milano.<\/p>\n\n\n\n<p>Il valore della ricerca Il capo dello Stato ha sottolineato il valore della ricerca: durante la pandemia \"\u00e8 emerso agli occhi di tutti il senso e il valore della ricerca\" scientifica, \"non saremo mai abbastanza grati alla Scienza per gli strumenti che ci ha fornito\" per combattere il virus.<\/p>\n\n\n\n<p>La pandemia \"non \u00e8 stato uno stress test straordinario soltanto per gli Atenei, per le Universit\u00e0, lo \u00e8 stato per l'intera societ\u00e0, lo \u00e8 stato per tutti in ogni parte del mondo\", \"la fase drammatica che abbiamo attraversato ci ha consegnato la percezione che ognuno ha bisogno degli altri, ciascuno di noi ha avuto bisogno degli altri, e gli altri hanno avuto bisogno di noi\", ha detto il Presidente.<\/p>\n\n\n\n<p>L'auspicio, ha continuato Mattarella, \u00e8 che quanto \u00e8 accaduto \"non venga rimosso dalla memoria e dagli insegnamenti quando sar\u00e0 superata la fase dell'emergenza. A livello interpersonale ma anche nelle relazioni istituzionali e tra gli Stati. Un insegnamento da coltivare, custodire e mettere a frutto\".<\/p>\n\n\n\n<p>Ad accogliere il capo dello Stato, il rettore della Statale Elio Franzini, il ministro dell'Universit\u00e0 e della ricerca Cristina Messa, il presidente della Regione Lombardia Attilio Fontana e il sindaco di Milano Giuseppe Sala. All'inaugurazione presente anche il ministro per le Pari opportunit\u00e0 Elena Bonetti.<\/p>\n\n\n\n<p>Il presidente della Repubblica ha poi raggiunto l'aeroporto di Milano Linate per l'inaugurazione della nuova area imbarchi. Ad accoglierlo, fra gli altri, il prefetto di Milano, Renato Saccone, il presidente della Regione Lombardia, Attilio Fontana, e il sindaco di Milano, Giuseppe Sala.&nbsp;<\/p>\n\n\n\n<p>Il rinnovamento dell'aeroporto di Linate \"\u00e8 una prova del fatto che il nostro paese durante la pandemia non \u00e8 stato n\u00e9 inerte n\u00e9 passivo. L'Italia ha reagito con saggezza anche coltivando le ragioni della resilienza e pensando al futuro post pandemia\": ha detto il Capo di Stato durante il suo intervento. \"Questo aeroporto ne \u00e8 un esempio e dimostrazione - ha aggiunto - perch\u00e9 non ritorna alle condizioni passate ma presenta un'immagine totalmente nuova e adatta al futuro\", quindi \u00e8 \"un'opera di grande rilievo e importanza\".<\/p>\n\n\n\n<p>Durante la pandemia, \"il traffico aereo \u00e8 stato talmente compresso da giungere quasi all'azzeramento e questo pone per le istituzioni un'esigenza e un obbligo di attenzione per l'importanza che il trasporto aereo riveste\": ha sottolineato il presidente della Repubblica, aggiungendo che \"si richiede attenzione per sorreggere e incentivare la ripresa del trasporto aereo, dei trasporti in generale e del turismo\".<\/p>\n","protected":false},"excerpt":{"rendered":"<p>Milano, 8 Giu 2021 \u2013 Per l&#8217;uscita dalla pandemia &#8220;siamo sulla buona strada, ma non ancora al traguardo&#8221;. Lo ha detto il presidente della Repubblica,&#8230;<\/p>\n","protected":false},"author":2,"featured_media":207721,"comment_status":"closed","ping_status":"open","sticky":false,"template":"","format":"standard","meta":[],"categories":[49,50],"tags":[],"_links":{"self":[{"href":"https:\/\/www.cronacaonline.it\/index.php\/wp-json\/wp\/v2\/posts\/207720"}],"collection":[{"href":"https:\/\/www.cronacaonline.it\/index.php\/wp-json\/wp\/v2\/posts"}],"about":[{"href":"https:\/\/www.cronacaonline.it\/index.php\/wp-json\/wp\/v2\/types\/post"}],"author":[{"embeddable":true,"href":"https:\/\/www.cronacaonline.it\/index.php\/wp-json\/wp\/v2\/users\/2"}],"replies":[{"embeddable":true,"href":"https:\/\/www.cronacaonline.it\/index.php\/wp-json\/wp\/v2\/comments?post=207720"}],"version-history":[{"count":1,"href":"https:\/\/www.cronacaonline.it\/index.php\/wp-json\/wp\/v2\/posts\/207720\/revisions"}],"predecessor-version":[{"id":207722,"href":"https:\/\/www.cronacaonline.it\/index.php\/wp-json\/wp\/v2\/posts\/207720\/revisions\/207722"}],"wp:featuredmedia":[{"embeddable":true,"href":"https:\/\/www.cronacaonline.it\/index.php\/wp-json\/wp\/v2\/media\/207721"}],"wp:attachment":[{"href":"https:\/\/www.cronacaonline.it\/index.php\/wp-json\/wp\/v2\/media?parent=207720"}],"wp:term":[{"taxonomy":"category","embeddable":true,"href":"https:\/\/www.cronacaonline.it\/index.php\/wp-json\/wp\/v2\/categories?post=207720"},{"taxonomy":"post_tag","embeddable":true,"href":"https:\/\/www.cronacaonline.it\/index.php\/wp-json\/wp\/v2\/tags?post=207720"}],"curies":[{"name":"wp","href":"https:\/\/api.w.org\/{rel}","templated":true}]}}