{"id":207667,"date":"2021-06-07T14:38:12","date_gmt":"2021-06-07T12:38:12","guid":{"rendered":"https:\/\/www.cronacaonline.it\/?p=207667"},"modified":"2021-06-07T14:38:15","modified_gmt":"2021-06-07T12:38:15","slug":"questa-mattina-a-sinnai-il-capo-della-polizia-lamberto-giannini-a-presenziato-alla-cerimonia-in-ricordo-del-sacrificio-di-emanuela-loi","status":"publish","type":"post","link":"https:\/\/www.cronacaonline.it\/index.php\/2021\/06\/07\/questa-mattina-a-sinnai-il-capo-della-polizia-lamberto-giannini-a-presenziato-alla-cerimonia-in-ricordo-del-sacrificio-di-emanuela-loi\/","title":{"rendered":"Questa mattina a Sinnai il capo della Polizia Lamberto Giannini a presenziato alla cerimonia in ricordo del sacrificio di Emanuela Loi."},"content":{"rendered":"\n<p>Cagliari, 7 Giu 2021 - Stamattina il Capo della Polizia, Direttore Generale della Pubblica Sicurezza, Prefetto Lamberto Giannini, accompagnato dal Questore di Cagliari, ha incontrato gli alunni della classe Prima H della Scuola Primaria dell\u2019Istituto Comprensivo Statale n\u00b0 2 di Sinnai (CA), in una cerimonia organizzata per ricordare Emanuela Loi, Medaglia d\u2019Oro al Valor Civile, barbaramente trucidata con il giudice Paolo Borsellino e con i colleghi del servizio di scorta\u00a0<a rel=\"noreferrer noopener\" href=\"https:\/\/it.wikipedia.org\/wiki\/Walter_Eddie_Cosina\" target=\"_blank\">Walter Eddie Cosina<\/a>,\u00a0<a rel=\"noreferrer noopener\" href=\"https:\/\/it.wikipedia.org\/wiki\/Agostino_Catalano_(poliziotto)\" target=\"_blank\">Agostino Catalano<\/a>,\u00a0<a rel=\"noreferrer noopener\" href=\"https:\/\/it.wikipedia.org\/wiki\/Claudio_Traina\" target=\"_blank\">Claudio Traina<\/a>\u00a0e\u00a0<a rel=\"noreferrer noopener\" href=\"https:\/\/it.wikipedia.org\/wiki\/Vincenzo_Li_Muli\" target=\"_blank\">Vincenzo Li Muli<\/a>, in un proditorio agguato di stampo mafioso. Erano presenti anche la sorella Claudia, il fratello Marcello e la nipote Emanuela.\u00a0\u00a0<\/p>\n\n\n\n<p>Emanuela non aveva ancora compiuto 25 anni ed \u00e8 stata una delle prime donne ad essere preposta ad un servizio di scorta.<\/p>\n\n\n\n<p>Era il mese di giugno del 1992 quando ricevette quell\u2019importante incarico. Per lei era un onore giovane, sorridente, coraggiosa e piena di vita come era, contribuire alla salvaguardia dell\u2019incolumit\u00e0 di un uomo delle Istituzioni impegnato in prima linea nella lotta alla criminalit\u00e0 di stampo mafioso.&nbsp; Tanti i sogni e tanti i progetti coltivati insieme alla voglia di rendersi utile per gli altri. Il suo esempio e la sua vita spezzata prematuramente hanno colpito profondamente i piccoli studenti della Scuola primaria di Sinnai, che nel ricordo del sacrificio di Emanuela, hanno compiuto un percorso di educazione alla legalit\u00e0, promosso dalla Scuola e curato dalla Polizia di Stato.<\/p>\n\n\n\n<p>La cerimonia di stamattina, organizzata grazie al contributo dell\u2019Amministrazione Comunale di Sinnai, ha rappresentato un\u2019importante tappa nel cammino di questi giovani alunni, un\u2019occasione di crescita impreziosita dall\u2019incontro con il massimo rappresentante del Dipartimento di Pubblica Sicurezza, al quale non hanno mancato di rivolgere domande.<\/p>\n\n\n\n<p>A Emanuela hanno voluto dedicare una targa che \u00e8 stata posizionata ai piedi di un ulivo per la circostanza piantato nei giorni scorsi in una vicina area comunale adibita a verde pubblico. A scoprirla, sulle note del \u201cSilenzio\u201d, il Prefetto Lamberto Giannini, il Sindaco Tarcisio Anedda e Emanuela Loi, omonima nipote dell\u2019agente caduto.<\/p>\n\n\n\n<p>Tra gli applausi delle autorit\u00e0 presenti, i bambini hanno liberato in volo dei palloncini bianchi, segno di elevazione degli ideali di legalit\u00e0 e giustizia rispetto alle mafie e a tutte le forme di criminalit\u00e0, con il pensiero continuamente rivolto a chi ha sacrificato la vita per il bene comune. Com<\/p>\n","protected":false},"excerpt":{"rendered":"<p>Cagliari, 7 Giu 2021 &#8211; Stamattina il Capo della Polizia, Direttore Generale della Pubblica Sicurezza, Prefetto Lamberto Giannini, accompagnato dal Questore di Cagliari, ha incontrato&#8230;<\/p>\n","protected":false},"author":2,"featured_media":165935,"comment_status":"closed","ping_status":"open","sticky":false,"template":"","format":"standard","meta":[],"categories":[49,55],"tags":[],"_links":{"self":[{"href":"https:\/\/www.cronacaonline.it\/index.php\/wp-json\/wp\/v2\/posts\/207667"}],"collection":[{"href":"https:\/\/www.cronacaonline.it\/index.php\/wp-json\/wp\/v2\/posts"}],"about":[{"href":"https:\/\/www.cronacaonline.it\/index.php\/wp-json\/wp\/v2\/types\/post"}],"author":[{"embeddable":true,"href":"https:\/\/www.cronacaonline.it\/index.php\/wp-json\/wp\/v2\/users\/2"}],"replies":[{"embeddable":true,"href":"https:\/\/www.cronacaonline.it\/index.php\/wp-json\/wp\/v2\/comments?post=207667"}],"version-history":[{"count":1,"href":"https:\/\/www.cronacaonline.it\/index.php\/wp-json\/wp\/v2\/posts\/207667\/revisions"}],"predecessor-version":[{"id":207668,"href":"https:\/\/www.cronacaonline.it\/index.php\/wp-json\/wp\/v2\/posts\/207667\/revisions\/207668"}],"wp:featuredmedia":[{"embeddable":true,"href":"https:\/\/www.cronacaonline.it\/index.php\/wp-json\/wp\/v2\/media\/165935"}],"wp:attachment":[{"href":"https:\/\/www.cronacaonline.it\/index.php\/wp-json\/wp\/v2\/media?parent=207667"}],"wp:term":[{"taxonomy":"category","embeddable":true,"href":"https:\/\/www.cronacaonline.it\/index.php\/wp-json\/wp\/v2\/categories?post=207667"},{"taxonomy":"post_tag","embeddable":true,"href":"https:\/\/www.cronacaonline.it\/index.php\/wp-json\/wp\/v2\/tags?post=207667"}],"curies":[{"name":"wp","href":"https:\/\/api.w.org\/{rel}","templated":true}]}}