{"id":207647,"date":"2021-06-07T09:53:22","date_gmt":"2021-06-07T07:53:22","guid":{"rendered":"https:\/\/www.cronacaonline.it\/?p=207647"},"modified":"2021-06-07T09:53:23","modified_gmt":"2021-06-07T07:53:23","slug":"da-oggi-sette-giugno-altre-4-regioni-in-zona-bianca-gli-immunizzati-sono-oltre-13-milioni-le-altre-regioni-italiane-lo-diventeranno-da-lunedi-14-giugno","status":"publish","type":"post","link":"https:\/\/www.cronacaonline.it\/index.php\/2021\/06\/07\/da-oggi-sette-giugno-altre-4-regioni-in-zona-bianca-gli-immunizzati-sono-oltre-13-milioni-le-altre-regioni-italiane-lo-diventeranno-da-lunedi-14-giugno\/","title":{"rendered":"Da oggi sette giugno altre 4 regioni in zona bianca. Gli immunizzati sono oltre 13 milioni. Le altre regioni italiane lo diventeranno da luned\u00ec 14 giugno."},"content":{"rendered":"\n<p>Roma, 7 Giu 2021 - Quella di oggi rappresenta un'altra giornata di svolta nel lungo cammino sulla via della normalit\u00e0. Altre quattro regioni tornano infatti in zona bianca e vedono la fine del coprifuoco cos\u00ec come lo stop alle restrizioni dell'orario dei locali pubblici, mentre nelle regioni gialle il coprifuoco scatter\u00e0 alla mezzanotte e non pi\u00f9 alle 23. Dopo Sardegna, Friuli Venezia Giulia e Molise, anche Liguria, Veneto, Umbria e Abruzzo entrano nella fascia minore di rischio, che comunque non esenta dal rispetto di due misure di sicurezza ritenute tuttora prioritarie: l'uso delle mascherine e il distanziamento. Va sottolineato che le discoteche restano chiuse anche in zona bianca e non \u00e8 ancora possibile organizzare liberamente feste private. Il 14 giugno si coloreranno di bianco anche Lombardia, Lazio, Piemonte, Puglia, Emilia Romagna e Provincia di Trento, il 21 giugno toccher\u00e0 a Sicilia, Marche, Toscana, Calabria, Campania e Provincia di Bolzano e a questa data tutta Italia dovrebbe poter dare l'addio al coprifuoco.<\/p>\n\n\n\n<p>Complessivamente, quindi, la ripartizione delle Regioni e Province Autonome nelle diverse aree in base ai livelli di rischio a partire da luned\u00ec vede nessun territorio in zona rossa n\u00e9 arancione; Basilicata, Calabria, Campania, Emilia Romagna, Lazio, Lombardia, Marche, Piemonte, Provincia Autonoma di Bolzano, Provincia Autonoma di Trento, Puglia, Sicilia, Toscana e Valle d'Aosta in area gialla; Abruzzo, Friuli Venezia Giulia, Liguria, Molise, Sardegna, Umbria, Veneto in area bianca.<\/p>\n\n\n\n<p>Inizia il conto alla rovescia per il superamento del coprifuoco. Da oggi il limite per il rientro a casa slitta a mezzanotte, ultima tappa prima del superamento completo della misura, fissato dall'ultimo dl riaperture al 21 giugno. La data da cerchiare sul calendario \u00e8 dunque il primo giorno d'estate, quando non ci saranno limiti orari per la prima volta in Italia dopo il 3 novembre 2020, oltre sette mesi fa, quando in piena seconda ondata fu istituito il coprifuoco dalle 22 alle 5, spostato poi il mese scorso alle 23. Ma tutto questo riguarda solo le regioni gialle: in zona bianca il coprifuoco gi\u00e0 non esiste pi\u00f9.<\/p>\n\n\n\n<p>Concluse le lezioni in Emilia Romagna, Marche, Veneto e Molise, partono gi\u00e0 da oggi gli esami di terza media per circa 570 mila studenti, e quest'anno, a differenza dello scorso, saranno in presenza. Per 1 su 4 le prove inizieranno subito dopo la fine delle lezioni ma l'attesa sar\u00e0 abbastanza breve per quasi tutti, visto che per un altro 55% gli esami inizieranno dalla settimana successiva (dal 14 giugno in poi) e solo 1 su 5 dovr\u00e0 aspettare la seconda parte del mese.<\/p>\n\n\n\n<p>Intanto sono 37.671.984 le somministrazioni di vaccino anti Covid-19 effettuate in Italia, secondo l'ultimo dato pubblicato sul sito del Ministero della Salute, aggiornato alle 6.07 di oggi. Sono quindi 590.661 le dosi iniettate nelle ultime 24 ore dopo il record di venerd\u00ec di 607.041 somministrazioni. Sono 13.028.350&nbsp;le persone che hanno completato il ciclo vaccinale. Rispetto alle dosi consegnate (quasi 42 milioni) la percentuale di sieri somministrati \u00e8 dell'89,7%. La Lombardia ha somministrato 6.529.143 dosi.<\/p>\n\n\n\n<p>\"Verosimilmente per settembre-ottobre avremo tre quarti di popolazione con vaccinazione fatta\" e questo \"significa aver raggiunto quella che \u00e8 la protezione di gregge\" ha detto venerd\u00ec il sottosegretario alla Salute, Pierpaolo Sileri, in un'intervista a Vista. \"\u00c8 chiaro che mancano ancora fasce di et\u00e0 che non sono vaccinabili, ad esempio tutti gli under 12, peri quali non vi \u00e8 il vaccino. Ma aver fatto 3\/4 della popolazione adulta e di coloro tra i 12 e i 16 anni significa aver protetto l'intera popolazione\".<\/p>\n\n\n\n<p>\"Sei milioni e mezzo di cittadini prenotati, siamo al 70% di prime dosi somministrate a chi ha aderito alla campagna: oltre 4,3 milioni. Secondo le indicazioni scientifiche abbiamo raggiunto l\u2019immunit\u00e0 di comunit\u00e0\". Cos\u00ec al Corriere della Sera Letizia Moratti, vicepresidente e assessore al Welfare della Lombardia. \"Diciamo che ci avviciniamo all\u2019alba. Dobbiamo stare ancora molto attenti alle nuove varianti e anche alle possibili future pandemie. Per\u00f2 abbiamo raggiunto risultati positivi nella campagna di vaccinazione e tutti gli indicatori ci collocano in fascia bianca. Ora contiamo sul fatto che la situazione si confermi nella prossima settimana e dal 14 giugno potremo riaprire completamente\", ha aggiunto.&nbsp;<\/p>\n\n\n\n<p>Una ragazza di 18 anni che si era sottoposta a vaccinazione anti Covid con il vaccino Astrazeneca, il 25 maggio scorso, \u00e8 ricoverata nel reparto di neurochirurgia del policlinico san Martino di Genova per emorragia cerebrale. Lo rendono noto la Regione e Alisa, l'Agenzia ligure per la sanit\u00e0. Per la giovane la diagnosi \u00e8 di \"trombosi seno cavernoso\" ed \u00e8 ha subito due interventi chirurgici.<\/p>\n\n\n\n<p>La giovane \u00e8 stata vaccinata nella Asl di residenza \"dopo anamnesi vaccinale negativa\". \"Il 3 giugno si \u00e8 recata in pronto soccorso con cefalea e fotofobia, sottoposta a tac cerebrale ed esame neurologico, entrambi negativi. \u00c8 stata dimessa con raccomandazione di ripetere gli esami ematici dopo 15 giorni\", dicono Regione e Alisa ricostruendo la vicenda. \"Il 5 giugno \u00e8 tornata in pronto soccorso con deficit motori a un emilato. Sottoposta a Tac cerebrale con esito emorragico, \u00e8 stata immediatamente trasferita alla Neurochirurgia del San Martino\".<\/p>\n\n\n\n<p>La Direzione del Policlinico ha attivato le previste segnalazioni nell'ambito delle procedure di farmacovigilanza verso Aifa.<\/p>\n\n\n\n<p>\"Preghiamo e siamo vicini alla ragazza di 18 anni ricoverata in neurochirurgia all'ospedale San Martino di Genova a pochi giorni dalla somministrazione volontaria del vaccino AstraZeneca. Da tutto il giorno siamo in contatto con i nostri medici che stanno lavorando senza sosta in sala operatoria per salvarle la vita: dopo un primo intervento per rimuovere il trombo, \u00e8 in corso adesso una seconda operazione. Tutta la Liguria si stringe intorno alla famiglia della ragazza, che \u00e8 rimasta costantemente al suo fianco in ospedale\" ha scritto su Facebook il presidente della Regione Liguria, Giovanni Toti.<\/p>\n","protected":false},"excerpt":{"rendered":"<p>Roma, 7 Giu 2021 &#8211; Quella di oggi rappresenta un&#8217;altra giornata di svolta nel lungo cammino sulla via della normalit\u00e0. Altre quattro regioni tornano infatti&#8230;<\/p>\n","protected":false},"author":2,"featured_media":205334,"comment_status":"closed","ping_status":"open","sticky":false,"template":"","format":"standard","meta":[],"categories":[49,51],"tags":[],"_links":{"self":[{"href":"https:\/\/www.cronacaonline.it\/index.php\/wp-json\/wp\/v2\/posts\/207647"}],"collection":[{"href":"https:\/\/www.cronacaonline.it\/index.php\/wp-json\/wp\/v2\/posts"}],"about":[{"href":"https:\/\/www.cronacaonline.it\/index.php\/wp-json\/wp\/v2\/types\/post"}],"author":[{"embeddable":true,"href":"https:\/\/www.cronacaonline.it\/index.php\/wp-json\/wp\/v2\/users\/2"}],"replies":[{"embeddable":true,"href":"https:\/\/www.cronacaonline.it\/index.php\/wp-json\/wp\/v2\/comments?post=207647"}],"version-history":[{"count":1,"href":"https:\/\/www.cronacaonline.it\/index.php\/wp-json\/wp\/v2\/posts\/207647\/revisions"}],"predecessor-version":[{"id":207648,"href":"https:\/\/www.cronacaonline.it\/index.php\/wp-json\/wp\/v2\/posts\/207647\/revisions\/207648"}],"wp:featuredmedia":[{"embeddable":true,"href":"https:\/\/www.cronacaonline.it\/index.php\/wp-json\/wp\/v2\/media\/205334"}],"wp:attachment":[{"href":"https:\/\/www.cronacaonline.it\/index.php\/wp-json\/wp\/v2\/media?parent=207647"}],"wp:term":[{"taxonomy":"category","embeddable":true,"href":"https:\/\/www.cronacaonline.it\/index.php\/wp-json\/wp\/v2\/categories?post=207647"},{"taxonomy":"post_tag","embeddable":true,"href":"https:\/\/www.cronacaonline.it\/index.php\/wp-json\/wp\/v2\/tags?post=207647"}],"curies":[{"name":"wp","href":"https:\/\/api.w.org\/{rel}","templated":true}]}}