{"id":207611,"date":"2021-06-05T16:51:09","date_gmt":"2021-06-05T14:51:09","guid":{"rendered":"https:\/\/www.cronacaonline.it\/?p=207611"},"modified":"2021-06-05T16:51:11","modified_gmt":"2021-06-05T14:51:11","slug":"g7-a-londra-i-ministri-delle-finanze-raggiungono-storico-accordo-su-tassazione-globale","status":"publish","type":"post","link":"https:\/\/www.cronacaonline.it\/index.php\/2021\/06\/05\/g7-a-londra-i-ministri-delle-finanze-raggiungono-storico-accordo-su-tassazione-globale\/","title":{"rendered":"G7 a Londra, i ministri delle Finanze raggiungono storico accordo su tassazione globale."},"content":{"rendered":"\n<p>Londra, 5 Giu 2021 - I ministri finanziari del G7 riuniti a Londra hanno raggiunto un accordo per impegnarsi a introdurre, paese per paese, una tassazione minima globale di almeno il 15%.<\/p>\n\n\n\n<p>Il ministro delle Finanze del Regno Unito, Rishi Sunak spiega che l'intesa prevede una aliquota minima di \"almeno il 15%\" in ogni Paese, con riferimento alle mega imprese con margini superiori al 10%.<\/p>\n\n\n\n<p>Secondo il ministro britannico, il 20% dei profitti superiori a questo 10% di margini sar\u00e0 riallocato nei Paesi dove vengono realizzate le vendite. Sunak ha aggiunto che la necessit\u00e0 di tasse nazionali sui servizi digitali scomparir\u00e0 una volta che la soluzione globale sar\u00e0 in atto.<\/p>\n\n\n\n<p>\"Dopo anni di discussioni, i ministri delle finanze del G7 hanno raggiunto un accordo storico per riformare il sistema fiscale globale per adattarlo all'era digitale globale\", ha detto ai giornalisti.<\/p>\n\n\n\n<p>\"Ci impegniamo - si legge nel comunicato finale - a raggiungere una soluzione equa sull'assegnazione dei diritti di imposizione\". \"Provvederemo ad un adeguato coordinamento tra l'applicazione delle nuove norme fiscali internazionali e l'eliminazione di tutte le tasse sui servizi digitali, e altre pertinenti misure simili, su tutte le societ\u00e0\".&nbsp;<\/p>\n\n\n\n<p>La proposta del G7 finanze sulla tassazione delle imprese si basa su \"due pilastri\": un'aliquota minima di \"almeno il 15%\" per tutte le multinazionali e l'intenzione di tassare il 20% della quota eccedente il 10% dei profitti nei Paesi in cui vengono realizzati. Lo ha spiegato il ministro dell'Economia, Daniele Franco, a margine della riunione a Londra, precisando che la proposta sar\u00e0 discussa \"in sede G20\" a luglio a Venezia, con la prospettiva di essere allargata. Franco ha precisato che l'attuazione tecnica richieder\u00e0 \"alcuni anni\".<\/p>\n\n\n\n<p>Quando diverr\u00e0 operativa sar\u00e0 accompagnata dal superamento della digital Tax, dove gi\u00e0 in vigore. C'\u00e8 totale consenso, tra i Paesi del G7, sulla necessit\u00e0 di \"politiche economiche espansive per tutto il tempo che servir\u00e0\" per uscire dalla crisi creata dalla pandemia, ha detto Daniele Franco. Anche la Germania \u00e8 sulla stessa lunghezza d'onda, ha precisato il ministro, come dimostra il suo contributo al Next generation Eu, al di l\u00e0 del fatto che \"una volta superata la recessione, i deficit andranno poi gradualmente ridotti\", secondo programmi che sono anche del governo italiano.<\/p>\n\n\n\n<p>\"Oggi a Londra abbiamo compiuto un grande passo verso un accordo globale senza precedenti sulla riforma della tassazione delle imprese. \u00c8 stato un incontro molto positivo che ci ha permesso di costruire ponti su questioni cruciali\". Cos\u00ec il commissario Paolo Gentiloni. \"Le possibilit\u00e0 di un accordo globale sono notevolmente aumentate. Ora dobbiamo fare l'ultimo miglio per espandere questo consenso ai membri del G20 e a tutti i paesi coinvolti nel quadro inclusivo dell'Ocse. La Commissione contribuir\u00e0 attivamente a queste discussioni multilaterali in corso per garantire il raggiungimento di un accordo ambizioso a luglio\", conclude.<\/p>\n\n\n\n<p>\"Siamo a un traguardo storico, per cui ci stiamo battendo tanto\". Lo scrive il ministro degli Esteri, Luigi Di Maio, su Facebook sull'accordo raggiunto al G7 Finanze sulla tassazione per le multinazionali. Si tratta di \"una misura giusta, che crea finalmente una situazione di equilibrio a favore delle nostre imprese, soprattutto nei confronti di quelle multinazionali che hanno sede nei paradisi fiscali. Queste nuove condizioni daranno una forte spinta al nostro Paese\", ha aggiunto.<\/p>\n\n\n\n<p>\"Dobbiamo uscire dalla crisi del Covid-19 con maggiore uguaglianza. L'accordo al G7 sulla tassazione globale delle multinazionali va nella giusta direzione\", scrive su Twitter il presidente del Parlamento europeo David Sassoli, \"L'Europarlamento e l'Unione europea faranno la loro parte\", aggiunge Sassoli.&nbsp;<\/p>\n\n\n\n<p>Il ministro delle Finanze francese, Bruno Le Maire, sostiene, via Twitter, che l'accordo fiscale raggiunto oggi a Londra dai ministri finanziari del G7 di impegnarsi a un'imposta globale minima sulle societ\u00e0 di almeno il 15% \u00e8 un \"punto di partenza\". Inoltre Le Maire si impegna a lottare per aumentarlo ulteriormente. \"Questo \u00e8 un punto di partenza - ha detto - e nei prossimi mesi lotteremo per garantire che questa aliquota minima dell'imposta sulle societ\u00e0 sia la pi\u00f9 alta possibile\".<\/p>\n\n\n\n<p>In una nota la segretaria al Tesoro Usa Janet Yellen ha dichiarato: I ministri delle Finanze del G7 hanno preso, con l'accordo su&nbsp;un'aliquota minima globale del 15%, un \"impegno senza precedenti che metter\u00e0 fine alla corsa al ribasso nella tassazione aziendale, assicurando equit\u00e0 per i lavoratori negli Stati Uniti e in tutto il mondo\".<\/p>\n","protected":false},"excerpt":{"rendered":"<p>Londra, 5 Giu 2021 &#8211; I ministri finanziari del G7 riuniti a Londra hanno raggiunto un accordo per impegnarsi a introdurre, paese per paese, una&#8230;<\/p>\n","protected":false},"author":2,"featured_media":207612,"comment_status":"closed","ping_status":"open","sticky":false,"template":"","format":"standard","meta":[],"categories":[49,51],"tags":[],"_links":{"self":[{"href":"https:\/\/www.cronacaonline.it\/index.php\/wp-json\/wp\/v2\/posts\/207611"}],"collection":[{"href":"https:\/\/www.cronacaonline.it\/index.php\/wp-json\/wp\/v2\/posts"}],"about":[{"href":"https:\/\/www.cronacaonline.it\/index.php\/wp-json\/wp\/v2\/types\/post"}],"author":[{"embeddable":true,"href":"https:\/\/www.cronacaonline.it\/index.php\/wp-json\/wp\/v2\/users\/2"}],"replies":[{"embeddable":true,"href":"https:\/\/www.cronacaonline.it\/index.php\/wp-json\/wp\/v2\/comments?post=207611"}],"version-history":[{"count":1,"href":"https:\/\/www.cronacaonline.it\/index.php\/wp-json\/wp\/v2\/posts\/207611\/revisions"}],"predecessor-version":[{"id":207613,"href":"https:\/\/www.cronacaonline.it\/index.php\/wp-json\/wp\/v2\/posts\/207611\/revisions\/207613"}],"wp:featuredmedia":[{"embeddable":true,"href":"https:\/\/www.cronacaonline.it\/index.php\/wp-json\/wp\/v2\/media\/207612"}],"wp:attachment":[{"href":"https:\/\/www.cronacaonline.it\/index.php\/wp-json\/wp\/v2\/media?parent=207611"}],"wp:term":[{"taxonomy":"category","embeddable":true,"href":"https:\/\/www.cronacaonline.it\/index.php\/wp-json\/wp\/v2\/categories?post=207611"},{"taxonomy":"post_tag","embeddable":true,"href":"https:\/\/www.cronacaonline.it\/index.php\/wp-json\/wp\/v2\/tags?post=207611"}],"curies":[{"name":"wp","href":"https:\/\/api.w.org\/{rel}","templated":true}]}}