{"id":207564,"date":"2021-06-04T19:12:27","date_gmt":"2021-06-04T17:12:27","guid":{"rendered":"https:\/\/www.cronacaonline.it\/?p=207564"},"modified":"2021-06-04T19:12:29","modified_gmt":"2021-06-04T17:12:29","slug":"recovery-il-consiglio-dei-ministri-approva-norma-ponte-su-assegno-unico","status":"publish","type":"post","link":"https:\/\/www.cronacaonline.it\/index.php\/2021\/06\/04\/recovery-il-consiglio-dei-ministri-approva-norma-ponte-su-assegno-unico\/","title":{"rendered":"Recovery: il Consiglio dei ministri approva norma ponte su assegno unico."},"content":{"rendered":"\n<p>Roma, 4 Giu 2021 - A quanto si apprende da fonti di governo,\u00a0il Consiglio dei ministri in corso a Palazzo Chigi ha dato il via\u00a0libera alla norma ponte per l'assegno unico alle famiglie, che\u00a0consente di renderlo valido da luglio a dicembre 2021 (poi la misura\u00a0diventer\u00e0 strutturale e pi\u00f9 estesa) per chi non goda gi\u00e0 di\u00a0assegni familiari e con un Isee che non dovrebbe superare il tetto dei\u00a050mila euro.<\/p>\n\n\n\n<p>Il Cdm, ancora in corso, a breve dovrebbe dare il disco verde anche al dl&nbsp;reclutamento, riferiscono le stesse fonti.<\/p>\n\n\n\n<p>Era una norma attesa, inserita nell'ordine del giorno dei lavori insieme al&nbsp;decreto per il reclutamento della Pubblica amministrazione, con migliaia di assunzioni legate al Pnrr.<\/p>\n\n\n\n<p>Nella convocazione inviata ai ministri \u00e8 stato confermato quanto trapelato ieri: le \"misure urgenti in materia di assegno temporaneo per i figli minori\" valide da luglio a dicembre 2021 saranno approvate oggi. L'intento del governo \u00e8 per garantire per quest'anno l'assegno alle famiglie che oggi non godano di aiuti per i figli, come quelle degli autonomi fino a 50mila euro di isee, e poi estendere la misura a tutte le famiglie nel 2022.<\/p>\n\n\n\n<p>Una riforma per rafforzare il sostegno economico alle famiglie: dopo una fase transitoria di sei mesi, il prossimo gennaio si arriver\u00e0 alla misura definitiva.<\/p>\n\n\n\n<p>\"Il Consiglio dei ministri dovr\u00e0 varare il terzo elemento del trittico governance, semplificazione, reclutamento\", le prime tre di \"40 riforme\" che vanno fatte per il piano di recupero. Ha affermato il ministro Renato Brunetta intervenendo al Festival dell'economia di Trento.<\/p>\n\n\n\n<p>Se non realizziamo tutto il pacchetto delle 40\" riforme \"nei tempi prestabiliti, il contratto\" con l'Europa per il Pnrr \"viene stracciato, non avremo un euro e probabilmente non riusciremo a spendere neanche gli altri 30 miliardi\" nazionali - aggiunge Brunetta.<\/p>\n\n\n\n<p>Un nuovo decreto legge dedicato a&nbsp;infrastrutture e trasporti: \u00e8 questo, secondo quanto si apprende&nbsp;da fonti ministeriali, uno dei prossimi impegni del governo una&nbsp;volta archiviata la prima tranche di riforme legate al Piano di Recupero (semplificazioni, governance e reclutamento).<\/p>\n\n\n\n<p>Gli uffici del Mims stanno lavorando a un nuovo testo che,&nbsp;viene riferito, dovrebbe contenere una serie di misure, anche&nbsp;micro, che dovrebbero anche rispondere a sollecitazioni arrivate&nbsp;dal parlamento attraverso l'approvazione di ordini del giorno. L'obiettivo, al momento, sarebbe quello di portare il testo&nbsp;in Consiglio dei ministri la prossima settimana.<\/p>\n","protected":false},"excerpt":{"rendered":"<p>Roma, 4 Giu 2021 &#8211; A quanto si apprende da fonti di governo,\u00a0il Consiglio dei ministri in corso a Palazzo Chigi ha dato il via\u00a0libera&#8230;<\/p>\n","protected":false},"author":2,"featured_media":188638,"comment_status":"closed","ping_status":"open","sticky":false,"template":"","format":"standard","meta":[],"categories":[49,50],"tags":[],"_links":{"self":[{"href":"https:\/\/www.cronacaonline.it\/index.php\/wp-json\/wp\/v2\/posts\/207564"}],"collection":[{"href":"https:\/\/www.cronacaonline.it\/index.php\/wp-json\/wp\/v2\/posts"}],"about":[{"href":"https:\/\/www.cronacaonline.it\/index.php\/wp-json\/wp\/v2\/types\/post"}],"author":[{"embeddable":true,"href":"https:\/\/www.cronacaonline.it\/index.php\/wp-json\/wp\/v2\/users\/2"}],"replies":[{"embeddable":true,"href":"https:\/\/www.cronacaonline.it\/index.php\/wp-json\/wp\/v2\/comments?post=207564"}],"version-history":[{"count":1,"href":"https:\/\/www.cronacaonline.it\/index.php\/wp-json\/wp\/v2\/posts\/207564\/revisions"}],"predecessor-version":[{"id":207565,"href":"https:\/\/www.cronacaonline.it\/index.php\/wp-json\/wp\/v2\/posts\/207564\/revisions\/207565"}],"wp:featuredmedia":[{"embeddable":true,"href":"https:\/\/www.cronacaonline.it\/index.php\/wp-json\/wp\/v2\/media\/188638"}],"wp:attachment":[{"href":"https:\/\/www.cronacaonline.it\/index.php\/wp-json\/wp\/v2\/media?parent=207564"}],"wp:term":[{"taxonomy":"category","embeddable":true,"href":"https:\/\/www.cronacaonline.it\/index.php\/wp-json\/wp\/v2\/categories?post=207564"},{"taxonomy":"post_tag","embeddable":true,"href":"https:\/\/www.cronacaonline.it\/index.php\/wp-json\/wp\/v2\/tags?post=207564"}],"curies":[{"name":"wp","href":"https:\/\/api.w.org\/{rel}","templated":true}]}}