{"id":207531,"date":"2021-06-04T06:29:51","date_gmt":"2021-06-04T04:29:51","guid":{"rendered":"https:\/\/www.cronacaonline.it\/?p=207531"},"modified":"2021-06-04T06:29:52","modified_gmt":"2021-06-04T04:29:52","slug":"servizi-a-mancini-lincontro-con-renzi-non-gli-ha-portato-bene-e-i-servizi-lo-mandano-in-pensione-da-1-luglio","status":"publish","type":"post","link":"https:\/\/www.cronacaonline.it\/index.php\/2021\/06\/04\/servizi-a-mancini-lincontro-con-renzi-non-gli-ha-portato-bene-e-i-servizi-lo-mandano-in-pensione-da-1-luglio\/","title":{"rendered":"Servizi,  a Mancini l&#8217;incontro con Renzi non gli ha portato bene e i servizi lo mandano in pensione da 1 luglio."},"content":{"rendered":"\n<p>Roma, 4 Giu 2021 - Marco Mancini va in pensione. Secondo quanto si apprende da fonti qualificate, l'agente dei servizi segreti nell'occhio del ciclone per l'incontro all'autogrill con Matteo Renzi - trasmesso dalla trasmissione Report - firmer\u00e0 per andare in pensione a met\u00e0 luglio all'et\u00e0 di 60 anni.<\/p>\n\n\n\n<p>Infatti, una delle spie tristemente famose in Italia, dopo 37 anni, la storia di&nbsp;Marco Mancini&nbsp;nei servizi segreti italiani sta per finire.&nbsp;L'uomo al centro dei fatti pi\u00f9 controversi degli ultimi decenni del nostro Paese a met\u00e0 luglio firmer\u00e0 per andare in pensione. Una scelta dettata dalla necessit\u00e0 pi\u00f9 che dalla et\u00e0: gli era stato comunicato, infatti, che avrebbe potuto chiudere la carriera tornando nei carabinieri, con il grado di maresciallo, dove si era arruolato nel 1979. L\u2019uomo certamente non pensava di andare in pensione in questo momento e sperava di finire in un altro modo: con la vice direzione di una delle agenzie di sicurezza, ruolo che \u00e8 stato a un passo dal ricoprire. Soprattutto negli ultimi mesi del governo Conte quando, anche grazie all'appoggio dell'allora direttore&nbsp;Gennaro Vecchione, era candidato al posto di numero 2 del Dis.<\/p>\n\n\n\n<p>Poi il fatto che ha fatto s\u00ec che arrivasse la scivolata finale \u00e8 arrivata con&nbsp;l'incontro della vigilia di Natale, in un autogrill fuori Roma, con&nbsp;Matteo Renzi. L'ex premier ha raccontato che era stata soltanto questione di convenevoli, una versione a cui hanno creduto in pochi, non fosse altro che per la delicatezza del momento. Il governo Conte era in bilico. E Renzi l'uomo che lo faceva ballare. Chiamato a rispondere al Copasir, Vecchione non \u00e8 stato in grado di dare una spiegazione plausibile. E proprio quella sua audizione \u00e8 stata tra le cause&nbsp;dell'avvicendamento a capo del Dis con Elisabetta Belloni, deciso dal premier&nbsp;Mario Draghi.<\/p>\n","protected":false},"excerpt":{"rendered":"<p>Roma, 4 Giu 2021 &#8211; Marco Mancini va in pensione. Secondo quanto si apprende da fonti qualificate, l&#8217;agente dei servizi segreti nell&#8217;occhio del ciclone per&#8230;<\/p>\n","protected":false},"author":2,"featured_media":207532,"comment_status":"closed","ping_status":"open","sticky":false,"template":"","format":"standard","meta":[],"categories":[49,51],"tags":[],"_links":{"self":[{"href":"https:\/\/www.cronacaonline.it\/index.php\/wp-json\/wp\/v2\/posts\/207531"}],"collection":[{"href":"https:\/\/www.cronacaonline.it\/index.php\/wp-json\/wp\/v2\/posts"}],"about":[{"href":"https:\/\/www.cronacaonline.it\/index.php\/wp-json\/wp\/v2\/types\/post"}],"author":[{"embeddable":true,"href":"https:\/\/www.cronacaonline.it\/index.php\/wp-json\/wp\/v2\/users\/2"}],"replies":[{"embeddable":true,"href":"https:\/\/www.cronacaonline.it\/index.php\/wp-json\/wp\/v2\/comments?post=207531"}],"version-history":[{"count":1,"href":"https:\/\/www.cronacaonline.it\/index.php\/wp-json\/wp\/v2\/posts\/207531\/revisions"}],"predecessor-version":[{"id":207534,"href":"https:\/\/www.cronacaonline.it\/index.php\/wp-json\/wp\/v2\/posts\/207531\/revisions\/207534"}],"wp:featuredmedia":[{"embeddable":true,"href":"https:\/\/www.cronacaonline.it\/index.php\/wp-json\/wp\/v2\/media\/207532"}],"wp:attachment":[{"href":"https:\/\/www.cronacaonline.it\/index.php\/wp-json\/wp\/v2\/media?parent=207531"}],"wp:term":[{"taxonomy":"category","embeddable":true,"href":"https:\/\/www.cronacaonline.it\/index.php\/wp-json\/wp\/v2\/categories?post=207531"},{"taxonomy":"post_tag","embeddable":true,"href":"https:\/\/www.cronacaonline.it\/index.php\/wp-json\/wp\/v2\/tags?post=207531"}],"curies":[{"name":"wp","href":"https:\/\/api.w.org\/{rel}","templated":true}]}}