{"id":207407,"date":"2021-06-01T14:05:48","date_gmt":"2021-06-01T12:05:48","guid":{"rendered":"https:\/\/www.cronacaonline.it\/?p=207407"},"modified":"2021-06-01T14:05:49","modified_gmt":"2021-06-01T12:05:49","slug":"il-primo-ministro-italiano-mario-draghi-fase-nuova-per-paese-piu-giusto-e-moderno-questitalia-e-viva-forte-e-ha-tanta-voglia-di-ripartire","status":"publish","type":"post","link":"https:\/\/www.cronacaonline.it\/index.php\/2021\/06\/01\/il-primo-ministro-italiano-mario-draghi-fase-nuova-per-paese-piu-giusto-e-moderno-questitalia-e-viva-forte-e-ha-tanta-voglia-di-ripartire\/","title":{"rendered":"Il primo ministro italiano Mario Draghi: &#8220;Fase nuova, per Paese pi\u00f9 giusto e moderno&#8221;. Quest&#8217;Italia \u00e8 viva, forte, e ha tanta voglia di ripartire."},"content":{"rendered":"\n<p>Fiorano (Modena), 1 Giu 2021 - Quest'Italia \u00e8 viva, forte, e ha tanta voglia di ripartire. I mesi della pandemia sono stati un disastro sanitario, economico, ma anche culturale, sociale, educativo. Le diseguaglianze sono aumentate \u2013 ha detto il primo ministro-. Ma, grazie ai sacrifici degli italiani e alla forte accelerazione della campagna vaccinale, abbiamo davanti una fase nuova. Una fase di ripresa e fiducia, su cui costruire un Paese pi\u00f9 giusto e pi\u00f9 moderno. E liberare le energie che sono rimaste ferme in questi anni.\"<\/p>\n\n\n\n<p>Draghi intervenendo da Spezzano di Fiorano (Mo),&nbsp;dove ha visitato gli impianti industriali di un complesso produttivo del distretto ceramico del Modenese.&nbsp;\"Grazie all'accelerazione della campagna vaccinale abbiamo avanti una fase nuova, di ripresa e fiducia su cui costruire un paese pi\u00f9 giusto e pi\u00f9 moderno. E liberare le energie contratte in questi anni. Questa opportunit\u00e0 che ci \u00e8 data oggi non \u00e8 tornare a una costruzione istituzionale prevalente prima della pandemia. Perch\u00e9 noi prima della pandemia crescevamo molto poco e il grande timore \u00e8 che finita la pandemia la ripresa non sia duratura\", ha aggiunto Draghi.<\/p>\n\n\n\n<p>\"Gli indici di fiducia delle imprese sono ai massimi da oltre tre anni. Gli imprenditori pianificano investimenti, segno che sono tornati a essere ottimisti. Le famiglie sono per ora un po' pi\u00f9 caute, ma anche qui ci sono forti segnali di miglioramento. L'Ocse ha appena rivisto al rialzo le sue previsioni per l'Italia. Il merito \u00e8 dei tanti distretti produttivi nazionali come il vostro, che in questi mesi difficili hanno sostenuto l'economia e oggi sono protagonisti della ripresa. Qui si produce circa il 90% della ceramica italiana. Nel primo trimestre di quest'anno, questa industria \u00e8 cresciuta di quasi il 9%, molto di pi\u00f9 della produzione manifatturiera. Il segreto di distretti come questo sta nella stretta collaborazione tra le imprese, nell'internazionalizzazione, nell'innovazione\", ha detto Draghi.&nbsp;\"Nel 2018 il vostro settore ha fatto investimenti per quasi il 10% del fatturato. \u00c8 un esempio virtuoso: in media, le imprese italiane spendono intorno al 3%. Ed \u00e8 un leader nel mondo: la produzione italiana di ceramica viene esportata per l'85%, per un valore di oltre 4,5 miliardi di euro, e copre circa un terzo del commercio internazionale del prodotto\", sottolinea il capo del governo.<\/p>\n\n\n\n<p>\"Il compito del governo per questa e tutte le realt\u00e0 produttive \u00e8 creare un ambiente dove le infrastrutture sono migliori, la formazione fatta bene, dove ci si sente parte della societ\u00e0, per investire e guardare al futuro. Il governo deve creare questo clima e aiutare le imprese come le vostre\", ha detto il premier Mario Draghi.&nbsp;\"Obiettivo del governo deve essere quello di assicurare le condizioni generali in cui possono crescere la produzione, l'occupazione e la prosperit\u00e0\", rimarca Draghi.<\/p>\n\n\n\n<p>\"Gli investimenti e le riforme del nostro Piano non impegnano solo il governo nazionale. Coinvolgono tutti i livelli di governo territoriale e ogni energia produttiva del Paese. Oggi siamo in un luogo di lavoro, di produzione, di successo. \u00c8 da qui che vogliamo partire per entrare insieme in questa stagione di ripresa e renderla duratura e sostenibile. Perci\u00f2 serve un'Italia unita nel desiderio di tornare a crescere e credere nel suo futuro\", ha detto il premier.<\/p>\n\n\n\n<p>\"Il decreto legge sulle semplificazioni approvato la settimana scorsa in Consiglio dei Ministri rappresenta, mi auguro, un cambio di passo essenziale per l'Italia.&nbsp; \u00c8 vasto e complesso. Riduce le incertezze e i tempi delle burocrazie. Anche il metodo \u00e8 stato incoraggiante, ha avuto il sostegno di sindacati, parti sociali, Regioni e vi ringrazio per questo\", ha detto Drgahi, intervenendo da Spezzano di Fiorano (Mo).&nbsp;\"Il decreto legge sulle semplificazioni approvato la settimana scorsa in Consiglio dei Ministri rappresenta, mi auguro, un cambio di passo essenziale per l'Italia.&nbsp; \u00c8 vasto e complesso. Riduce le incertezze e i tempi delle burocrazie. Anche il metodo \u00e8 stato incoraggiante, ha avuto il sostegno di sindacati, parti sociali, Regioni e vi ringrazio per questo\".<\/p>\n\n\n\n<p>\"Tutti gli enti internazionali stanno rivedendo al rialzo le previsione sull'economia italiana. Anche il tasso di occupazione \u00e8 in crescita, e questo \u00e8 molto importante perch\u00e9 siamo solo all'inizio\", ha detto il premier.<\/p>\n","protected":false},"excerpt":{"rendered":"<p>Fiorano (Modena), 1 Giu 2021 &#8211; Quest&#8217;Italia \u00e8 viva, forte, e ha tanta voglia di ripartire. I mesi della pandemia sono stati un disastro sanitario,&#8230;<\/p>\n","protected":false},"author":2,"featured_media":207408,"comment_status":"closed","ping_status":"open","sticky":false,"template":"","format":"standard","meta":[],"categories":[49,50],"tags":[],"_links":{"self":[{"href":"https:\/\/www.cronacaonline.it\/index.php\/wp-json\/wp\/v2\/posts\/207407"}],"collection":[{"href":"https:\/\/www.cronacaonline.it\/index.php\/wp-json\/wp\/v2\/posts"}],"about":[{"href":"https:\/\/www.cronacaonline.it\/index.php\/wp-json\/wp\/v2\/types\/post"}],"author":[{"embeddable":true,"href":"https:\/\/www.cronacaonline.it\/index.php\/wp-json\/wp\/v2\/users\/2"}],"replies":[{"embeddable":true,"href":"https:\/\/www.cronacaonline.it\/index.php\/wp-json\/wp\/v2\/comments?post=207407"}],"version-history":[{"count":1,"href":"https:\/\/www.cronacaonline.it\/index.php\/wp-json\/wp\/v2\/posts\/207407\/revisions"}],"predecessor-version":[{"id":207409,"href":"https:\/\/www.cronacaonline.it\/index.php\/wp-json\/wp\/v2\/posts\/207407\/revisions\/207409"}],"wp:featuredmedia":[{"embeddable":true,"href":"https:\/\/www.cronacaonline.it\/index.php\/wp-json\/wp\/v2\/media\/207408"}],"wp:attachment":[{"href":"https:\/\/www.cronacaonline.it\/index.php\/wp-json\/wp\/v2\/media?parent=207407"}],"wp:term":[{"taxonomy":"category","embeddable":true,"href":"https:\/\/www.cronacaonline.it\/index.php\/wp-json\/wp\/v2\/categories?post=207407"},{"taxonomy":"post_tag","embeddable":true,"href":"https:\/\/www.cronacaonline.it\/index.php\/wp-json\/wp\/v2\/tags?post=207407"}],"curies":[{"name":"wp","href":"https:\/\/api.w.org\/{rel}","templated":true}]}}