{"id":207266,"date":"2021-05-28T09:53:06","date_gmt":"2021-05-28T07:53:06","guid":{"rendered":"https:\/\/www.cronacaonline.it\/?p=207266"},"modified":"2021-05-28T09:53:08","modified_gmt":"2021-05-28T07:53:08","slug":"laddio-a-carla-fracci-oggi-la-camera-ardente-nel-foyer-della-scala","status":"publish","type":"post","link":"https:\/\/www.cronacaonline.it\/index.php\/2021\/05\/28\/laddio-a-carla-fracci-oggi-la-camera-ardente-nel-foyer-della-scala\/","title":{"rendered":"L&#8217;addio a Carla Fracci, oggi la camera ardente nel foyer della Scala."},"content":{"rendered":"\n<p>Milano, 28 Magg 2021 - Far\u00e0 il suo ingresso alle 11,30 nel foyer della Scala, la salma di Carla Fracci, spentasi ieri all'et\u00e0 di 84 anni. Nel teatro milanese verr\u00e0 quindi aperta la camera ardente che accoglier\u00e0 i visitatori fino alle 18. A voler dare l'ultimo tributo all'\u00e9toile al Piermarini \u00e8 stato lo stesso sovrintendente, Dominique Meyer. \"Una cosa che \u00e8 stata fatta pochissime volte, ma trattandosi di Carla Fracci che nell'ultimo secolo \u00e8 stata la ballerina pi\u00f9 importante del teatro, ma anche una stella importantissima nel cielo della danza internazionale, dobbiamo inchinarci davanti alla sua carriera\", ha spiegato ieri.<\/p>\n\n\n\n<p>\"Si sa - ha aggiunto - che nel mondo della danza la storia \u00e8 una catena di trasmissione da una generazione all'altra. E lei ha fatto questo lavoro di trasmissione da una generazione all'altra. \u00c8 nata qui nella scuola di ballo e ha fatto una carriera fantastica. E poi ultimamente \u00e8 venuta a fare dei corsi per preparare Giselle con i solisti attuali. Sono tutti commossi, anche gli orchestrali e i ragazzi del palcoscenico\".&nbsp; Domani i funerali, che si svolgeranno alle 14.45 nella basilica di San Marco, sempre a Milano.<\/p>\n\n\n\n<p>&nbsp;La ballerina assoluta La \"Prima ballerina assoluta\", come la defin\u00ec nel 1981 il New York Times, nella sua carriera ha interpretato oltre 150 ruoli nel balletto classico: dalla sua celeberrima Giselle alla commovente Giulietta, volteggiando nei pi\u00f9 grandi teatri, dalla Scala all'Opera di Parigi, dal London Festival Ballet al Sadler's Wells Ballet, ora noto come Royal Ballet, allo Stuttgart Ballet, fino al Royal Swedish Ballet. Dal '67, ospite dell'American Ballet Stuttgart Ballet. Ha ballato in coppia con Rudolf Nureyev,&nbsp;che incontr\u00f2 nel '63 e con cui strinse un sodalizio durato 20 anni, con Mikhail Baryshnikov, con Vladimir Vassiliev, con gli italiani Amedeo Amodio, Paolo Bortoluzzi, Roberto Bolle.<\/p>\n\n\n\n<p>Carla Fracci era nata il 20 agosto del 1936 a Milano. Iscritta a 10 anni dai genitori - suo padre era un tranviere, sua madre un'operaia - alla Scuola di Ballo del Teatro alla Scala, l'esile Carla all'inizio fece fatica a capire il senso dell'esercizio fisico continuo e dei sacrifici imposti dalle sue insegnanti, Vera Valkova, Edda Martignoni, Paolina Giussani. Ma a 12 anni comparve ne La bella addormentata con la grande Margot Fonteyn e con lei scopr\u00ec la passione per la danza. Il diploma arriv\u00f2 nel'54 e nel '55 debutt\u00f2 alla Scala. A 22 anni, nel '58 Cenerentola debutt\u00f2 alla Scala, dove tenne anche il suo ultimo spettacolo come protagonista della rinascita di Excelsior di Pippo Crivelli. Proprio nel ruolo della Luce in una ripresa di Excelsior ha calcato il palcoscenico del Piermarini per l'ultima volta nel 2000.<\/p>\n\n\n\n<p>&nbsp;La Scala \u00e8 stata \"la sua casa per 70 anni\" ricorda il sovrintendente Meyer. E non poteva che essere allestita alla Scala la camera ardente per l'ultimo saluto alla leggenda della danza. Un onore riservato a pochi, come il pianista Vladimir Horowitz nell'89, ma che \"lei si merita\" ha detto Meyer che sta pensando anche a un tributo \"speciale\".<\/p>\n\n\n\n<p>E parole commosse per la perdita della grande danzatrice sono arrivate anche da Riccardo Muti che con lei aveva lavorato alla Scala nei Vespri Siciliani: \"Una grande figura di artista che ha onorato l'Italia e che rimarr\u00e0 nella storia della danza e del teatro\", ha detto il maestro, \" Carla Fracci rimarr\u00e0 nel cuore di tanti suoi ammiratori e tra questi ci sono io\".<\/p>\n\n\n\n<p>'Non avrei mai fatto quello che ho fatto nella mia carriera se Carla Fracci non avesse aperto le strade prima&nbsp;di me. Io pi\u00f9 di altri le sono veramente grato. La sua perdita \u00e8 un grande dolore\". Roberto Bolle ricorda Carla Fracci parlando con il Corriere della Sera. \"Era un riferimento per me, da sempre. Anche io&nbsp;sono cresciuto conoscendo Carla Fracci e considerandola, gi\u00e0 da&nbsp;bambino, una delle pi\u00f9 grandi interpreti e ballerine. Ha rappresentato la danza italiana nel mondo: nessun altro nome era conosciuto e&nbsp;riconosciuto come il suo''.&nbsp;<\/p>\n\n\n\n<p>\u201cLa ricordo agli spettacoli in Scala - prosegue il ballerino - Io&nbsp;studiavo e la guardavo ammirato. Ripenso a una sua Giselle, quando ero in scuola di ballo: un suo ruolo iconico, era meravigliosa. E poi il&nbsp;suo debutto a 60 anni nel ruolo di Tatiana in Onegin: una forza&nbsp;incredibile. Sono sempre stato molto toccato dalla sua determinazione&nbsp;e volont\u00e0. Dalla tenacia con cui affrontava le prove e il palcoscenico. Il passo successivo \u00e8 stato collaborare: io ero appena&nbsp;entrato nel corpo di ballo e mi sono trovato a ballare con lei Lo&nbsp;spettro della rosa, per giunta in Giappone. Ricordo che ero terrorizzato, pi\u00f9 ancora che per il mio debutto nel ruolo, per il&nbsp;fatto di dover ballare con un'icona della danza come lei. Avevo un timore reverenziale unito all'agitazione all'idea di sbagliare qualcosa: non tanto i miei passi, ma piuttosto non tenerla bene, non&nbsp;sostenerla abbastanza...''.<\/p>\n\n\n\n<p>''Ha resistito con tenacia, orgoglio e una dignit\u00e0 fuori dal comune. Doti che l'hanno sempre accompagnata,&nbsp;anche in vita''. Francesco Menegatti parla al Corriere della Sera&nbsp;della morte della mamma Carla: ''C'\u00e8 stato un rapido peggioramento, ed \u00e8 volata via. S\u00ec, volata. Gli ultimi istanti? Non parole, ma sguardi pieni di profondo amore per me, per mio pap\u00e0 Beppe, per la&nbsp;collaboratrice storica Luisa Graziadei, per mia moglie Dina e per i&nbsp;suoi nipoti, Giovanni e Ariele''.&nbsp; Ci ha lasciato ''con la convinzione di aver fatto del bene - dice&nbsp;Menegatti - credo fosse fiera di averci reso persone serie con solidi&nbsp;principi. Una raccomandazione che mia madre ripeteva, ed \u00e8&nbsp;significativo del suo carattere, era di rimanere fedeli agli aspetti&nbsp;pi\u00f9 semplici della vita. Ricordava con orgoglio la sua infanzia trascorsa a governare le oche nella campagna del cremonese. Non si \u00e8&nbsp;mai montata la testa, nonostante la ribalta''.&nbsp;\"Era un'\u00e9toile amata dal pubblico internazionale - prosegue - ma&nbsp;sempre pronta a vivere la quotidianit\u00e0. Una volta, prima di un'esibizione, ero bambino, mi intim\u00f2 di riporre in camerino i miei&nbsp;guanti che avevo distrattamente abbandonato su una cassa dietro le quinte. Me lo ripet\u00e9 pi\u00f9 volte finch\u00e9 non obbedii. Poco dopo la vidi&nbsp;entrare in scena e trasformarsi nella diva acclamata''.<\/p>\n","protected":false},"excerpt":{"rendered":"<p>Milano, 28 Magg 2021 &#8211; Far\u00e0 il suo ingresso alle 11,30 nel foyer della Scala, la salma di Carla Fracci, spentasi ieri all&#8217;et\u00e0 di 84&#8230;<\/p>\n","protected":false},"author":2,"featured_media":207267,"comment_status":"closed","ping_status":"open","sticky":false,"template":"","format":"standard","meta":[],"categories":[49,50],"tags":[],"_links":{"self":[{"href":"https:\/\/www.cronacaonline.it\/index.php\/wp-json\/wp\/v2\/posts\/207266"}],"collection":[{"href":"https:\/\/www.cronacaonline.it\/index.php\/wp-json\/wp\/v2\/posts"}],"about":[{"href":"https:\/\/www.cronacaonline.it\/index.php\/wp-json\/wp\/v2\/types\/post"}],"author":[{"embeddable":true,"href":"https:\/\/www.cronacaonline.it\/index.php\/wp-json\/wp\/v2\/users\/2"}],"replies":[{"embeddable":true,"href":"https:\/\/www.cronacaonline.it\/index.php\/wp-json\/wp\/v2\/comments?post=207266"}],"version-history":[{"count":1,"href":"https:\/\/www.cronacaonline.it\/index.php\/wp-json\/wp\/v2\/posts\/207266\/revisions"}],"predecessor-version":[{"id":207268,"href":"https:\/\/www.cronacaonline.it\/index.php\/wp-json\/wp\/v2\/posts\/207266\/revisions\/207268"}],"wp:featuredmedia":[{"embeddable":true,"href":"https:\/\/www.cronacaonline.it\/index.php\/wp-json\/wp\/v2\/media\/207267"}],"wp:attachment":[{"href":"https:\/\/www.cronacaonline.it\/index.php\/wp-json\/wp\/v2\/media?parent=207266"}],"wp:term":[{"taxonomy":"category","embeddable":true,"href":"https:\/\/www.cronacaonline.it\/index.php\/wp-json\/wp\/v2\/categories?post=207266"},{"taxonomy":"post_tag","embeddable":true,"href":"https:\/\/www.cronacaonline.it\/index.php\/wp-json\/wp\/v2\/tags?post=207266"}],"curies":[{"name":"wp","href":"https:\/\/api.w.org\/{rel}","templated":true}]}}