{"id":207205,"date":"2021-05-27T07:31:22","date_gmt":"2021-05-27T05:31:22","guid":{"rendered":"https:\/\/www.cronacaonline.it\/?p=207205"},"modified":"2021-05-27T07:31:24","modified_gmt":"2021-05-27T05:31:24","slug":"strage-funivia-stresa-mottarone-tre-fermi-tra-loro-il-gestore-prime-gravi-ammissioni","status":"publish","type":"post","link":"https:\/\/www.cronacaonline.it\/index.php\/2021\/05\/27\/strage-funivia-stresa-mottarone-tre-fermi-tra-loro-il-gestore-prime-gravi-ammissioni\/","title":{"rendered":"Strage funivia Stresa-Mottarone: tre fermi, tra loro il gestore. Prime gravi ammissioni."},"content":{"rendered":"\n<p>Cagliari, 27 Magg 2021 - Un gesto \"consapevole\", per ovviare ai problemi tecnici della funivia ed evitarne lo stop. A discapito della sicurezza dei passeggeri. E' un quadro \"molto grave e inquietante\" quello che emerge dagli accertamenti degli inquirenti sulla tragedia del Mottarone. Tre le persone fermate all'alba di ieri: Luigi Nerini, titolare della societ\u00e0 che ha in gestione l'impianto, Enrico Perocchio e Gabriele Tadini, rispettivamente direttore dell'esercizio e capo servizio della funivia. Sono accusati, in concorso tra loro, di omissione dolosa, \"articolo 437 del codice penale\", precisa il procuratore Olimpia Bossi che, in attesa delle verifiche tecniche sulla fune e dell'intervento dei consulenti esperti, domani chieder\u00e0 la convalida dei fermi al gip del Tribunale di Verbania. E intanto si riserva \"di valutare eventuali posizioni di altre persone\".<\/p>\n\n\n\n<p>&nbsp;Sarebbe stato&nbsp;lasciato inserito il dispositivo (il cosiddetto \"forchettone\") che impedisce il funzionamento del freno di emergenza per evitare un blocco manutentivo.<\/p>\n\n\n\n<p>I tre fermati si&nbsp;trovano nel carcere di Verbania. Per il momento \u00e8 stato emesso un decreto di fermo che dovr\u00e0 per\u00f2 essere convalidato, dopo gli interrogatori della notte. I tre si trovano in cella, separati l'uno dall'altro.<\/p>\n\n\n\n<p>Unico superstite di questa tragedia,&nbsp;che ha causato 14 vittime&nbsp;il piccolo Eitan, di 5 anni, ricoverato all'ospedale Regina Elena di Torino, che \u00e8 stato estubato e ha aperto gli occhi.<\/p>\n\n\n\n<p>Grande commozione a Malpensa ieri mattina, dove i feretri dei familiari del piccolo, i genitori, il fratellino e i bisnonni sono partiti alla volta di Israele.&nbsp;<\/p>\n\n\n\n<p>\"Uno dei fermati ha detto di non aver tolto uno dei dispositivi che inibiscono il freno di emergenza\". Cos\u00ec il comandante dei carabinieri di Verbania Roberto Cicognani.<\/p>\n\n\n\n<p>\"Il freno non \u00e8 stato attivato volontariamente? S\u00ec, s\u00ec, lo hanno ammesso\", dice l'ufficiale dell'Arma ai microfoni di Buongiorno Regione, su RaiTre. \"C'erano malfunzionamenti nella funivia, \u00e8 stata chiamata la manutenzione, che non ha risolto il problema, o lo ha risolto solo in parte. Per evitare ulteriori interruzioni del servizio, hanno scelto di lasciare la 'forchetta', che impedisce al freno d'emergenza di entrare in funzione\".&nbsp;\"Questi malfunzionamenti andavano avanti da fine aprile e non erano stati&nbsp;risolti\" ha aggiunto Cicognani.<\/p>\n\n\n\n<p>Infatti&nbsp;gi\u00e0 dalle prime rilevazioni il sistema frenante era apparso manomesso. Era stato utilizzato un dispositivo, un cosiddetto forchettone, per disabilitare i freni di emergenza. Non una dimenticanza, ma una scelta deliberata per&nbsp;evitare continui disservizi e blocchi della funivia. E quando il cavo si \u00e8 spezzato il freno di emergenza non \u00e8 entrato in funzione.<\/p>\n\n\n\n<p>Nel pomeriggio di luned\u00ec i carabinieri di Stresa avevano&nbsp;ascoltato sei dipendenti della societ\u00e0 e per un paio di loro la posizione si \u00e8 inaspettatamente aggravata, tanto da far scattare in serata le prime iscrizioni nel registro degli indagati e quindi le manette. La manutenzione dell'impianto, ossia \"i controlli giornalieri e settimanali previsti dal regolamento e dal manuale d'uso\" dell'impianto spetta alle Ferrovie del Mottarone, societ\u00e0 di propriet\u00e0 di Nerini e i tecnici che lavorano per garantire la sicurezza sono i primi a finire nel mirino degli inquirenti dopo l'incidente.<\/p>\n\n\n\n<p>\u00c8 stato trovato il secondo 'forchettone' che,&nbsp;secondo quanto si apprende, bloccava il freno di emergenza della funivia del Mottarone. Questa mattina erano in corso i sopralluoghi perch\u00e9 uno dei&nbsp;due&nbsp;'forchettoni', al centro dell'inchiesta, non era stato rinvenuto. Il&nbsp;ritrovamento \u00e8 stato confermato dai carabinieri di Verbania.<\/p>\n\n\n\n<p>A disporre il fermo dei tre \u00e8 stato il procuratore della Repubblica di Verbania, Olimpia Bossi, che con il Pm Laura Carrera coordinano le indagini dei carabinieri.&nbsp;<\/p>\n\n\n\n<p>L'analisi dei reperti ha permesso agli inquirenti che indagano sull'incidente alla funivia del Mottarone di accertare che \"la cabina precipitata presentava il sistema di emergenza dei freni manomesso\", ha spiegato il procuratore di Verbania, Olimpia Bossi, secondo cui il 'forchettone', ovvero il divaricatore che tiene distanti le ganasce dei freni che dovrebbero bloccare il cavo portante in caso di rottura del cavo trainane, non \u00e8 stato rimosso per \"evitare disservizi e blocchi della funivia. Il sistema presentava delle anomalie e avrebbe necessitato un intervento pi\u00f9 radicale con un blocco se non prolungato consistente\".<\/p>\n\n\n\n<p>\"Poco fa il bambino \u00e8&nbsp;stato estubato, per un momento ha ripreso conoscenza, ha aperto gli occhi e ha trovato di fronte a se un viso conosciuto, quello della zia\". Cos\u00ec il direttore generale della Citt\u00e0 della Salute di Torino, Giovanni La Valle sulle condizioni di salute di Eitan, il bimbo di origine israeliana unico sopravvissuto alla tragedia del Mottarone.&nbsp;<\/p>\n\n\n\n<p>\"Il risveglio \u00e8 proseguito - ha aggiunto il dirigente - poco fa il bambino \u00e8&nbsp;stato estubato, per un momento ha ripreso conoscenza e come potete immaginare, essendo ancora sedato dai farmaci, \u00e8&nbsp;un po' intontito dagli anestetici che ha in corpo. Al suo fianco, oltre agli anestesisti e agli psicologici, \u00e8 presente la zia. Questa \u00e8 una fase molto delicata\".<\/p>\n\n\n\n<p>E ancora: \"La notte \u00e8 passata tranquilla e conferma la stabilita clinica del bambino, nonostante le condizioni critiche. Il fatto che siamo riusciti a estubarlo \u00e8 un fatto positivo. Ora aspettiamo che nelle prossime ore si possa risvegliare del tutto, la situazione resta delicata\".<\/p>\n\n\n\n<p>Nell\u2019inchiesta della procura di Verbania sono finiti anche tutti i video delle telecamere del sistema di sorveglianza della struttura relativi ai giorni precedenti alla caduta della cabinovia. Nelle immagini a bassa definizione si vede anche l\u2019ultima corsa verso l\u2019alto interrotta a pochi metri dalla vetta quando si \u00e8 spezzato il cavo trainante e la cabinovia ha \u2018scarrellato\u2019 verso il basso a velocit\u00e0 crescente dato che il sistema frenante di sicurezza non \u00e8 entrato in funzione impedendo alla cabina di restare ancorata ai due cavi portanti. Il malfunzionamento dei freni ha fatto urtare la cabina contro un pilone quindi la cabinovia \u00e8 precipitata al suolo da circa 20 metri prima di finire la sua corsa diverse decine di metri pi\u00f9 a valle contro alcuni tronchi di abete. Oltre ai video di domenica, la procura ha deciso di sequestrare anche i filmati dei giorni prima.<\/p>\n\n\n\n<p>\"Le indagini proseguiranno perch\u00e9 dobbiamo individuare il motivo per cui il cavo si \u00e8&nbsp;spezzato\". Lo ha detto il Comandante dei carabinieri di Verbania Alberto Cicognani spiegando che bisogna capire \"perch\u00e9&nbsp;il cavo si \u00e8 spezzato, se sia una seconda anomalia o una coincidenza o sia collegato al malfunzionamento, che ha portato alla disabilitazione del freno\".<\/p>\n\n\n\n<p>Potrebbero presto esserci nuovi indagati nell'inchiesta sull'incidente. Lo si apprende in ambienti legali. Dopo i tre fermi di questa notte, gli inquirenti stanno infatti valutando la posizione di altre persone anche in vista della consulenza tecnica che verr\u00e0 disposta con la forma dell'accertamento irripetibile.<\/p>\n\n\n\n<p>\"Me li avete ammazzati e a questo, mi spiace, non ci sar\u00e0 mai nessun tipo di perdono\": cos\u00ec in una storia su Instagram ha scritto Angelica Zorloni, primogenita di Vittorio morto insieme alla compagna Elisabetta Persanini e al loro figlio di 5 anni Mattia nella tragedia del Mottarone. La storia - con la foto della famiglia sorridente - \u00e8 stata postata dopo la notizia dei tre fermi per l'incidente della funivia che ha causato la morte di 14 persone.&nbsp;<\/p>\n\n\n\n<p>\"Ci sono due sistemi frenanti che devono agire se purtroppo capita una cosa di questo genere. Se il sistema frenante non si aziona la cabina torna indietro, si calcola lo abbia fatto a oltre cento chilometri orari. In corrispondenza del pilone non dovrebbe esserci stato nessun urto, ma la pendenza che cambia a quella velocit\u00e0 ha fatto da trampolino e la cabina \u00e8 saltata per aria a centro chilometri orari, facendo un volo di 54 metri, e poi \u00e8 ancora rotolata per qualche decina di metri\". L'assessore ai Trasporti della Regione Piemonte, Marco Gabusi, ha ricostruito cos\u00ec la dinamica dell'incidente.<\/p>\n\n\n\n<p>L'assessore al Patrimonio, Andrea Tronzano, ha invece precisato in Consiglio regionale che \"la propriet\u00e0 dell'impianto del Mottarone \u00e8 del Comune di Stresa dal 1997 anche se \"la trascrizione non \u00e8 potuta avvenire perch\u00e9 il Comune non ha prodotto gli atti pi\u00f9 volte richiesti\". L'assessore ha poi ribadito all'agenzia Ansa: \"Noi siamo ancora nella fase di lutto, stiamo ancora pregando per la vita di Eitan, ma i titoli di oggi ci sollecitano a informare il Consiglio prima di tutti: il tema che \u00e8 emerso in questi giorni merita una risposta\".<\/p>\n\n\n\n<p>\"Quanto accaduto a Stresa \u00e8 inaccettabile e sar\u00e0 necessario fare piena luce, in tempi rapidi, sulle cause di questa tragedia e sulle responsabilit\u00e0. Come \u00e8 necessario che le autorit\u00e0 competenti mettano in atto tutte le misure appropriate di prevenzione, controllo e manutenzione rispetto alle condizioni delle infrastrutture, affinch\u00e9 simili tragedie non si ripetano e sia sempre garantita la sicurezza della nostra comunit\u00e0\". Lo ha detto nell'Aula della Camera il presidente della Camera, Roberto Fico.<\/p>\n\n\n\n<p>L'Aula della Camera ha osservato un minuto di silenzio ed ha tributato un applauso unanime in memoria delle vittime della tragedia del Mottarone. Poco prima, il presidente Fico nel ricordare che \"questo terribile incidente ha suscitato sconcerto, dolore profondo e solidariet\u00e0 in tutto il Paese\", ha rivolto \"un commosso omaggio alle vittime, nonch\u00e9 l'espressione del pi\u00f9 sentito cordoglio ai loro familiari. Voglio inoltre augurare la pronta guarigione al bambino rimasto ferito che nella tragedia ha perso i genitori e il fratellino. Tengo anche a rivolgere un sincero ringraziamento a quanti si sono prodigati nelle difficili operazioni di soccorso\".<\/p>\n\n\n\n<p>\"L'ingegner Perocchio nega categoricamente di aver autorizzato l'utilizzo della cabinovia con i 'forchettoni' inseriti e anche di aver avuto contezza di simile pratica, che lui definisce sucida\". Lo dice all'Ansa&nbsp;il legale del direttore d'esercizio della funivia Stresa-Mottarone, l'avv. Andrea Da Prato dopo un incontro. \"Nessun operatore di impianti a fune, ha ribadito mio cliente, sarebbe cos\u00ec pazzo di montare su una cabina con le pinze inserite\" (ovvero il freno d'emergenza disattivato), ha aggiunto l'avvocato.<\/p>\n","protected":false},"excerpt":{"rendered":"<p>Cagliari, 27 Magg 2021 &#8211; Un gesto &#8220;consapevole&#8221;, per ovviare ai problemi tecnici della funivia ed evitarne lo stop. A discapito della sicurezza dei passeggeri.&#8230;<\/p>\n","protected":false},"author":2,"featured_media":207206,"comment_status":"closed","ping_status":"open","sticky":false,"template":"","format":"standard","meta":[],"categories":[49,50],"tags":[],"_links":{"self":[{"href":"https:\/\/www.cronacaonline.it\/index.php\/wp-json\/wp\/v2\/posts\/207205"}],"collection":[{"href":"https:\/\/www.cronacaonline.it\/index.php\/wp-json\/wp\/v2\/posts"}],"about":[{"href":"https:\/\/www.cronacaonline.it\/index.php\/wp-json\/wp\/v2\/types\/post"}],"author":[{"embeddable":true,"href":"https:\/\/www.cronacaonline.it\/index.php\/wp-json\/wp\/v2\/users\/2"}],"replies":[{"embeddable":true,"href":"https:\/\/www.cronacaonline.it\/index.php\/wp-json\/wp\/v2\/comments?post=207205"}],"version-history":[{"count":1,"href":"https:\/\/www.cronacaonline.it\/index.php\/wp-json\/wp\/v2\/posts\/207205\/revisions"}],"predecessor-version":[{"id":207207,"href":"https:\/\/www.cronacaonline.it\/index.php\/wp-json\/wp\/v2\/posts\/207205\/revisions\/207207"}],"wp:featuredmedia":[{"embeddable":true,"href":"https:\/\/www.cronacaonline.it\/index.php\/wp-json\/wp\/v2\/media\/207206"}],"wp:attachment":[{"href":"https:\/\/www.cronacaonline.it\/index.php\/wp-json\/wp\/v2\/media?parent=207205"}],"wp:term":[{"taxonomy":"category","embeddable":true,"href":"https:\/\/www.cronacaonline.it\/index.php\/wp-json\/wp\/v2\/categories?post=207205"},{"taxonomy":"post_tag","embeddable":true,"href":"https:\/\/www.cronacaonline.it\/index.php\/wp-json\/wp\/v2\/tags?post=207205"}],"curies":[{"name":"wp","href":"https:\/\/api.w.org\/{rel}","templated":true}]}}