{"id":207198,"date":"2021-05-26T20:18:03","date_gmt":"2021-05-26T18:18:03","guid":{"rendered":"https:\/\/www.cronacaonline.it\/?p=207198"},"modified":"2021-05-26T20:18:09","modified_gmt":"2021-05-26T18:18:09","slug":"da-lunedi-prossimo-la-sardegna-il-molise-e-il-friuli-venezia-giulia-passeranno-in-bianco-e-quindi-spariranno-tutte-le-restrizioni","status":"publish","type":"post","link":"https:\/\/www.cronacaonline.it\/index.php\/2021\/05\/26\/da-lunedi-prossimo-la-sardegna-il-molise-e-il-friuli-venezia-giulia-passeranno-in-bianco-e-quindi-spariranno-tutte-le-restrizioni\/","title":{"rendered":"Da luned\u00ec prossimo la Sardegna, il Molise e il Friuli Venezia Giulia passeranno in bianco e quindi spariranno tutte le restrizioni."},"content":{"rendered":"\n<p>Cagliari, 26 Mar 2021 \u2013 Dal prossimo luned\u00ec la Sardegna, Molise e Friuli Venezia Giulia entreranno in zona bianca. Comunque in queste zone rimarranno le mascherine, il distanziamento fisico, l\u2019areazione e la sanificazione, oltre al monitoraggio dell'andamento dei contagi. Per il resto nelle zone bianche sar\u00e0 tutto aperto. E in queste zone non vi sar\u00e0 pi\u00f9 nessuno coprifuoco.<\/p>\n\n\n\n<p>Invece, con la zona gialla, che \u00e8 sempre meno restrittiva, restano poche le differenze con quella bianca. Infatti, nelle gialle rimane il coprifuoco fino alle 24 e poi finirebbe il 21 giugno. Restano poi in vigore tutte le regole e i protocolli per lo svolgimento delle varie attivit\u00e0, ad esempio di ristorazione o di commercio, e resta sempre l'obbligo di mascherina.<\/p>\n\n\n\n<p>Ecco cosa riportata il testo: \"Fermo restando il rispetto degli obblighi di legge in zona bianca relativi all\u2019utilizzo delle mascherine, al distanziamento per scongiurare gli assembramenti, all\u2019aereazione e alla sanificazione e la necessit\u00e0 di assicurare un attento monitoraggio dell\u2019evoluzione dei contagi nei singoli territori regionali, si ritiene opportuno condividere sin d\u2019ora le seguenti misure per la zona bianca: superamento delle limitazioni orarie alla circolazione e alle attivit\u00e0; anticipazione al momento del passaggio in zona bianca delle riaperture delle attivit\u00e0 economiche e sociali per le quali la normativa vigente dispone gi\u00e0 la riapertura in un momento successivo\".<\/p>\n\n\n\n<p>Infine il 14 giugno potrebbero gi\u00e0 esserci 12 Regioni e una provincia in zona bianca.<\/p>\n","protected":false},"excerpt":{"rendered":"<p>Cagliari, 26 Mar 2021 \u2013 Dal prossimo luned\u00ec la Sardegna, Molise e Friuli Venezia Giulia entreranno in zona bianca. Comunque in queste zone rimarranno le&#8230;<\/p>\n","protected":false},"author":2,"featured_media":206712,"comment_status":"closed","ping_status":"open","sticky":false,"template":"","format":"standard","meta":[],"categories":[49,51],"tags":[],"_links":{"self":[{"href":"https:\/\/www.cronacaonline.it\/index.php\/wp-json\/wp\/v2\/posts\/207198"}],"collection":[{"href":"https:\/\/www.cronacaonline.it\/index.php\/wp-json\/wp\/v2\/posts"}],"about":[{"href":"https:\/\/www.cronacaonline.it\/index.php\/wp-json\/wp\/v2\/types\/post"}],"author":[{"embeddable":true,"href":"https:\/\/www.cronacaonline.it\/index.php\/wp-json\/wp\/v2\/users\/2"}],"replies":[{"embeddable":true,"href":"https:\/\/www.cronacaonline.it\/index.php\/wp-json\/wp\/v2\/comments?post=207198"}],"version-history":[{"count":1,"href":"https:\/\/www.cronacaonline.it\/index.php\/wp-json\/wp\/v2\/posts\/207198\/revisions"}],"predecessor-version":[{"id":207199,"href":"https:\/\/www.cronacaonline.it\/index.php\/wp-json\/wp\/v2\/posts\/207198\/revisions\/207199"}],"wp:featuredmedia":[{"embeddable":true,"href":"https:\/\/www.cronacaonline.it\/index.php\/wp-json\/wp\/v2\/media\/206712"}],"wp:attachment":[{"href":"https:\/\/www.cronacaonline.it\/index.php\/wp-json\/wp\/v2\/media?parent=207198"}],"wp:term":[{"taxonomy":"category","embeddable":true,"href":"https:\/\/www.cronacaonline.it\/index.php\/wp-json\/wp\/v2\/categories?post=207198"},{"taxonomy":"post_tag","embeddable":true,"href":"https:\/\/www.cronacaonline.it\/index.php\/wp-json\/wp\/v2\/tags?post=207198"}],"curies":[{"name":"wp","href":"https:\/\/api.w.org\/{rel}","templated":true}]}}