{"id":207015,"date":"2021-05-23T16:55:00","date_gmt":"2021-05-23T14:55:00","guid":{"rendered":"https:\/\/www.cronacaonline.it\/?p=207015"},"modified":"2021-05-23T17:02:34","modified_gmt":"2021-05-23T15:02:34","slug":"grave-incidente-di-montagna-in-piemonte-precipita-cabina-della-funivia-a-stresa-mottarone-12-morti-tre-feriti-due-sono-bambini","status":"publish","type":"post","link":"https:\/\/www.cronacaonline.it\/index.php\/2021\/05\/23\/grave-incidente-di-montagna-in-piemonte-precipita-cabina-della-funivia-a-stresa-mottarone-12-morti-tre-feriti-due-sono-bambini\/","title":{"rendered":"Grave incidente di montagna in Piemonte: precipita cabina della funivia a Stresa-Mottarone: 12 morti. Tre feriti: due sono bambini."},"content":{"rendered":"\n<p>Cagliari, 23 Magg 2021 - Grave incidente sul Mottarone, nella zona di Stresa, in provincia di Verbania, dove si \u00e8 staccata una cabina della funivia con 15 a bordo. Sono 12 le vittime.<\/p>\n\n\n\n<p>Tre i feriti, due bambini e un adulto.&nbsp;&nbsp;Nove corpi sono stati ritrovati all'interno del relitto della cabina mentre tre cadaveri sono stati trovati all'esterno.<\/p>\n\n\n\n<p>I due bambini di 9 e 5 anni, in codice rosso, sono stati trasportati a bordo di due eliambulanze all'ospedale Regina Margherita di Torino. Il terzo ferito, adulto, ricoverato&nbsp;mentre all'ospedale di Verbania.<\/p>\n\n\n\n<p>Il secondo bambino ferito nella caduta della cabina della funivia Stresa-Mottarone, di 9 anni, \u00e8 stato rianimato, all'ospedale Regina Margherita di Torino, ed \u00e8 ora sottoposto a Tac. Lo si apprende da fonti sanitarie. Uno dei bambini feriti a Stresa \u00e8 intubato ed \u00e8 stato sottoposto a un massaggio cardiaco di 6 minuti al pronto soccorso dell'ospedale Regina Margherita di Torino. L'altro bambino \u00e8 in prognosi riservata in Rianimazione.<\/p>\n\n\n\n<p>Sul posto le squadre del Soccorso Alpino e Speleologico&nbsp;al lavoro insieme ai Vigili del Fuoco e ai Carabinieri.<\/p>\n\n\n\n<figure class=\"wp-block-image size-large is-resized\"><img loading=\"lazy\" src=\"https:\/\/www.cronacaonline.it\/wp-content\/uploads\/2021\/05\/Cade-cabina-funivia-a-stresa-mottarone2.jpg\" alt=\"\" class=\"wp-image-207019\" width=\"740\" height=\"493\" srcset=\"https:\/\/www.cronacaonline.it\/wp-content\/uploads\/2021\/05\/Cade-cabina-funivia-a-stresa-mottarone2.jpg 600w, https:\/\/www.cronacaonline.it\/wp-content\/uploads\/2021\/05\/Cade-cabina-funivia-a-stresa-mottarone2-300x200.jpg 300w\" sizes=\"(max-width: 740px) 100vw, 740px\" \/><\/figure>\n\n\n\n<p>L'incidente della funivia Stresa-Mottarone&nbsp;sarebbe stato causato dal cedimento di una fune, poco prima della stazione di arrivo, nella parte pi\u00f9 alta del tragitto che, partendo dal lago Maggiore arriva a quota 1.491 metri. La cabina \u00e8 crollata in un tratto boscoso e impervio, dove le operazioni di soccorso non sono facili. Le corse durano una ventina di minuti.<\/p>\n\n\n\n<p>\"La cabina della funivia \u00e8 caduta da un punto relativamente alto e si \u00e8 adagiata sul terreno ai piedi&nbsp;di un grande bosco. Ora appare sostanzialmente distrutta a terra - la cabina \u00e8 di colore bianco e rosso - quasi completamente accartocciata, quindi la caduta \u00e8 stata evidentemente&nbsp;significativa\". Lo ha raccontato Walter Milan del Soccorso Alpino parlando in diretta con RaiNews24 sulla caduta della funivia che collega Stresa con Mottarone.&nbsp;<\/p>\n\n\n\n<p>Sul posto i vigili del fuoco del comando provinciale di Verbania, quelli del distaccamento di Gravellona Toce e di Stresa, in azione anche un elicottero dei vigili del fuoco e due del 118.<\/p>\n\n\n\n<p>Non \u00e8 chiaro quanti passeggeri ci fossero a bordo, la capacit\u00e0 di trasporto \u00e8 di 40 persone per cabina.<\/p>\n\n\n\n<p>La funivia aveva riaperto al pubblico ieri, come gli altri impianti in Italia, dopo oltre un anno di chiusura dovuto all'emergenza Covid.<\/p>\n\n\n\n<p>L'impianto collega il Piazzale Lido di Stresa alla vetta della montagna che divide il Lago Maggiore da quello di Orta. Un tratto panoramico della durata di 20 minuti diviso in due tronconi.<\/p>\n\n\n\n<p>La funivia era&nbsp;stata completamente revisionata e sottoposta a manutenzione straordinaria tra il 2014 e il 2016. L'impianto venne chiuso nel 2014 e riaperto il 13 agosto 2016.<\/p>\n\n\n\n<p>La Funivia venne inaugurata ed entr\u00f2 in servizio il 1\u00b0 agosto 1970.&nbsp;L'impianto bifune venne suddiviso in due tronconi: da Stresa all'Alpino di 2.351 metri e dall'Alpino al Mottarone di 3.020 metri.<\/p>\n\n\n\n<p>\"Ho appreso con profondo dolore la notizia del tragico incidente della funivia Stresa - Mottarone. Esprimo il cordoglio di tutto il Governo alle famiglie delle vittime, con un pensiero particolare rivolto ai bimbi rimasti gravemente feriti e ai loro familiari\". Lo afferma il presidente del consiglio Mario Draghi che segue ogni aggiornamento incostante contatto con il ministro Enrico Giovannini, con la Protezione Civile e con le autorit\u00e0 locali.<\/p>\n\n\n\n<p>Il ministro delle Infrastrutture e della Mobilit\u00e0 sostenibili, Enrico Giovannini, segue da vicino quanto avvenuto a Stresa dove \u00e8 precipitata la cabina di una funivia 100 metri prima dell'ultimo pilone. Lo fa sapere il dicastero, precisando che appena appresa la notizia del tragico incidente, il ministro ha contattato immediatamente le autorit\u00e0 locali, il Prefetto e i Vigili del Fuoco.<\/p>\n\n\n\n<p>\"Siamo sconvolti per l\u2019incidente avvenuto oggi sulla funivia Stresa-Mottarone. Ci stringiamo forte alle famiglie delle vittime e preghiamo per i due bambini feriti con ogni speranza possibile nel cuore. \u00c8 una tragedia enorme che ci toglie il fiato. La Protezione civile regionale \u00e8 sul posto per aiutare i soccorsi e dare tutto il proprio sostegno\u201d. Sono le parole del presidente della Regione Piemonte Alberto Cirio, in viaggio verso Stresa con il vice presidente Fabio Carosso e l\u2019assessore ai Trasporti e alla Protezione Civile Marco Gabusi.<\/p>\n","protected":false},"excerpt":{"rendered":"<p>Cagliari, 23 Magg 2021 &#8211; Grave incidente sul Mottarone, nella zona di Stresa, in provincia di Verbania, dove si \u00e8 staccata una cabina della funivia&#8230;<\/p>\n","protected":false},"author":2,"featured_media":207018,"comment_status":"closed","ping_status":"open","sticky":false,"template":"","format":"standard","meta":[],"categories":[49,50],"tags":[],"_links":{"self":[{"href":"https:\/\/www.cronacaonline.it\/index.php\/wp-json\/wp\/v2\/posts\/207015"}],"collection":[{"href":"https:\/\/www.cronacaonline.it\/index.php\/wp-json\/wp\/v2\/posts"}],"about":[{"href":"https:\/\/www.cronacaonline.it\/index.php\/wp-json\/wp\/v2\/types\/post"}],"author":[{"embeddable":true,"href":"https:\/\/www.cronacaonline.it\/index.php\/wp-json\/wp\/v2\/users\/2"}],"replies":[{"embeddable":true,"href":"https:\/\/www.cronacaonline.it\/index.php\/wp-json\/wp\/v2\/comments?post=207015"}],"version-history":[{"count":2,"href":"https:\/\/www.cronacaonline.it\/index.php\/wp-json\/wp\/v2\/posts\/207015\/revisions"}],"predecessor-version":[{"id":207021,"href":"https:\/\/www.cronacaonline.it\/index.php\/wp-json\/wp\/v2\/posts\/207015\/revisions\/207021"}],"wp:featuredmedia":[{"embeddable":true,"href":"https:\/\/www.cronacaonline.it\/index.php\/wp-json\/wp\/v2\/media\/207018"}],"wp:attachment":[{"href":"https:\/\/www.cronacaonline.it\/index.php\/wp-json\/wp\/v2\/media?parent=207015"}],"wp:term":[{"taxonomy":"category","embeddable":true,"href":"https:\/\/www.cronacaonline.it\/index.php\/wp-json\/wp\/v2\/categories?post=207015"},{"taxonomy":"post_tag","embeddable":true,"href":"https:\/\/www.cronacaonline.it\/index.php\/wp-json\/wp\/v2\/tags?post=207015"}],"curies":[{"name":"wp","href":"https:\/\/api.w.org\/{rel}","templated":true}]}}