{"id":206942,"date":"2021-05-22T08:31:24","date_gmt":"2021-05-22T06:31:24","guid":{"rendered":"https:\/\/www.cronacaonline.it\/?p=206942"},"modified":"2021-05-22T08:31:25","modified_gmt":"2021-05-22T06:31:25","slug":"cose-e-come-funziona-il-green-pass-il-certificato-digitale-europeo-per-viaggiare-nuovamente","status":"publish","type":"post","link":"https:\/\/www.cronacaonline.it\/index.php\/2021\/05\/22\/cose-e-come-funziona-il-green-pass-il-certificato-digitale-europeo-per-viaggiare-nuovamente\/","title":{"rendered":"Cos&#8217;\u00e8 e come funziona il Green pass: il certificato digitale europeo per viaggiare nuovamente."},"content":{"rendered":"\n<p>Cagliari, 22 Magg 2021 - Il Green Pass europeo diventa realt\u00e0, grazie all'accordo trovato ieri da Parlamento, Commissione e Consiglio europeo sul \"passaporto vaccinale\", che consentir\u00e0 di viaggiare liberamente nell'ambito dell'UE. L'intesa \u00e8 stata raggiunta dai negoziatori europei, dopo giorni di intense trattative.\u00a0Ora, si attende il voto del 7 giugno a Strasburgo e il voto al Consiglio. Se tutto andr\u00e0 bene il nuovo Eu Digital Covid Certificate\u00a0sar\u00e0 attivo dal 1 luglio e avr\u00e0 una validit\u00e0 di un anno. \"Il certificato digitale europeo sar\u00e0 un elemento fondamentale per ripristinare i viaggi agevoli e sicuri in tutta l'Unione europea\", ha commentato su Twitter la Presidente della Commissione europea, Ursula von der Leyen.<\/p>\n\n\n\n<p>Il nuovo Eu Digital Covid Certificate o Green Pass Ue, sar\u00e0 disponibile sia in formato cartaceo che digitale e dovr\u00e0 attestare che la persona sia stata vaccinata contro il Covid con due dosi o una nel caso del vaccino Janssen, oppure sia risultata negativa al tampone o guarita dal virus. Di fatto si tratta di tre certificati diversi. E\u2019 emerso anche che il certificato non dovr\u00e0 essere considerato un documento di viaggio ma gli Stati membri non potranno imporre restrizioni quali quarantene o autoisolamento.<\/p>\n\n\n\n<p>Il certificato&nbsp;si applicher\u00e0 anche ai cittadini Ue che risiedono fuori dall'Ue&nbsp;e che sono stati vaccinati con vaccini riconosciuti dall'Ema,&nbsp;Il green pass mira a facilitare i viaggi transfrontalieri all'interno dell'Unione, attraverso una piattaforma digitale interoperabile che conterr\u00e0 le informazioni, verificate e riconosciute reciprocamente da parte degli Stati membri.<\/p>\n\n\n\n<p>\"Concretamente il certificato digitale Covid indicher\u00e0 una serie di elementi come le dosi usate, che tipo di vaccino e quando. Riguardo al tipo di vaccino gli Stati membri dovranno accettare tutti quelli che sono stati autorizzati dall'Ema, mentre sugli altri spetter\u00e0 agli stati membri decidere se accettarli, \u00e8 una questione di competenza nazionale\". Cos\u00ec il commissario alla giustizia Didier Reynders in conferenza stampa.<\/p>\n\n\n\n<p>Nel frattempo, a breve sar\u00e0 disponibile anche il Certificato Verde o Green Pass Covid italiano, che permetter\u00e0 di spostarsi all\u2019interno delle regioni arancioni e rosse ma anche di partecipare a matrimoni, cerimonie, feste, eventi e andare negli stadi. Il Green Pass italiano ha una validit\u00e0 di 9 mesi dopo la seconda dose di vaccino, di due giorni per chi effettua il tampone e di sei mesi per chi \u00e8 guarito dal Covid-19.<\/p>\n\n\n\n<p>Nell'ultimo decreto Covid, firmato il 18 maggio dal ministro della Salute Roberto Speranza, a proposito della \"Certificazione verde Covid-19\", \u00e8 stato previsto che \"il Green Pass possa essere rilasciato \"anche contestualmente alla somministrazione della prima dose di vaccino\" e sar\u00e0 valido dal quindicesimo giorno dopo l\u2019inoculazione fino \"alla data prevista per il completamento del ciclo vaccinale\".<\/p>\n\n\n\n<p>Nel caso di certificazione post vaccino, a rilasciarla in formato cartaceo o digitale \u00e8 la struttura sanitaria dove si \u00e8 effettuato il vaccino o il Servizio Sanitario Regionale di competenza. Invece dopo la guarigione dal Covid, possono rilasciare il green pass la struttura ospedaliera che ha seguito il paziente, la Asl di competenza, il medico curante e il pediatra di riferimento.<\/p>\n\n\n\n<p>Per quanto riguarda invece il certificato verde post tampone, antigenico rapido o molecolare, pu\u00f2 essere rilasciato dalle strutture sanitarie pubbliche, private autorizzate, accreditate, dalle farmacie o dai medici di base e dai pediatri di libera scelta che effettuano i test.<\/p>\n\n\n\n<p>Nel nuovo decreto \"Abbiamo anticipato il green pass europeo\" quindi \"possiamo dire ai cittadini di tutta Europa ma anche a inglesi, israeliani, americani che si pu\u00f2 venire in vacanza da noi senza dover fare la quarantena\". Cos\u00ec a Uno Mattina su Rai 1 il ministro per il&nbsp;Turismo Massimo Garavaglia. \"Le citt\u00e0 d'arte si riempiono soprattutto di stranieri. L'anno scorso, non avendo stranieri, abbiamo perso 28 miliardi di euro che \u00e8 una&nbsp;cifra pazzesca, se ne recuperiamo solo la met\u00e0 \u00e8 un punto di Pil\",&nbsp;osserva.<\/p>\n","protected":false},"excerpt":{"rendered":"<p>Cagliari, 22 Magg 2021 &#8211; Il Green Pass europeo diventa realt\u00e0, grazie all&#8217;accordo trovato ieri da Parlamento, Commissione e Consiglio europeo sul &#8220;passaporto vaccinale&#8221;, che&#8230;<\/p>\n","protected":false},"author":2,"featured_media":199737,"comment_status":"closed","ping_status":"open","sticky":false,"template":"","format":"standard","meta":[],"categories":[49,51],"tags":[],"_links":{"self":[{"href":"https:\/\/www.cronacaonline.it\/index.php\/wp-json\/wp\/v2\/posts\/206942"}],"collection":[{"href":"https:\/\/www.cronacaonline.it\/index.php\/wp-json\/wp\/v2\/posts"}],"about":[{"href":"https:\/\/www.cronacaonline.it\/index.php\/wp-json\/wp\/v2\/types\/post"}],"author":[{"embeddable":true,"href":"https:\/\/www.cronacaonline.it\/index.php\/wp-json\/wp\/v2\/users\/2"}],"replies":[{"embeddable":true,"href":"https:\/\/www.cronacaonline.it\/index.php\/wp-json\/wp\/v2\/comments?post=206942"}],"version-history":[{"count":1,"href":"https:\/\/www.cronacaonline.it\/index.php\/wp-json\/wp\/v2\/posts\/206942\/revisions"}],"predecessor-version":[{"id":206943,"href":"https:\/\/www.cronacaonline.it\/index.php\/wp-json\/wp\/v2\/posts\/206942\/revisions\/206943"}],"wp:featuredmedia":[{"embeddable":true,"href":"https:\/\/www.cronacaonline.it\/index.php\/wp-json\/wp\/v2\/media\/199737"}],"wp:attachment":[{"href":"https:\/\/www.cronacaonline.it\/index.php\/wp-json\/wp\/v2\/media?parent=206942"}],"wp:term":[{"taxonomy":"category","embeddable":true,"href":"https:\/\/www.cronacaonline.it\/index.php\/wp-json\/wp\/v2\/categories?post=206942"},{"taxonomy":"post_tag","embeddable":true,"href":"https:\/\/www.cronacaonline.it\/index.php\/wp-json\/wp\/v2\/tags?post=206942"}],"curies":[{"name":"wp","href":"https:\/\/api.w.org\/{rel}","templated":true}]}}