{"id":206937,"date":"2021-05-22T08:23:16","date_gmt":"2021-05-22T06:23:16","guid":{"rendered":"https:\/\/www.cronacaonline.it\/?p=206937"},"modified":"2021-05-22T08:23:20","modified_gmt":"2021-05-22T06:23:20","slug":"206937","status":"publish","type":"post","link":"https:\/\/www.cronacaonline.it\/index.php\/2021\/05\/22\/206937\/","title":{"rendered":"(title)"},"content":{"rendered":"\n<p>G20, il primo ministro italiano Mario Draghi: \"Sui vaccini stop barriere commerciali ingiustificate e divieti all'export\".<\/p>\n\n\n\n<p>Roma, 22 Mar 2021 - \"La Dichiarazione di Roma difende&nbsp;giustamente il ruolo del sistema di scambi multilaterali e in&nbsp;particolare il ruolo centrale dell'Organizzazione mondiale del&nbsp;commercio. Dobbiamo preservare il commercio transfrontaliero ed&nbsp;eliminare barriere commerciali ingiustificate e divieti generali d\u2019esportazione. Questo \u00e8 essenziale se vogliamo reagire efficacemente&nbsp;agli shock\". Cos\u00ec ieri sera il primo ministro Mario Draghi, nel corso della conferenza stampa congiunta con la presidente della Commissione Ue, Ursula von der Leyen, al termine del Global Health Summit di Roma (qui la cronaca dei lavori).<\/p>\n\n\n\n<p>Gli impegni delle aziende farmaceutiche al Global Health Summit di Roma \"sono molto significativi, queste societ\u00e0 hanno impegnato anche la loro reputazione, \u00e8 un passo che cambier\u00e0 il panorama\" ha detto Draghi commentando l'annuncio di Pfizer, Moderna e J&amp;J che metteranno a disposizione 1,3 miliardi di dosi di vaccini entro il 2021 senza scopo di lucro. \"Molte delle controversie sulla produzione dei vaccini\" e sull'utilizzo delle licenze \"avranno meno importanza\".<\/p>\n\n\n\n<p>\"Per il green pass ci stiamo coordinando con la Commissione europea, per avere lo stesso per tutti i Paesi membri. Nel frattempo l'Italia avr\u00e0 comunque il suo. Il punto importante \u00e8 che la situazione pandemica sta migliorando e questo ci d\u00e0 fiducia nel futuro ed \u00e8 il modo migliore per accogliere i turisti perch\u00e9&nbsp;l'Italia<\/p>\n\n\n\n<p>In futuro \"potremmo avere bisogno di un trattato, di una forma pi\u00f9 vincolante rispetto a questa Dichiarazione di Roma\" sulla salute globale, ha aggiunto Draghi.<\/p>\n\n\n\n<p>\"Se c'\u00e8 una parte del mondo che si \u00e8 comportata meglio della media \u00e8 l'Europa, anche se avevamo bisogno di vaccini abbiamo continuato ad esportare, anche a Paesi che invece stavano bloccando le loro esportazioni\" ha sottolineato il premier.<\/p>\n\n\n\n<p>\u201c\u00c8 pi\u00f9 facile impegnarsi adesso che c'\u00e8 la disponibilit\u00e0 di vaccini anche per il resto del mondo e sar\u00e0 cos\u00ec fino alla prossima pandemia, fino alla prossima sorpresa. Dovremo usare questo tempo per impegnarci anche per occasioni future perch\u00e9 non si ripeta quello che \u00e8 successo stavolta con i Paesi poveri\".<\/p>\n\n\n\n<p>\"L'Italia ha offerto 300 milioni di euro a Covax e 15 milioni di dosi di vaccini nel pool delle donazioni\" ha ricordato Draghi.<\/p>\n\n\n\n<p>\"Sono convinto che gli Usa troveranno una soluzione, toglieranno queste barriere alle esportazioni' di vaccini, ha affermato il presidente del Consiglio.<\/p>\n\n\n\n<p>Tra le ipotesi in campo sulla propriet\u00e0 intellettuale dei brevetti \"un'idea \u00e8&nbsp;fare una liberalizzazione temporanea, circoscritta, dei brevetti. Ha il vantaggio di essere\" un metodo \"diretto e semplice. Ma lo svantaggio \u00e8&nbsp;che non \u00e8&nbsp;sicuro che dia la produzione vaccinale, visto che \u00e8&nbsp;estremamente complessa. Poi ci sono altre come la sospensione volontaria dei brevetti\". Lo dice il premier.<\/p>\n\n\n\n<p>\"La Dichiarazione di Roma \u00e8 un evento storico e speciale perch\u00e9 abbiamo tutti i Paesi del G20 impegnati con dei principi di base: il primo \u00e8 il multilateralismo e un no molto chiaro al nazionalismo in tema sanitario. Le catene di fornitura devono essere aperte, un chiaro no ai divieti di esportazione\" ha detto la presidente della&nbsp;Commissione europea, Ursula von der Leyen.<\/p>\n\n\n\n<p>\"Il nostro obiettivo \u00e8 essere pronti per giugno con un certificato europeo, siamo nelle condizioni per andare avanti anche se bisogner\u00e0 lavorare molto dal punto di vista tecnico. Gli Stati membri devono fare la loro parte ma gran parte sono pronti e l'Italia sta facendo un lavoro eccellente e quindi va benissimo\" ha aggiunto von der Leyen.<\/p>\n\n\n\n<p>\"Per produrre i vaccini mRna servono 260 componenti e la nostra esperienza \u00e8&nbsp;che dove c'\u00e8&nbsp;un blocco riguarda tutta la catena, non solo il Paese che deve ricevere quei componenti. E' nell'interesse di tutti tenere aperte le catene di approvvigionamento e in questo siamo in buoni colloqui con la Gran Bretagna e gli Stati Uniti, non ci sono pi\u00f9&nbsp;blocchi di componenti o materiali\" ha dichiarato la presidente.<\/p>\n\n\n\n<p>\"L'Oms ha approvato il certificato, abbiamo dato dei criteri a tutti gli stati membri e questo consente una inter operativit\u00e0&nbsp;con i paesi terzi. La prospettiva \u00e8&nbsp;applicare il green pass anche ai paesi terzi che aderiranno\" ha detto von der Leyen.<\/p>\n\n\n\n<p>Per combattere la pandemia di&nbsp;Covid-19 in modo efficace, non bastano le donazioni di vaccini, ma&nbsp;\"nel lungo periodo servono stabilimenti produttivi\" ha sottolineato von der Leyen.<\/p>\n\n\n\n<p>Per questo, verr\u00e0 investito \"un miliardo&nbsp;di euro\"&nbsp;per realizzare \"hub regionali\" in diverse parti del continente&nbsp;africano, \"infrastrutture produttive\", con la partecipazione delle compagnie farmaceutiche che \"condivideranno la conoscenza e i brevetti\".&nbsp;Si tratta \"anche di portare la tecnologia dell'm-Rna in Africa: questo \u00e8 il passaggio pi\u00f9 importante\", ha aggiunto. Come&nbsp;rimarcato nella dichiarazione di Roma, ha continuato, \u00e8 fondamentale&nbsp;\"evitare le strozzature\" nella circolazione delle materie prime e dei&nbsp;semilavorati necessari a realizzare i vaccini e le catene di forniture (supply chain)&nbsp;devono rimanere aperte\", dato che la produzione dei vaccini \u00e8 assai&nbsp;complessa e richiede molti componenti e passaggi transfrontalieri.<\/p>\n\n\n\n<p>\"Ancora no, ancora un paio di mesi....\" \u00e8 stata la battuta con cui il premier Mario Draghi ha replicato ai fotografi che, al termine della conferenza stampa con Ursula von der Leyen, chiedevano a entrambi di togliere la mascherina per le foto di rito.<\/p>\n\n\n\n<p>\"La pandemia ha mostrato che dobbiamo superare i confini se vogliamo affrontare le sfide dei nostri tempi. Fra queste non vi \u00e8 solo la pandemia, ma anche le disuguaglianze globali e il cambiamento climatico. I contributi al dibattito odierno serviranno come solida base per rafforzare la nostra risposta all'attuale emergenza sanitaria e alle crisi future. Questo \u00e8 lo spirito della Dichiarazione di Roma, una serie di principi che ci garantiranno una migliore preparazione per una possibile futura pandemia\". Cos\u00ec Draghi concludendo i lavori del vertice.<\/p>\n\n\n\n<p>\"\u00c8 essenziale rafforzare il ruolo delle istituzioni multilaterali, nel campo della salute globale e oltre. L'Oms&nbsp;\u00e8 stata istituita nel 1948 per svolgere un ruolo di coordinamento nel controllo delle epidemie e nella standardizzazione dei farmaci\" ha aggiunto il premier.&nbsp;\"Il suo ruolo \u00e8 altrettanto importante nel mondo di oggi. Dobbiamo fornire all'Oms finanziamenti sostenibili e prevedibili e consentire ad essa di diventare pi\u00f9 efficace. Come abbiamo appreso durante questa crisi, una forte guida internazionale \u00e8 fondamentale per garantire che sia in atto un efficace sistema di allerta precoce e che i governi possano condividere rapidamente le loro migliori pratiche per prevenire, contenere e gestire una pandemia\", ha spiegato Draghi.<\/p>\n\n\n\n<p>\"La collaborazione scientifica internazionale \u00e8 stata uno dei fattori alla base del rapido sviluppo dei vaccini Covid-19. Abbiamo bisogno di una migliore condivisione dei dati e di un maggiore trasferimento di conoscenza per consentire una distribuzione capillare ed equa dei frutti dell'innovazione\" dice Draghi al Global Health Summit.&nbsp;\"La Dichiarazione sottolinea il ruolo della conoscenza per superare le crisi sanitarie attuali e future. L'ingegno scientifico ha aperto la strada per uscire da questa pandemia. L'approvazione del primo vaccino \u00e8 stata richiesta nove mesi dopo la dichiarazione di emergenza sanitaria internazionale da parte dell'Oms, un risultato davvero storico. Dobbiamo continuare a investire nei nostri scienziati e fornire incentivi alle societ\u00e0 private affinch\u00e9 facciano lo stesso. Inoltre, dobbiamo garantire che le informazioni siano condivise rapidamente e apertamente, mantenendo al contempo un'adeguata protezione della propriet\u00e0 intellettuale\", spiega.<\/p>\n\n\n\n<p>\"La politica sanitaria \u00e8&nbsp;solo una delle sfide che i Paesi ricchi ed emergenti devono affrontare oggi. Dobbiamo anche affrontare significativi rischi economici. Le istituzioni finanziarie internazionali devono fornire ai Paesi a basso reddito il sostegno necessario affinch\u00e9&nbsp;questa crisi sanitaria non si trasformi in un'ondata di crisi del debito sovrano\"&nbsp;conclude Draghi. \"In particolare ora dobbiamo mettere il Fondo monetario internazionale nella condizione di fornire una protezione efficace ai Paesi pi\u00f9&nbsp;poveri del mondo\".<\/p>\n","protected":false},"excerpt":{"rendered":"<p>G20, il primo ministro italiano Mario Draghi: &#8220;Sui vaccini stop barriere commerciali ingiustificate e divieti all&#8217;export&#8221;. Roma, 22 Mar 2021 &#8211; &#8220;La Dichiarazione di Roma&#8230;<\/p>\n","protected":false},"author":2,"featured_media":206938,"comment_status":"closed","ping_status":"open","sticky":false,"template":"","format":"standard","meta":[],"categories":[49,50],"tags":[],"_links":{"self":[{"href":"https:\/\/www.cronacaonline.it\/index.php\/wp-json\/wp\/v2\/posts\/206937"}],"collection":[{"href":"https:\/\/www.cronacaonline.it\/index.php\/wp-json\/wp\/v2\/posts"}],"about":[{"href":"https:\/\/www.cronacaonline.it\/index.php\/wp-json\/wp\/v2\/types\/post"}],"author":[{"embeddable":true,"href":"https:\/\/www.cronacaonline.it\/index.php\/wp-json\/wp\/v2\/users\/2"}],"replies":[{"embeddable":true,"href":"https:\/\/www.cronacaonline.it\/index.php\/wp-json\/wp\/v2\/comments?post=206937"}],"version-history":[{"count":1,"href":"https:\/\/www.cronacaonline.it\/index.php\/wp-json\/wp\/v2\/posts\/206937\/revisions"}],"predecessor-version":[{"id":206939,"href":"https:\/\/www.cronacaonline.it\/index.php\/wp-json\/wp\/v2\/posts\/206937\/revisions\/206939"}],"wp:featuredmedia":[{"embeddable":true,"href":"https:\/\/www.cronacaonline.it\/index.php\/wp-json\/wp\/v2\/media\/206938"}],"wp:attachment":[{"href":"https:\/\/www.cronacaonline.it\/index.php\/wp-json\/wp\/v2\/media?parent=206937"}],"wp:term":[{"taxonomy":"category","embeddable":true,"href":"https:\/\/www.cronacaonline.it\/index.php\/wp-json\/wp\/v2\/categories?post=206937"},{"taxonomy":"post_tag","embeddable":true,"href":"https:\/\/www.cronacaonline.it\/index.php\/wp-json\/wp\/v2\/tags?post=206937"}],"curies":[{"name":"wp","href":"https:\/\/api.w.org\/{rel}","templated":true}]}}