{"id":206918,"date":"2021-05-21T15:34:33","date_gmt":"2021-05-21T13:34:33","guid":{"rendered":"https:\/\/www.cronacaonline.it\/?p=206918"},"modified":"2021-05-21T15:34:35","modified_gmt":"2021-05-21T13:34:35","slug":"g20-a-villa-pamphilj-draghi-dobbiamo-vaccinare-il-mondo-e-farlo-rapidamente","status":"publish","type":"post","link":"https:\/\/www.cronacaonline.it\/index.php\/2021\/05\/21\/g20-a-villa-pamphilj-draghi-dobbiamo-vaccinare-il-mondo-e-farlo-rapidamente\/","title":{"rendered":"G20 a Villa Pamphilj, Draghi: &#8216;Dobbiamo vaccinare il mondo e farlo rapidamente&#8217;."},"content":{"rendered":"\n<p>Roma, 21 Magg 2021 - E' in corso il Global Health Summit presieduto dal premier Mario Draghi e dalla presidente della commissione Ue Ursula von der Leyen. Il Summit \u00e8 concepito come un'opportunit\u00e0 per il G20 e per tutti i leader invitati (virtualmente) per condividere le \"lezioni\" apprese nell'attuale pandemia per migliorare le risposte alle future crisi sanitarie.<\/p>\n\n\n\n<p>\"La pandemia ha sottolineato la straordinaria importanza della cooperazione internazionale\" per il presente e il futuro. \"Con i partecipanti capiremo cosa \u00e8 andato male\" nella lotta al Covid 19 dice il premier aprendo il summit.&nbsp;\"Dobbiamo vaccinare il mondo e farlo rapidamente\".<\/p>\n\n\n\n<p>\"Questo pre-vertice ospiter\u00e0 contributi di scienziati, medici, filantropi ed economisti. Dobbiamo guardare attraverso paesi e discipline diverse se vogliamo capire cosa \u00e8 andato storto durante questa pandemia e cosa possiamo fare meglio in futuro - ha aggiunto -. Vorrei ringraziare il gruppo di esperti scientifici, e in particolare i co-presidenti organizzatori, il professor Silvio Brusaferro e il professor Peter Piot. La vostra relazione ha fornito una guida essenziale per le nostre deliberazioni e, in particolare, per la Dichiarazione di Roma che presenteremo oggi. Vorrei inoltre ringraziare le oltre 100 organizzazioni non governative e della societ\u00e0 civile che hanno preso parte alla consultazione tenutasi ad aprile in collaborazione con Civil 20\". \u201c<\/p>\n\n\n\n<p>\u00c8 essenziale consentire il libero flusso delle materie prime dei vaccini tra i vari confini. L'Ue ha esportato circa 200 milioni di dosi, tutti gli stati devono fare altrettanto, ci deve essere un equilibrio nelle esportazioni verso quei paesi pi\u00f9 poveri\" ha poi sottolineato il presidente Draghi, nel suo intervento.&nbsp; \"Dobbiamo revocare i divieti generalizzati di esportazione, soprattutto nei paesi pi\u00f9 poveri. Purtroppo, molti paesi non possono permettersi di pagare questi vaccini.<\/p>\n\n\n\n<p>Dobbiamo anche aiutare i paesi a basso reddito, compresa l'Africa, a produrre i propri vaccini. Probabilmente avremo bisogno di pi\u00f9 cicli di vaccinazione in futuro, e aumentare la produzione \u00e8 essenziale. Una proposta \u00e8 quella di introdurre una sospensione dei brevetti sui vaccini Covid-19. L'Italia \u00e8 aperta a questa idea, in modo mirato, limitato nel tempo e che non metta a repentaglio l'incentivo ad innovare per le aziende farmaceutiche. Ma questa proposta non garantisce che i paesi a basso reddito siano effettivamente in grado di produrre i propri vaccini. Dobbiamo sostenerli finanziariamente e con competenze specializzate\" dice Draghi.<\/p>\n\n\n\n<p>Obiettivo di questo vertice \u00e8 \"mettere sotto controllo la pandemia ovunque, assicurare che i vaccini vengano dati a tutti, ovunque\" attraverso le esportazioni ma anche condividendo \"la capacit\u00e0 di produzione\" ha detto la presidente della Commissione europea, Ursula von der Leyen, annunciando \"100 milioni di dosi ai Paesi a basso medio reddito entro il 2021\". Secondo la presidente \"la logica dietro questo Summit \u00e8 trasformare l'esperienza di quest'anno in una soluzione sostenibile per il futuro\". E ha annunciato un \"nuovo forum annuale per le politiche sanitarie che mettano insieme gli attori globali\".<\/p>\n\n\n\n<p>Nella Dichiarazione di Roma che concluder\u00e0 il Global Health Summit \"ci impegneremo tutti a investire nella salute e nei professionisti della sanit\u00e0\",&nbsp;ha spiegato poi&nbsp;Ursula Von der Leyen ricordando \"gli operatori sanitari che hanno lavorato senza sosta, salvato vite\" e che si sono impegnati \"anche quando non c'era pi\u00f9 niente da fare\".&nbsp;\"La prima lezione che ho imparato dalla pandemia - ha sottolineato&nbsp;la presidente Von der Leyen - \u00e8&nbsp;quanto abbiamo bisogno gli uni degli altri e quanto i governanti devono lavorare con scienziati, esperti, operatori sanitari, aziende farmaceutiche e sicuramente con la societ\u00e0 civile. Non dobbiamo mai dimenticare la comunit\u00e0 scientifica. Se oggi abbiamo una speranza lo dobbiamo a uomini e donne che hanno dedicato la loro vita alla scienza\".<\/p>\n\n\n\n<p>La Francia dar\u00e0 entro la fine del 2021 \"almeno 30 milioni di dosi di vaccini\" al programma Covax, il meccanismo globale per fornire vaccini ai Paesi poveri. Lo ha annunciato il presidente francese Emmanuel Macron in un video discorso.<\/p>\n\n\n\n<p>\"La Cina fornir\u00e0 altri 3 miliardi di dollari in aiuti per i prossimi 3 anni per sostenere la risposta al Covid e la ripresa economica nei Paesi in via di sviluppo\". Lo ha annunciato il presidente cinese Xi Jinping, in collegamento con il Global Health Summit. \"Abbiamo gi\u00e0 fornito 300 milioni di dosi di vaccino al mondo e la Cina continuer\u00e0 a farlo, al meglio delle sue capacit\u00e0\", ha aggiunto XI.<\/p>\n\n\n\n<p>\"Non ci pu\u00f2 essere una fine della crisi economica senza una fine della crisi sanitaria. Mettere fine alla pandemia \u00e8 un problema risolvibile ma richiede un'ulteriore azione globale coordinata\". Lo afferma il direttore generale del Fmi, Kristalina Georgieva, proponendo un piano da 50 miliardi di dollari per mettere fine alla pandemia. \"Il mondo non deve sperimentare il dolore di una altro balzo di casi di Covid. Con una forte azione globale ore e pochi finanziamenti rispetto ai benefici, possiamo uscire da questa crisi finanziaria\".<\/p>\n\n\n\n<p>I lavori si svolgono in modalit\u00e0 virtuale. Al termine del Summit \u00e8 prevista una conferenza stampa congiunta con il presidente Draghi e la presidente von der Leyen. Partecipano oltre 20 paesi, 12 organizzazioni internazionali e i principali attori globali nel settore della tutela della salute. Saranno circa 20 i capi di Stato e di governo collegati. La lingua ufficiale del summit \u00e8 l'inglese. Dopo la cerimonia di accoglienza, i saluti di benvenuto da parte di Draghi e von der Leyen.&nbsp;<\/p>\n","protected":false},"excerpt":{"rendered":"<p>Roma, 21 Magg 2021 &#8211; E&#8217; in corso il Global Health Summit presieduto dal premier Mario Draghi e dalla presidente della commissione Ue Ursula von&#8230;<\/p>\n","protected":false},"author":2,"featured_media":206919,"comment_status":"closed","ping_status":"open","sticky":false,"template":"","format":"standard","meta":[],"categories":[49,50],"tags":[],"_links":{"self":[{"href":"https:\/\/www.cronacaonline.it\/index.php\/wp-json\/wp\/v2\/posts\/206918"}],"collection":[{"href":"https:\/\/www.cronacaonline.it\/index.php\/wp-json\/wp\/v2\/posts"}],"about":[{"href":"https:\/\/www.cronacaonline.it\/index.php\/wp-json\/wp\/v2\/types\/post"}],"author":[{"embeddable":true,"href":"https:\/\/www.cronacaonline.it\/index.php\/wp-json\/wp\/v2\/users\/2"}],"replies":[{"embeddable":true,"href":"https:\/\/www.cronacaonline.it\/index.php\/wp-json\/wp\/v2\/comments?post=206918"}],"version-history":[{"count":1,"href":"https:\/\/www.cronacaonline.it\/index.php\/wp-json\/wp\/v2\/posts\/206918\/revisions"}],"predecessor-version":[{"id":206920,"href":"https:\/\/www.cronacaonline.it\/index.php\/wp-json\/wp\/v2\/posts\/206918\/revisions\/206920"}],"wp:featuredmedia":[{"embeddable":true,"href":"https:\/\/www.cronacaonline.it\/index.php\/wp-json\/wp\/v2\/media\/206919"}],"wp:attachment":[{"href":"https:\/\/www.cronacaonline.it\/index.php\/wp-json\/wp\/v2\/media?parent=206918"}],"wp:term":[{"taxonomy":"category","embeddable":true,"href":"https:\/\/www.cronacaonline.it\/index.php\/wp-json\/wp\/v2\/categories?post=206918"},{"taxonomy":"post_tag","embeddable":true,"href":"https:\/\/www.cronacaonline.it\/index.php\/wp-json\/wp\/v2\/tags?post=206918"}],"curies":[{"name":"wp","href":"https:\/\/api.w.org\/{rel}","templated":true}]}}