{"id":206884,"date":"2021-05-21T10:57:48","date_gmt":"2021-05-21T08:57:48","guid":{"rendered":"https:\/\/www.cronacaonline.it\/?p=206884"},"modified":"2021-05-21T10:57:49","modified_gmt":"2021-05-21T08:57:49","slug":"la-sardegna-ha-una-probabilita-alta-che-gia-da-questo-lunedi-passi-in-zona-bianca-nel-pomeriggio-in-nuovo-decreto-del-ministro-speranza","status":"publish","type":"post","link":"https:\/\/www.cronacaonline.it\/index.php\/2021\/05\/21\/la-sardegna-ha-una-probabilita-alta-che-gia-da-questo-lunedi-passi-in-zona-bianca-nel-pomeriggio-in-nuovo-decreto-del-ministro-speranza\/","title":{"rendered":"La Sardegna ha una probabilit\u00e0 alta che gi\u00e0 da questo luned\u00ec passi in zona bianca. Nel pomeriggio in nuovo decreto del Ministro Speranza."},"content":{"rendered":"\n<p>Cagliari, 21 Magg 2021 - Sardegna si avvia a grandi passi verso la zona bianca. L\u2019Rt rilevati \u00e8 di 0.61, pi\u00f9 basso d'Italia, con 426 casi e un'incidenza settimanale che si aggira sul 26,5.<\/p>\n\n\n\n<p>Quindi l\u2019Isola viaggia diretta verso il bianco, che aveva gi\u00e0 conquistato in solitaria a fine febbraio, unica regione del Paese a beneficiare per prima delle riaperture dopo la terza ondata.<\/p>\n\n\n\n<p>Questi dati sono emersi dal monitoraggio settimanale sull'andamento del Covid in Italia, ora all'esame della cabina di regia, che saranno presentati nel pomeriggio.<\/p>\n\n\n\n<p>Per la Sardegna si tratta della seconda settimana consecutiva con indici bassi nella curva epidemiologica e secondo l'ultimo decreto legge del Governo, datato 18 maggio, per arrivare in zona bianca ora basta che l'incidenza settimanale dei contagi sia \"inferiore a 50 casi ogni 100.000&nbsp;abitanti per tre settimane consecutive\".<\/p>\n\n\n\n<p>Dal 31 maggio, quindi, probabilmente insieme ad altre regioni come Friuli Venezia Giulia (353 casi in sette giorni e Rt a 0.66) e Molise (81 casi e Rt a 0.69), la Sardegna potrebbe cambiare nuovamente colore dopo essere passata per tre settimane di zona rossa, due di arancione e due di giallo.<\/p>\n","protected":false},"excerpt":{"rendered":"<p>Cagliari, 21 Magg 2021 &#8211; Sardegna si avvia a grandi passi verso la zona bianca. L\u2019Rt rilevati \u00e8 di 0.61, pi\u00f9 basso d&#8217;Italia, con 426&#8230;<\/p>\n","protected":false},"author":2,"featured_media":202929,"comment_status":"closed","ping_status":"open","sticky":false,"template":"","format":"standard","meta":[],"categories":[49,51],"tags":[],"_links":{"self":[{"href":"https:\/\/www.cronacaonline.it\/index.php\/wp-json\/wp\/v2\/posts\/206884"}],"collection":[{"href":"https:\/\/www.cronacaonline.it\/index.php\/wp-json\/wp\/v2\/posts"}],"about":[{"href":"https:\/\/www.cronacaonline.it\/index.php\/wp-json\/wp\/v2\/types\/post"}],"author":[{"embeddable":true,"href":"https:\/\/www.cronacaonline.it\/index.php\/wp-json\/wp\/v2\/users\/2"}],"replies":[{"embeddable":true,"href":"https:\/\/www.cronacaonline.it\/index.php\/wp-json\/wp\/v2\/comments?post=206884"}],"version-history":[{"count":1,"href":"https:\/\/www.cronacaonline.it\/index.php\/wp-json\/wp\/v2\/posts\/206884\/revisions"}],"predecessor-version":[{"id":206885,"href":"https:\/\/www.cronacaonline.it\/index.php\/wp-json\/wp\/v2\/posts\/206884\/revisions\/206885"}],"wp:featuredmedia":[{"embeddable":true,"href":"https:\/\/www.cronacaonline.it\/index.php\/wp-json\/wp\/v2\/media\/202929"}],"wp:attachment":[{"href":"https:\/\/www.cronacaonline.it\/index.php\/wp-json\/wp\/v2\/media?parent=206884"}],"wp:term":[{"taxonomy":"category","embeddable":true,"href":"https:\/\/www.cronacaonline.it\/index.php\/wp-json\/wp\/v2\/categories?post=206884"},{"taxonomy":"post_tag","embeddable":true,"href":"https:\/\/www.cronacaonline.it\/index.php\/wp-json\/wp\/v2\/tags?post=206884"}],"curies":[{"name":"wp","href":"https:\/\/api.w.org\/{rel}","templated":true}]}}