{"id":206881,"date":"2021-05-21T06:53:17","date_gmt":"2021-05-21T04:53:17","guid":{"rendered":"https:\/\/www.cronacaonline.it\/?p=206881"},"modified":"2021-05-21T06:53:18","modified_gmt":"2021-05-21T04:53:18","slug":"dl-sostegni-bis-draghi-guarda-al-futuro-nessuno-viene-lasciato-indietro","status":"publish","type":"post","link":"https:\/\/www.cronacaonline.it\/index.php\/2021\/05\/21\/dl-sostegni-bis-draghi-guarda-al-futuro-nessuno-viene-lasciato-indietro\/","title":{"rendered":"Dl Sostegni bis, Draghi: &#8220;Guarda al futuro, nessuno viene lasciato indietro&#8221;."},"content":{"rendered":"\n<p>Roma, 21 Magg 2021 - \"Questo decreto non lascia indietro nessuno\". Esordisce cos\u00ec il premier Draghi dando il via alla conferenza stampa che illustra le norme del Dl Sostegni bis approvato oggi dal Consiglio dei Ministri.<\/p>\n\n\n\n<p>\"Il Cdm ha approvato il decreto imprese, lavoro, sanit\u00e0, giovani: \u00e8 un decreto in parte diverso dal passato, perch\u00e9 guarda al futuro, guarda al Paese che si riapre ma allo stesso tempo assiste, aiuta\" continua il premier, esprimendo&nbsp;\"soddisfazione per la decisione di luned\u00ec scorso sulle riaperture graduali con il rischio calcolato, per procedere un po' alla riapertura del paese e che \u00e8 gran parte frutto della campagna vaccinale seguita dal governo\".<\/p>\n\n\n\n<p>\u00f9\"C'\u00e8 una decisione di cui vado fiero, la sterzata che si \u00e8 data sulle classi di et\u00e0 per le vaccinazioni, circa due mesi fa si \u00e8 data priorit\u00e0 ai soggetti pi\u00f9 fragili, due mesi fa la classe tra 70-79 anni era la categoria meno vaccinata tra tutte le categorie, oggi siamo all'80%. Questo vuol dire che \u00e8 la terza coorte dopo ultra novantenni e ottantenni\" dice ancora Draghi, spiegando che questo ha garantito le riaperture.<\/p>\n\n\n\n<p>\"Raccomando di usare la mascherina. Riaperture non significa abbandonare tutti i comportamenti essenziali\" di prevenzione, \"quindi mascherina, distanziamenti, areazione\" sottolinea.<\/p>\n\n\n\n<p>\"Ci aspettiamo un balzo dell'economia in questo trimestre, le cifre di crescita saranno riviste al rialzo. Ma per una crescita che sia sostenuta serve il Piano Nazionale di Ripresa e Resilienza\" dice ancora Draghi.<\/p>\n\n\n\n<p>\"Per la prima volta accanto al criterio del fatturato si usa anche l'utile che \u00e8 molto pi\u00f9 giusto ma ovviamente ci vorr\u00e0 pi\u00f9 tempo, la seconda novit\u00e0 \u00e8 l'arco temporale che ora abbraccia 370mila nuove partite Iva che vengono incluse\".<\/p>\n\n\n\n<p>\"Per i giovani c'\u00e8 un\u2019ampia parte del decreto, in particolare la possibilit\u00e0 di comprare una casa: imposta di registro e mutuo sono state cancellate e questo vale per tutti i giovani, per i meno abbienti, con Isee credo fino a 40mila euro, c'\u00e8 anche la garanzia dello stato sull'80%\" del mutuo. Draghi&nbsp;sottolinea&nbsp;che sar\u00e0 \"pi\u00f9 facile per tutti i giovani comprare casa e costruirsi una famiglia e dare quell'elemento di sicurezza che manca oggi\".<\/p>\n\n\n\n<p>\"Il decreto penso che possa permettere alle imprese di guardare con ottimismo\" al futuro. \"Un ottimismo confortato anche dai fatti\" con diversi settori ripartiti. \"Mi pare che il terreno per le imprese sia pronto, devono rispondere lo stanno facendo ma poi presto verranno chiamate a fare anche il Pnrr\" afferma il premier, rispondendo a&nbsp;una domanda in conferenza stampa.<\/p>\n\n\n\n<p>\"Per la prima volta c'\u00e8 un fondo perla ricerca di base, si chiamer\u00e0 Fondo italiano per la scienza, con 50 milioni e 150 per ogni anno a venire. E' un investimento molto significativo per richiamare giovani e meno giovani che sono andati via\".&nbsp;<\/p>\n\n\n\n<p>\"L' ambizione \u00e8 tornare a un sistema di concorsi annuali dove tutti i giovani, appena laureati, possano fare un concorso\" dice Draghi, aggiungendo che, per quanto riguarda i docenti, \"il concorso ordinario per partire in regola a settembre con la scuola si anticipa, lo si avr\u00e0 molo molto presto\".<\/p>\n\n\n\n<p>Fare dell'Italia un Paese per giovani \"\u00e8 lo scopo dell'intero Pnrr. C'\u00e8 molto nel decreto per i giovani, sono tutti interventi finalizzati a quello. Ma ricordiamo che nel Pnrr, oltre alla vocazione di transizione ecologica, i giovani sono dovunque. C'\u00e8 una conclausola di condizionalit\u00e0 in cui nei progetti bisogna privilegiare donne e giovani\".<\/p>\n\n\n\n<p>\"Sul Pnrr non c'\u00e8 stato alcun rallentamento il tempo passato\" \u00e8 stato \"necessario per affrontare la complessit\u00e0 dei temi\" precisa Draghi. \"Noi per la fine di questo mese abbiamo l'attrezzatura per cominciare a partire, ma ci sono ancora tanti altri provvedimenti da prendere\". Guardando alle cose da fare \"ho detto 'accidenti quante cose nel mese di maggio', ora ci stiamo arrivando ma le abbiamo fatte tutte\".<\/p>\n\n\n\n<p>\"Non ne abbiamo mai parlato, non l'abbiamo mai guardata ma non \u00e8 il momento di prendere i soldi ai cittadini ma di darli\" precisa Draghi,&nbsp;rispondendo a chi gli chiede di commentare la proposta di Enrico Letta di tassare i pi\u00f9 ricchi&nbsp;per pagare una dote ai giovani.<\/p>\n\n\n\n<p>\"Anche in questo decreto e in ogni legge futura lo Stato vuole accompagnare i giovani e anche i meno giovani in questi mesi che verranno: saranno migliori del passato ma saranno mesi complessi, perch\u00e9 vedranno la fine del blocco dei licenziamenti gi\u00e0 alla fine di giugno, mutazioni nella composizione settoriale del prodotto e dei servizi, richiederanno uno Stato presente, che aiuti nelle trasformazioni strutturali che seguiranno nei mesi prossimi e negli anni a venire\".&nbsp; Dal debito alto si esce con crescita e credibilit\u00e0 \"Con 40 miliardi in pi\u00f9 il debito \u00e8 aumentato. Quanto \u00e8 importante l'aumento di inflazione che si sta vedendo? Finora gli economisti concordano nel dire che l'inflazione, almeno in Ue, dipende innanzitutto da una scarsit\u00e0 di materie prime, di alcune componenti fondamentali del processo produttivo. Ma i confronti con l'anno scorso mostrano comunque un livello di prezzi molto molto basso\" continua&nbsp;il premier.<\/p>\n\n\n\n<p>\"Quanto bisogna rispondere con gli aumenti del tasso di interesse? Sono aumenti di inflazione, quindi la politica monetaria continuer\u00e0 a restare espansiva. Ma da questa situazione di debito alto noi, ma anche tutti gli europei, usciremo soltanto attraverso una crescita pi\u00f9 alta. Politiche fiscali restrittive non sono pensabili, la scommessa \u00e8 sulla crescita e sulla credibilit\u00e0 generale dei nostri interventi\", sottolinea.<\/p>\n\n\n\n<p>\u201cPer il turismo c'\u00e8 molto nel decreto attuale ma la miglior misura per il turismo sono le riaperture. Da domenica 16 maggio non \u00e8 pi\u00f9 necessaria la quarantena, ma solo un tampone negativo. Abbiamo anche rafforzato i voli Covid tested, raggiungendo Venezia e Napoli, ampliando i Paesi di provenienza. L'Italia \u00e8 pronta ad accogliere i turisti da tutto il mondo\".<\/p>\n\n\n\n<p>\"Entro la fine della settimana prossima saranno presentati e immagino anche approvati sia il dl sulla governance sia il dl sulle semplificazioni\".<\/p>\n\n\n\n<p>Riforma fisco con progressivit\u00e0 e per crescita Sulla riforma fiscale \"quello che ho detto \u00e8 che il principio di progressivit\u00e0 va preservato e la riforma fiscale deve contribuire alla crescita. Non \u00e8 tempo di politiche fiscali restrittive\" dice il premier,&nbsp;sottolineando tuttavia che, sul dossier, se ne occuper\u00e0 in futuro una commissione ad hoc.<\/p>\n\n\n\n<p>\"Anche questo \u00e8 parte della riforma fiscale: non si deve guardare a ci\u00f2 che ci si pu\u00f2 permettere e ci\u00f2 che non ci si pu\u00f2 permettere, bisogna disegnare un pacchetto coerente e che risponda agli scopi di politica economica, dopo ci si pone i problemi di convenienza e si aggiustano i parametri\".<\/p>\n\n\n\n<p>\"Il meccanismo di riallocazione\" dei migranti \"nelle discussioni europee \u00e8 stato messo a dormire da un po' di tempo: lo riproporr\u00f2 nel Consiglio europeo di luned\u00ec, occorre tornare a discutere di questo, lo avremo all'odg di un altro Consiglio europeo ma bisogna assolutamente trovare un accordo\".<\/p>\n\n\n\n<p>\"Visioni diverse nella maggioranza sul fisco? Ma lo sono su tante altre cose. Se penso di farcela? Abbastanza spesso ce l'ho fatta, io e questa volta a farcela sar\u00e0 il governo. Bisogna avere fiducia e contare sul Parlamento piuttosto che vedere il parlamento come un ostacolo.<\/p>\n\n\n\n<p>\"Trovo estremamente improprio, per essere gentili, che si discuta del capo dello stato quando \u00e8 incarica. L'unico autorizzato a parlare del capo dello Stato \u00e8 il presidente della Repubblica\" conclude Draghi, rispondendo ad una domanda.<\/p>\n\n\n\n<p>\"Nel decreto legge c'\u00e8 una risposta \"al rischio\" che la ripesa ordinaria delle attivit\u00e0 economiche possa produrre effetti collaterali sull'occupazione e ci sono una serie di strumenti che mirano a contenere\" questo, dice il ministro del Lavoro Andrea Orlando in conferenza stampa, sottolineando come&nbsp;il governo punti a&nbsp;\"salvaguardare\" l'occupazione.<\/p>\n\n\n\n<p>\"C'\u00e8 un tavolo sugli ammortizzatori che si \u00e8 insediato a marzo, non ritengo mio dovere rispondere individualmente alle singole proposte. La risposta sar\u00e0 il prodotto di quel confronto che mi sono impegnato a chiudere entro il mese di giugno. Quindi noi a giugno avremo una proposta per la riforma degli ammortizzatori sociali\" continua Orlando, rispondendo in conferenza stampa alle sollecitazioni di Carlo Bonomi. \"Terremo conto delle proposte di Confindustria, il dialogo sociale tiene conto delle proposte di tutti e poi si far\u00e0 una sintesi\", ha aggiunto.<\/p>\n\n\n\n<p>\"Il contratto di rioccupazione \u00e8 valido in via sperimentale sino al 31 ottobre 2021\" e punta a \"incentivare\" l'occupazione dei \"disoccupati con uno sgravio 100% per sei mesi. Al termine dei sei mesi, il contratto si pu\u00f2 confermare. Se invece non c'\u00e8 la prosecuzione si perde il diritto allo sgravio\".<\/p>\n\n\n\n<p>Occorre \"usare interventi mirati piuttosto che generalizzati, che rischiano di dare risorse a chi non ne ha bisogno. Ci sono settori in cui questo ragionamento va per\u00f2 tenuto aperto. E' la maggioranza che ha escluso la proroga, non approvando emendamenti in questo senso in Parlamento e dunque anche la ragion politica indica di seguire risposte diverse. Pi\u00f9 articoliamo, pi\u00f9 rispondiamo a una domanda effettiva senza avere bandierine\" dice il ministro del Lavoro.<\/p>\n\n\n\n<p>Tra gli interventi per salvaguardare l'occupazione c'\u00e8 \"anche l'allargamento del contratto di espansione, grazie al quale si pu\u00f2 realizzare l'avvicendamento\" con i pi\u00f9 giovani, afferma Orlando parlando di uno degli interventi del pacchetto Lavoro nel dl Sostegni bis e confermando il nuovo tetto sul numero dei dipendenti per utilizzare la misura, che scende da \"250 a 100\".<\/p>\n\n\n\n<p>\"La questione della riforma degli ammortizzatori sar\u00e0 cruciale per l'attivit\u00e0 del governo nei prossimi mesi, il Mef collaborer\u00e0 strettamente con il ministro Orlando\". Cos\u00ec il ministro dell'Economia Daniele Franco in conferenza stampa. \"La questione occupazionale va risolta anche e soprattutto facendo ripartire l'economia ed \u00e8 questo uno degli obiettivi fondamentali di questo decreto\".<\/p>\n\n\n\n<p>Sulle Dta \"siamo intervenuti molto marginalmente: si consente solo di anticipare il presupposto\" per ottenere il vantaggio fiscale \"al momento in cui viene approvato il progetto dal Cda resta il limite del 2%, resta la scadenza del 31 dicembre, nel 2022 potranno avere luogo solo code di procedure gi\u00e0 approvate, non \u00e8 stato un tema oggetto di un grande dibattito perch\u00e9 \u00e8 un tema relativamente marginale in questo decreto\" dice Franco, rispondendo a una domanda sugli incentivi alle aggregazioni, comprese quelle tra le banche. A<\/p>\n\n\n\n<p>&nbsp;\"Subito dopo\" la partenza di Ita \"si porr\u00e0 la questione di eventuali partner, sappiamo che vi sono partner interessati ma \u00e8 qualcosa che affronteremo nella fase successiva. Penso che si riconosca il valore del brand Alitalia e verr\u00e0 comunque mantenuto\".<\/p>\n\n\n\n<p>Sostegno bis Ristori a fondo perduto per 15,4 miliardi per le imprese e le partite Iva colpite dalla pandemia, 3,3 miliardi per il settore del turismo, la proroga della sospensione delle cartelle fiscali fino al 30 giugno, un pacchetto lavoro con il contratto di rioccupazione e gli sgravi per le assunzioni, concorsi veloci per 3.000 prof nelle materie scientifiche. Sono alcuni dei pilastri del decreto Sostegni bis approvato dal Consiglio dei ministri e finanziato con 40 miliardi di extra deficit. Queste le principali misure.<\/p>\n","protected":false},"excerpt":{"rendered":"<p>Roma, 21 Magg 2021 &#8211; &#8220;Questo decreto non lascia indietro nessuno&#8221;. Esordisce cos\u00ec il premier Draghi dando il via alla conferenza stampa che illustra le&#8230;<\/p>\n","protected":false},"author":2,"featured_media":206882,"comment_status":"closed","ping_status":"open","sticky":false,"template":"","format":"standard","meta":[],"categories":[49,51],"tags":[],"_links":{"self":[{"href":"https:\/\/www.cronacaonline.it\/index.php\/wp-json\/wp\/v2\/posts\/206881"}],"collection":[{"href":"https:\/\/www.cronacaonline.it\/index.php\/wp-json\/wp\/v2\/posts"}],"about":[{"href":"https:\/\/www.cronacaonline.it\/index.php\/wp-json\/wp\/v2\/types\/post"}],"author":[{"embeddable":true,"href":"https:\/\/www.cronacaonline.it\/index.php\/wp-json\/wp\/v2\/users\/2"}],"replies":[{"embeddable":true,"href":"https:\/\/www.cronacaonline.it\/index.php\/wp-json\/wp\/v2\/comments?post=206881"}],"version-history":[{"count":1,"href":"https:\/\/www.cronacaonline.it\/index.php\/wp-json\/wp\/v2\/posts\/206881\/revisions"}],"predecessor-version":[{"id":206883,"href":"https:\/\/www.cronacaonline.it\/index.php\/wp-json\/wp\/v2\/posts\/206881\/revisions\/206883"}],"wp:featuredmedia":[{"embeddable":true,"href":"https:\/\/www.cronacaonline.it\/index.php\/wp-json\/wp\/v2\/media\/206882"}],"wp:attachment":[{"href":"https:\/\/www.cronacaonline.it\/index.php\/wp-json\/wp\/v2\/media?parent=206881"}],"wp:term":[{"taxonomy":"category","embeddable":true,"href":"https:\/\/www.cronacaonline.it\/index.php\/wp-json\/wp\/v2\/categories?post=206881"},{"taxonomy":"post_tag","embeddable":true,"href":"https:\/\/www.cronacaonline.it\/index.php\/wp-json\/wp\/v2\/tags?post=206881"}],"curies":[{"name":"wp","href":"https:\/\/api.w.org\/{rel}","templated":true}]}}