{"id":206809,"date":"2021-05-19T16:00:09","date_gmt":"2021-05-19T14:00:09","guid":{"rendered":"https:\/\/www.cronacaonline.it\/?p=206809"},"modified":"2021-05-19T16:00:10","modified_gmt":"2021-05-19T14:00:10","slug":"speranza-il-28-maggio-arriva-lok-di-ema-a-pfizer-per-la-fascia-di-eta-12-15-anni","status":"publish","type":"post","link":"https:\/\/www.cronacaonline.it\/index.php\/2021\/05\/19\/speranza-il-28-maggio-arriva-lok-di-ema-a-pfizer-per-la-fascia-di-eta-12-15-anni\/","title":{"rendered":"Speranza: il 28 maggio arriva l&#8217;ok di Ema a Pfizer per la fascia di et\u00e0 12-15 anni."},"content":{"rendered":"\n<p>Roma, 19 Magg 2021 - \"Si prevede che il 28 maggio l'Ema rilasci l'autorizzazione al vaccino Pfizer per la fascia 12-15 anni. Per il momento solo questo immunizzante \u00e8 previsto a partire dall'et\u00e0 di 16 anni, gli altri dai 18\".\u00a0Lo ha detto il ministro della Salute, Roberto Speranza, rispondendo ad una interrogazione alla Camera.<\/p>\n\n\n\n<p>\u201c\u00c8 un fatto molto importante - ha sottolineato il ministro - perch\u00e9 vaccinare i giovani \u00e8 altamente strategico ed \u00e8 essenziale per la riapertura in sicurezza del prossimo anno scolastico\". Ed ha aggiunto: \"Aspettiamo la decisione dell'Ema anche per dare maggiori informazioni su queste fasce d'et\u00e0\".<\/p>\n\n\n\n<p>\"Ad oggi - ha continuato Speranza - come \u00e8 noto quasi un terzo degli italiani ha avuto una prima dose somministrata, e questo \u00e8 un dato importante e incoraggiante. Siamo arrivati a circa 28,5 milioni di dosi somministrate. Abbiamo protetto nel nostro piano in primis le fasce pi\u00f9 deboli, i fragili, gli anziani, le persone che incontrando il virus potevano avere un rischio pi\u00f9 alto. Oggi si pone con grande attualit\u00e0 il tema di andare chiaramente anche alle altre generazioni. Nella fase che arriva abbiamo circa 20 milioni di dosi che saranno a disposizione per il mese di giugno, e questo ci pu\u00f2 consentire senz'altro di estendere le vaccinazioni ad altre generazioni\".<\/p>\n","protected":false},"excerpt":{"rendered":"<p>Roma, 19 Magg 2021 &#8211; &#8220;Si prevede che il 28 maggio l&#8217;Ema rilasci l&#8217;autorizzazione al vaccino Pfizer per la fascia 12-15 anni. Per il momento&#8230;<\/p>\n","protected":false},"author":2,"featured_media":205199,"comment_status":"closed","ping_status":"open","sticky":false,"template":"","format":"standard","meta":[],"categories":[49,51],"tags":[],"_links":{"self":[{"href":"https:\/\/www.cronacaonline.it\/index.php\/wp-json\/wp\/v2\/posts\/206809"}],"collection":[{"href":"https:\/\/www.cronacaonline.it\/index.php\/wp-json\/wp\/v2\/posts"}],"about":[{"href":"https:\/\/www.cronacaonline.it\/index.php\/wp-json\/wp\/v2\/types\/post"}],"author":[{"embeddable":true,"href":"https:\/\/www.cronacaonline.it\/index.php\/wp-json\/wp\/v2\/users\/2"}],"replies":[{"embeddable":true,"href":"https:\/\/www.cronacaonline.it\/index.php\/wp-json\/wp\/v2\/comments?post=206809"}],"version-history":[{"count":1,"href":"https:\/\/www.cronacaonline.it\/index.php\/wp-json\/wp\/v2\/posts\/206809\/revisions"}],"predecessor-version":[{"id":206810,"href":"https:\/\/www.cronacaonline.it\/index.php\/wp-json\/wp\/v2\/posts\/206809\/revisions\/206810"}],"wp:featuredmedia":[{"embeddable":true,"href":"https:\/\/www.cronacaonline.it\/index.php\/wp-json\/wp\/v2\/media\/205199"}],"wp:attachment":[{"href":"https:\/\/www.cronacaonline.it\/index.php\/wp-json\/wp\/v2\/media?parent=206809"}],"wp:term":[{"taxonomy":"category","embeddable":true,"href":"https:\/\/www.cronacaonline.it\/index.php\/wp-json\/wp\/v2\/categories?post=206809"},{"taxonomy":"post_tag","embeddable":true,"href":"https:\/\/www.cronacaonline.it\/index.php\/wp-json\/wp\/v2\/tags?post=206809"}],"curies":[{"name":"wp","href":"https:\/\/api.w.org\/{rel}","templated":true}]}}