{"id":206775,"date":"2021-05-19T07:07:21","date_gmt":"2021-05-19T05:07:21","guid":{"rendered":"https:\/\/www.cronacaonline.it\/?p=206775"},"modified":"2021-05-19T07:07:22","modified_gmt":"2021-05-19T05:07:22","slug":"il-gen-artigliere-di-montagna-figliuolo-con-voce-marziale-ordina-ai-presidenti-di-regione-prima-i-vaccini-a-over-60-e-fragili-basta-polemiche","status":"publish","type":"post","link":"https:\/\/www.cronacaonline.it\/index.php\/2021\/05\/19\/il-gen-artigliere-di-montagna-figliuolo-con-voce-marziale-ordina-ai-presidenti-di-regione-prima-i-vaccini-a-over-60-e-fragili-basta-polemiche\/","title":{"rendered":"Il Gen. artigliere di montagna Figliuolo con voce marziale ordina ai presidenti di Regione: &#8220;Prima i vaccini a over 60 e fragili. Basta polemiche&#8221;."},"content":{"rendered":"\n<p>Roma, 19 Magg 2021 \u2013 Ventotto milioni di somministrazioni in Italia e un calo vertiginoso dei ricoveri e dei decessi dando priorit\u00e0 alle classi vulnerabili. Francesco Paolo Figliuolo, commissario straordinario all'emergenza Coronavirus, \u00e8 al centro vaccini del Mandela Forum a Firenze e poi sar\u00e0 Siena, per la visita tra l'altro dei laboratori di Toscana Life Sciences per la produzione di farmaci monoclonali. Dalla Toscana, \"partita male ma oggi tra i primi posti sui target importanti\",\u00a0chiede ai presidenti di Regione di tenere \"la barra dritta ancora per due-tre settimane\" e procedere spediti\u00a0con la vaccinazione degli ultra sessantenni e dei fragili.<\/p>\n\n\n\n<p>Sono circa 3 milioni i vaccini che verranno consegnati tra il 20 e il 24 maggio alle Regioni e Province autonome. Le dosi riguarderanno tutte le linee vaccinali: Pfizer, Vaxzevria, Moderna e Jannsen. Lo rende noto la struttura del Commissario Straordinario per l'Emergenza, generale Figliuolo. Le dosi del vaccino Pfizer, spiega, verranno come di consueto distribuite direttamente alle strutture sanitarie designate dalle Regioni e Province autonome, mentre le restanti raggiungeranno l'hub nazionale vaccini della Difesa, ubicato all'interno dell'aeroporto militare di Pratica di Mare per poi essere consegnate con vettori della Difesa e di Poste Italiane (SDA), con la scorta fornita da Polizia di Stato, Carabinieri e Guardia di Finanza.<\/p>\n\n\n\n<p>\u201c\u00c8 facile farsi prendere dalla propaganda - dice - ma se non mettiamo in sicurezza gli over 60 che hanno il 95% possibilit\u00e0 di finire in ospedale, o peggio ancora in terapia intensiva, o peggio ancora di morire, non ne usciamo\", ha detto. \"C'\u00e8 stato un calo vertiginoso dei ricoveri e dei decessi dando priorit\u00e0 alle classi vulnerabili. Adesso abbiamo davanti 2-3 settimane in cui dobbiamo tenere la barra dritta\".<\/p>\n\n\n\n<p>\"I target pi\u00f9 importanti, di qualit\u00e0 cio\u00e8 i vaccini ad anziani e fragili, sono quelli che hanno fatto s\u00ec che ieri, nella cabina di regia e nel conseguente Consiglio dei ministri, si siano prese decisioni importanti per il prosieguo della stagione e della vita di tutti noi, cio\u00e8 verso le riaperture in maniera ordinata e sicura\", ha ordinato ancora Figliuolo.<\/p>\n\n\n\n<p>Poi un invito a non anticipare i tempi delle riaperture e a procedere \"in maniera ordinata e sicura\". \"Capisco i presidenti, ma li invito ad attenersi al piano cadenzato che tiene conto delle capacit\u00e0 vaccinali\", ha aggiunto Figliuolo. \"A livello nazionale e strutturale - ha sottolineato ancora Figliuolo - dobbiamo coinvolgere i medici di base e i farmacisti, anche per essere pronti a un'eventuale inoculazione di richiamo. \u00c8 facile farsi prendere da propagande, facciamo quella categoria o quell'altra, ma se noi non mettiamo in sicurezza gli over 60, non ne usciamo. Questa estate possiamo pensare di avere inoculazioni massicce nelle categorie economiche come la grande distribuzione o gli alberghi, i cassieri che hanno lavorato dall'inizio della pandemie e che per me sono eroici come i medici\".<\/p>\n\n\n\n<p>\"A livello nazionale abbiamo superato i&nbsp;2.550 punti vaccinali, \u00e8 prossimo l'incremento con i circa 1000 punti vaccinali aziendali e il coinvolgimento dei medici di medicina generale e dei farmacisti. Questo va fatto a livello nazionale per rendere poi strutturale la capacit\u00e0 di intervenire contro le pandemie, questa e altre che dovessero arrivare, e soprattutto la possibilit\u00e0 di essere pronti per un eventuale ulteriore inoculazione di richiamo. Questo \u00e8 importante'', ha detto il commissario straordinario all'emergenza Covid.<\/p>\n\n\n\n<p>\"AstraZeneca continua a distribuire i vaccini, nel weekend arriveranno 400mila dosi e poi a giugno oltre un milione, chiaramente noi non facciamo magazzino, sarebbe assurdo e illogico. Quindi i movimenti di vaccini fra regioni li facciamo\", ha detto Figliuolo rispondendo alla richiesta del presidente della Regione, Eugenio Giani, di maggiori dosi AstraZeneca e Johnson&amp;Johnson per dare corpo alla somministrazione.<\/p>\n\n\n\n<p>Per quanto riguarda il vaccino di ReiThera, \"in questo momento la societ\u00e0 sta aspettando la scientific advice dell'Ema che \u00e8 la conditio sine qua non per andare in terza fase. E' chiaro che \u00e8 importantissimo avere autonomia di produrre vaccini ma ai fini della campagna vaccinale in questo momento, considerando che abbiamo quattro vaccini disponibili e che a fine giugno avremo anche il Curevac, che \u00e8 a mRna, tutto questo ci mette abbastanza al sicuro per le somministrazioni. Mentre il vaccino ReiThera \u00e8 un qualcosa pi\u00f9 di medio e lungo termine che in questo momento \u00e8 molto attenzionato dal ministero dello Sviluppo economico\".<\/p>\n\n\n\n<p>A proposito dei monoclonali, Figliuolo, che in agenda ha la visita ai laboratori di Toscana Life Sciences, ha detto che \"il loro \u00e8 un monoclonale che ha pi\u00f9 facilit\u00e0 di somministrazione perch\u00e9 si pu\u00f2 fare intramuscolo. Anche i costi che come Italia avremo sono molto pi\u00f9 bassi rispetto a dover andare a comprare questi farmaci sul mercato internazionale dalle big pharma. Oggi come consumi siamo a circa 2000 monoclonali al mese anche per le difficolt\u00e0 di somministrazioni e perch\u00e9 bisogna intercettare i pazienti con determinate comorbidit\u00e0 nei primi giorni della malattia. Non si pu\u00f2 pi\u00f9 somministrare dopo 3-5 giorni perch\u00e9 se un paziente entra in fase acuta la somministrazione sarebbe pi\u00f9 dannosa che utile\".<\/p>\n\n\n\n<p>La visita di Figliuolo \u00e8 poi proseguita a Siena al centro vaccinale allestito al Palasport Mens Sana: \"E' bene che chi va in vacanza regoli le proprie vacanze in funzione dell'appuntamento vaccinale\", ha detto. \"Oggi sappiamo che il vaccino Astrazeneca si pu\u00f2 fare dalle 4 alle 12 settimane tra prima e seconda dose; con i vaccini a Rna ci sono 42 giorni. Ci sono studi recenti che dicono addirittura che dopo 90 giorni c'\u00e8 il meglio della performance. Chiaramente ce lo dovranno dire gli scienziati, io dico solo quello che ho letto su questi studi\".<\/p>\n\n\n\n<p>Quello delle seconde vaccinazioni durante l'estate \"potrebbe essere un non problema - ha sottolineato Figliuolo - La soluzione c'\u00e8 gi\u00e0. Basta essere molto aderenti a quelle che sono le necessit\u00e0 dei cittadini. Io credo che in un hub vaccinale come questo uno viene e chiede di spostare la seconda dose di una o di due settimane e ritengo che questa sia la soluzione migliore\". \"Per\u00f2 - ha concluso - sono aperto a qualsiasi altra proposta che le Regioni vorranno farmi. Ovviamente a tutto c'\u00e8 un limite: il pragmatismo, i piedi per terra. Se facciamo i&nbsp;voli pindarici e invenzioni, io non ci sto\".<\/p>\n","protected":false},"excerpt":{"rendered":"<p>Roma, 19 Magg 2021 \u2013 Ventotto milioni di somministrazioni in Italia e un calo vertiginoso dei ricoveri e dei decessi dando priorit\u00e0 alle classi vulnerabili.&#8230;<\/p>\n","protected":false},"author":2,"featured_media":204598,"comment_status":"closed","ping_status":"open","sticky":false,"template":"","format":"standard","meta":[],"categories":[49,51],"tags":[],"_links":{"self":[{"href":"https:\/\/www.cronacaonline.it\/index.php\/wp-json\/wp\/v2\/posts\/206775"}],"collection":[{"href":"https:\/\/www.cronacaonline.it\/index.php\/wp-json\/wp\/v2\/posts"}],"about":[{"href":"https:\/\/www.cronacaonline.it\/index.php\/wp-json\/wp\/v2\/types\/post"}],"author":[{"embeddable":true,"href":"https:\/\/www.cronacaonline.it\/index.php\/wp-json\/wp\/v2\/users\/2"}],"replies":[{"embeddable":true,"href":"https:\/\/www.cronacaonline.it\/index.php\/wp-json\/wp\/v2\/comments?post=206775"}],"version-history":[{"count":1,"href":"https:\/\/www.cronacaonline.it\/index.php\/wp-json\/wp\/v2\/posts\/206775\/revisions"}],"predecessor-version":[{"id":206776,"href":"https:\/\/www.cronacaonline.it\/index.php\/wp-json\/wp\/v2\/posts\/206775\/revisions\/206776"}],"wp:featuredmedia":[{"embeddable":true,"href":"https:\/\/www.cronacaonline.it\/index.php\/wp-json\/wp\/v2\/media\/204598"}],"wp:attachment":[{"href":"https:\/\/www.cronacaonline.it\/index.php\/wp-json\/wp\/v2\/media?parent=206775"}],"wp:term":[{"taxonomy":"category","embeddable":true,"href":"https:\/\/www.cronacaonline.it\/index.php\/wp-json\/wp\/v2\/categories?post=206775"},{"taxonomy":"post_tag","embeddable":true,"href":"https:\/\/www.cronacaonline.it\/index.php\/wp-json\/wp\/v2\/tags?post=206775"}],"curies":[{"name":"wp","href":"https:\/\/api.w.org\/{rel}","templated":true}]}}