{"id":206714,"date":"2021-05-17T18:22:08","date_gmt":"2021-05-17T16:22:08","guid":{"rendered":"https:\/\/www.cronacaonline.it\/?p=206714"},"modified":"2021-05-17T18:22:09","modified_gmt":"2021-05-17T16:22:09","slug":"dl-riaperture-la-proposta-di-draghi-coprifuoco-alle-23-da-subito-abolito-dal-21-giugno","status":"publish","type":"post","link":"https:\/\/www.cronacaonline.it\/index.php\/2021\/05\/17\/dl-riaperture-la-proposta-di-draghi-coprifuoco-alle-23-da-subito-abolito-dal-21-giugno\/","title":{"rendered":"Dl riaperture: la proposta di Draghi: coprifuoco alle 23 da subito, abolito dal 21 giugno."},"content":{"rendered":"\n<p>Roma, 17 Magg 2021 - La direzione da prendere \u00e8 emersa nella Cabina di regia presieduta dal premier Mario Draghi, a quanto si apprende, \u00e8 stata approvata all'unanimit\u00e0.\u00a0Il Consiglio dei ministri che dovrebbe varare le nuove misure\u00a0anti-Covid si terr\u00e0 alle 18.30.<\/p>\n\n\n\n<p>La proposta che Draghi ha portato sul tavolo della&nbsp;cabina di regia \u00e8 di far slittare il coprifuoco alle ore 23 \"da subito\", poi&nbsp;slitter\u00e0 alle 24 del 7 giugno per poi essere abolito del tutto il 21 giugno.<\/p>\n\n\n\n<p>Riapertura dal 22 maggio nel fine settimana per gli esercizi commerciali collocati nei mercati e nei centri commerciali.<\/p>\n\n\n\n<p>Riapertura&nbsp;dei ristoranti al chiuso anche la sera dall'1 giugno. E' la&nbsp;proposta concordata nel corso della cabina di regia sulle&nbsp;riaperture e che sar\u00e0 stasera al vaglio del Consiglio dei&nbsp;ministri. In ogni caso, in bar e ristoranti dall'1 giugno&nbsp;sar\u00e0 consentito anche al chiuso il consumo al tavolo dalle&nbsp;ore 5 alle ore 18.<\/p>\n\n\n\n<p>La presenza di pubblico, a quanto si&nbsp;apprende da fonti di Palazzo Chigi al termine della cabina di&nbsp;regia, \u00e8 autorizzata per tutti gli eventi e competizioni&nbsp;sportive dal 1 giugno all'aperto e dal 1 luglio al chiuso nei&nbsp;limiti gi\u00e0 fissati (capienza non superiore al 25% di quella&nbsp;massima e comunque non superiore a 1000 persone all'aperto e 500&nbsp;al chiuso), e non pi\u00f9 limitatamente alle competizioni di&nbsp;interesse nazionale.<\/p>\n\n\n\n<p>Dal primo giugno Friuli Venezia Giulia,&nbsp;Molise e Sardegna saranno zona bianca. Dal 7 giugno anche&nbsp;Abruzzo, Veneto e Liguria. Nelle regioni in zona bianca valgono&nbsp;solo le regole di comportamento (mascherina, distanziamenti). Non&nbsp;c'\u00e8 coprifuoco.<\/p>\n\n\n\n<p>Centri termali e piscine a chiuso riprenderanno le attivit\u00e0 dal 1 luglio,&nbsp;mentre le palestre potranno riaprire gi\u00e0 il 24 maggio.<\/p>\n\n\n\n<p>Gli impianti di risalita torneranno ad operare dal 22 maggio, i parchi&nbsp;tematici riapriranno il 15 giugno, i centri ricreativi e sociali dal 1 luglio.<\/p>\n\n\n\n<p>I matrimoni e le feste, inoltre, si potranno di nuovo organizzare a partire dal&nbsp;15 giugno, ma solo con il green pass. I congressi si potranno di nuovo&nbsp;organizzare dal 1 luglio, ma si valuta la possibilit\u00e0 di farli ripartire gi\u00e0&nbsp;dal 15 giugno con il green pass.<\/p>\n\n\n\n<p>Restano invece chiuse le discoteche, mentre si sta valutando la possibilit\u00e0 di&nbsp;estendere il green pass a nove mesi.<\/p>\n\n\n\n<p>Sar\u00e0 un'Italia quasi completamente in giallo quella rappresentata nella mappa del Covid a partire da oggi. Il Ministro della Salute Roberto Speranza infatti, sulla base dei dati e delle indicazioni della Cabina di Regia dello scorso 14 maggio 2021, ha firmato una nuova ordinanza che porta in zona gialla le Regioni Sicilia e Sardegna. L'unica \"variazione cromatica\" sar\u00e0 rappresentata dalla Valle d'Aosta che anche avendo numeri da giallo deve restare in zona arancione in base all'ordinanza firmata venerd\u00ec 7 maggio dal ministro.<\/p>\n\n\n\n<p>Complessivamente, quindi, la ripartizione delle Regioni e Province Autonome nelle diverse aree in base ai livelli di rischio a partire da oggi \u00e8 la seguente: zona gialla per Abruzzo, Basilicata, Calabria, Campania, Emilia Romagna, Friuli Venezia Giulia, Lazio, Liguria, Lombardia, Marche, Molise, Piemonte, Provincia autonoma di Bolzano, Provincia autonoma di Trento, Puglia, Sardegna, Sicilia, Toscana, Umbria e Veneto; zona arancione Valle d'Aosta.<\/p>\n\n\n\n<p>Si tratta di un risultato che arriva dopo 5 mesi e che porter\u00e0&nbsp;a importanti riaperture anche nelle uniche regioni fino a ora rimaste con misure restrittive pi\u00f9 severe. In queste aree via libera a ristoranti (quelli con spazi all'aperto), cinema, teatri e musei e spostamenti.<\/p>\n\n\n\n<p>Intanto i&nbsp;turisti stranieri cominciano ad affacciarsi&nbsp;nuovamente nelle piazze e nelle strade delle citt\u00e0 italiane, dopo la&nbsp;circolare del ministro della Salute, Roberto Speranza, che da oggi cancella la quarantena per i cittadini dell'Unione Europea e&nbsp;della Gran Bretagna, ma anche per chi arriva&nbsp;dai territori dell'area Schengen e Israele. Da sabato intanto gli italiani sono tornati&nbsp;in spiaggia nel&nbsp;giorno della riapertura degli stabilimenti e delle piscine&nbsp;all'aperto.<\/p>\n\n\n\n<p>Una ripartenza che conferma quel principio di gradualit\u00e0 e&nbsp;prudenza nelle scelte dell'esecutivo che il presidente del&nbsp;Consiglio Mario Draghi ha ribadito pi\u00f9 volte e che ripeter\u00e0 nel&nbsp;vertice con i capigruppo di maggioranza di domani, nonostante il&nbsp;pressing costante del centrodestra e di buona parte dei&nbsp;presidenti di regione.<\/p>\n","protected":false},"excerpt":{"rendered":"<p>Roma, 17 Magg 2021 &#8211; La direzione da prendere \u00e8 emersa nella Cabina di regia presieduta dal premier Mario Draghi, a quanto si apprende, \u00e8&#8230;<\/p>\n","protected":false},"author":2,"featured_media":206712,"comment_status":"closed","ping_status":"open","sticky":false,"template":"","format":"standard","meta":[],"categories":[49,51],"tags":[],"_links":{"self":[{"href":"https:\/\/www.cronacaonline.it\/index.php\/wp-json\/wp\/v2\/posts\/206714"}],"collection":[{"href":"https:\/\/www.cronacaonline.it\/index.php\/wp-json\/wp\/v2\/posts"}],"about":[{"href":"https:\/\/www.cronacaonline.it\/index.php\/wp-json\/wp\/v2\/types\/post"}],"author":[{"embeddable":true,"href":"https:\/\/www.cronacaonline.it\/index.php\/wp-json\/wp\/v2\/users\/2"}],"replies":[{"embeddable":true,"href":"https:\/\/www.cronacaonline.it\/index.php\/wp-json\/wp\/v2\/comments?post=206714"}],"version-history":[{"count":1,"href":"https:\/\/www.cronacaonline.it\/index.php\/wp-json\/wp\/v2\/posts\/206714\/revisions"}],"predecessor-version":[{"id":206715,"href":"https:\/\/www.cronacaonline.it\/index.php\/wp-json\/wp\/v2\/posts\/206714\/revisions\/206715"}],"wp:featuredmedia":[{"embeddable":true,"href":"https:\/\/www.cronacaonline.it\/index.php\/wp-json\/wp\/v2\/media\/206712"}],"wp:attachment":[{"href":"https:\/\/www.cronacaonline.it\/index.php\/wp-json\/wp\/v2\/media?parent=206714"}],"wp:term":[{"taxonomy":"category","embeddable":true,"href":"https:\/\/www.cronacaonline.it\/index.php\/wp-json\/wp\/v2\/categories?post=206714"},{"taxonomy":"post_tag","embeddable":true,"href":"https:\/\/www.cronacaonline.it\/index.php\/wp-json\/wp\/v2\/tags?post=206714"}],"curies":[{"name":"wp","href":"https:\/\/api.w.org\/{rel}","templated":true}]}}