{"id":206677,"date":"2021-05-17T10:29:57","date_gmt":"2021-05-17T08:29:57","guid":{"rendered":"https:\/\/www.cronacaonline.it\/?p=206677"},"modified":"2021-05-17T10:29:59","modified_gmt":"2021-05-17T08:29:59","slug":"giornata-mondiale-sulla-omofobia-presidente-della-repubblica-sergio-mattarella-rifiuto-assoluto-di-ogni-forma-di-discriminazione","status":"publish","type":"post","link":"https:\/\/www.cronacaonline.it\/index.php\/2021\/05\/17\/giornata-mondiale-sulla-omofobia-presidente-della-repubblica-sergio-mattarella-rifiuto-assoluto-di-ogni-forma-di-discriminazione\/","title":{"rendered":"Giornata mondiale sulla Omofobia. Presidente della Repubblica Sergio Mattarella: &#8220;Rifiuto assoluto di ogni forma di discriminazione&#8221;."},"content":{"rendered":"\n<p>Roma, 17 Magg 2021 - \"La Giornata internazionale contro l'omofobia, la transfobia e la bifobia \u00e8 l'occasione per ribadire il rifiuto assoluto di ogni forma di discriminazione e di intolleranza e, dunque, per riaffermare la centralit\u00e0 del principio di uguaglianza sancito dalla nostra Costituzione e dalla Carta dei diritti fondamentali dell'Unione europea\". Cos\u00ec il presidente della Repubblica Sergio Mattarella in una dichiarazione.<\/p>\n\n\n\n<p>\"Le attitudini personali e l'orientamento sessuale - afferma il presidente della Repubblica - non possono costituire motivo per aggredire, schernire, negare il rispetto dovuto alla dignit\u00e0 umana, perch\u00e9 laddove ci\u00f2 accade vengono minacciati i valori morali su cui si fonda la stessa convivenza democratica. La societ\u00e0 viene arricchita dal contributo delle diversit\u00e0. Disprezzo, esclusione nei confronti di ci\u00f2 che si ritiene diverso da s\u00e9, rappresentano una forma di violenza che genera regressione e pu\u00f2 spingere verso fanatismi inaccettabili\". \"La ferita inferta alla singola persona - sostiene Mattarella - offende la libert\u00e0 di tutti. E purtroppo non sono pochi gli episodi di violenza, morale e fisica che, colpendo le vittime, oltraggiano l'intera societ\u00e0. Solidariet\u00e0, rispetto, inclusione, come ha dimostrato anche l'opera di contrasto alla pandemia, sono vettori potenti di coesione sociale e di sicurezza\".<\/p>\n\n\n\n<figure class=\"wp-block-image size-large\"><img loading=\"lazy\" width=\"600\" height=\"400\" src=\"https:\/\/www.cronacaonline.it\/wp-content\/uploads\/2021\/05\/Giornata-mondiale-omofobia.jpg\" alt=\"\" class=\"wp-image-206678\" srcset=\"https:\/\/www.cronacaonline.it\/wp-content\/uploads\/2021\/05\/Giornata-mondiale-omofobia.jpg 600w, https:\/\/www.cronacaonline.it\/wp-content\/uploads\/2021\/05\/Giornata-mondiale-omofobia-300x200.jpg 300w\" sizes=\"(max-width: 600px) 100vw, 600px\" \/><\/figure>\n\n\n\n<p>Istituita nel 2007 dall'Unione Europea per condannare le discriminazioni che ancora moltissime persone sono costrette a subire sulla base del loro orientamento sessuale, il 17 maggio di ogni anno si celebra la Giornata internazionale contro&nbsp;l'omofobia, la bifobia e la transfobia. La data \u00e8 simbolica, perch\u00e9 fu proprio il 17 maggio del 1990 che l'OMS, l'Organizzazione Mondiale&nbsp;della Sanit\u00e0, elimin\u00f2 l'omosessualit\u00e0 dall'elenco delle malattie mentali, anche se ci vollero ancora quattro anni affinch\u00e9 la decisione divenisse operativa, con la successiva edizione del Dsm (Diagnostic&nbsp;and statistical manual of mental disorders), approvato nel 1994.<\/p>\n\n\n\n<p>Nell\u2019ultimo anno, periodo Covid, sono aumentati ricatti e minacce subiti dalle persone lgbt, che sono passati dall\u201911% al 28%. I casi di mobbing e discriminazioni sul lavoro dal 3 al 15%. Sono i dati di Gay help line, resi noti in vista della 31esima giornata internazionale contro l'omotransfobia. Il 2021 \u00e8 l\u2019anno in cui, secondo Ilga Europe (associazione internazionale per i diritti LGBT presente all\u2019Onu), l\u2019Italia scende al 35esimo posto della classifica dei Paesi Europei per politiche a tutela dei diritti umani e dell\u2019uguaglianza delle persone LGBT+ (lesbiche, gay, bisex e trans). Al gayhelpline.it, contact center contro omofobia e transfobia, registrano pi\u00f9 di 50 contatti al giorno (tra linea e chat) oltre 20.000 l\u2019anno, da parte di persone colpite da discriminazione, odio e violenza in quanto lesbiche, gay bisex e trans. Inoltre, nell\u2019anno in cui la pandemia ha limitato la socializzazione al web, il 30% degli studenti Lgbt+ che ha contattato la Gay Help Line ha detto di aver subito episodi di cyberbullismo e hate speech online.<\/p>\n\n\n\n<p>Ancora, circa il 60% degli utenti rientra nella fascia di et\u00e0 13-27. L\u2019incidenza del pregiudizio e della discriminazione ha un peso particolare sui ragazzi: questo perch\u00e9 i problemi iniziano gi\u00e0 con il coming out in famiglia. I dati evidenziano che nell\u2019ultimo anno il 50% dei giovani lesbiche, gay o bisex&nbsp;ha avuto problemi in famiglia dopo essersi dichiarato ai genitori. La percentuale sale al 70% se a dichiararsi sono giovani Trans. Il 36% dei minori lgbt+ ha visto il rifiuto da parte dei familiari o dei propri pari. Il 17% dei ragazzi maggiorenni che ha contattato Gay Help Line, dopo essersi dichiarati ai genitori, ha subito la perdita del sostegno economico da parte della famiglia: la maggior parte di questi sono stati di conseguenza abbandonati e messi in strada.<\/p>\n\n\n\n<p>Un dato che risulta costante nel tempo \u00e8 la difficolt\u00e0 delle vittime a denunciare: il fenomeno dell\u2019underreporting (mancata denuncia) incide in maniera preoccupante sul riconoscimento dell\u2019entit\u00e0 delle discriminazioni e delle violenze.<\/p>\n","protected":false},"excerpt":{"rendered":"<p>Roma, 17 Magg 2021 &#8211; &#8220;La Giornata internazionale contro l&#8217;omofobia, la transfobia e la bifobia \u00e8 l&#8217;occasione per ribadire il rifiuto assoluto di ogni forma&#8230;<\/p>\n","protected":false},"author":2,"featured_media":187204,"comment_status":"closed","ping_status":"open","sticky":false,"template":"","format":"standard","meta":[],"categories":[49,51],"tags":[],"_links":{"self":[{"href":"https:\/\/www.cronacaonline.it\/index.php\/wp-json\/wp\/v2\/posts\/206677"}],"collection":[{"href":"https:\/\/www.cronacaonline.it\/index.php\/wp-json\/wp\/v2\/posts"}],"about":[{"href":"https:\/\/www.cronacaonline.it\/index.php\/wp-json\/wp\/v2\/types\/post"}],"author":[{"embeddable":true,"href":"https:\/\/www.cronacaonline.it\/index.php\/wp-json\/wp\/v2\/users\/2"}],"replies":[{"embeddable":true,"href":"https:\/\/www.cronacaonline.it\/index.php\/wp-json\/wp\/v2\/comments?post=206677"}],"version-history":[{"count":1,"href":"https:\/\/www.cronacaonline.it\/index.php\/wp-json\/wp\/v2\/posts\/206677\/revisions"}],"predecessor-version":[{"id":206679,"href":"https:\/\/www.cronacaonline.it\/index.php\/wp-json\/wp\/v2\/posts\/206677\/revisions\/206679"}],"wp:featuredmedia":[{"embeddable":true,"href":"https:\/\/www.cronacaonline.it\/index.php\/wp-json\/wp\/v2\/media\/187204"}],"wp:attachment":[{"href":"https:\/\/www.cronacaonline.it\/index.php\/wp-json\/wp\/v2\/media?parent=206677"}],"wp:term":[{"taxonomy":"category","embeddable":true,"href":"https:\/\/www.cronacaonline.it\/index.php\/wp-json\/wp\/v2\/categories?post=206677"},{"taxonomy":"post_tag","embeddable":true,"href":"https:\/\/www.cronacaonline.it\/index.php\/wp-json\/wp\/v2\/tags?post=206677"}],"curies":[{"name":"wp","href":"https:\/\/api.w.org\/{rel}","templated":true}]}}