{"id":206664,"date":"2021-05-17T07:48:57","date_gmt":"2021-05-17T05:48:57","guid":{"rendered":"https:\/\/www.cronacaonline.it\/?p=206664"},"modified":"2021-05-17T07:48:58","modified_gmt":"2021-05-17T05:48:58","slug":"206664","status":"publish","type":"post","link":"https:\/\/www.cronacaonline.it\/index.php\/2021\/05\/17\/206664\/","title":{"rendered":"(title)"},"content":{"rendered":"\n<p>Da oggi l\u2019Italia quasi tutta gialla e attesa per oggi cabina di regia su coprifuoco e nuove aperture.<\/p>\n\n\n\n<p>Roma, 17 Magg 2021 \u2013 A partire da oggi, l\u2019Italia \u00e8 quasi completamente in giallo. Infatti, il Ministro della Salute, Roberto Speranza, sulla base dei dati e delle indicazioni della Cabina di Regia dello scorso 14 maggio 2021, ha firmato una nuova ordinanza che porta in zona gialla le Regioni Sicilia e Sardegna. L'unica \"variazione cromatica\" sar\u00e0 rappresentata dalla Valle d'Aosta che anche avendo numeri da giallo deve restare in zona arancione in base all'ordinanza firmata venerd\u00ec 7 maggio dal ministro.<\/p>\n\n\n\n<p>Complessivamente, quindi, la ripartizione delle Regioni e Province Autonome nelle diverse aree in base ai livelli di rischio a partire da oggi \u00e8 la seguente: zona gialla per Abruzzo, Basilicata, Calabria, Campania, Emilia Romagna, Friuli Venezia Giulia, Lazio, Liguria, Lombardia, Marche, Molise, Piemonte, Provincia autonoma di Bolzano, Provincia autonoma di Trento, Puglia, Sardegna, Sicilia, Toscana, Umbria e Veneto; zona arancione Valle d'Aosta.<\/p>\n\n\n\n<p>Si tratta di un risultato che arriva dopo 5 mesi e che porter\u00e0 a importanti riaperture anche nelle uniche regioni fino a ora rimaste con misure restrittive pi\u00f9 severe. In queste aree via libera a ristoranti (quelli con spazi all'aperto), cinema, teatri e musei e spostamenti.<\/p>\n\n\n\n<p>Intanto i&nbsp;turisti stranieri cominciano ad affacciarsi&nbsp;nuovamente nelle piazze e nelle strade delle citt\u00e0 italiane, dopo la&nbsp;circolare del ministro della Salute Roberto Speranza che da oggi cancella la quarantena per i cittadini dell'Unione Europea e&nbsp;della Gran Bretagna, ma anche per chi arriva&nbsp;dai territori dell'area Schengen e Israele. Da sabato intanto gli italiani sono tornati&nbsp;in spiaggia nel&nbsp;giorno della riapertura degli stabilimenti e delle piscine&nbsp;all'aperto. In attesa del doppio appuntamento di oggi la cabina di regia politica nella quale il governo far\u00e0 il&nbsp;tagliando alle restrizioni in vigore con il possibile posticipo&nbsp;del coprifuoco a mezzanotte e la riunione dei tecnici dalla&nbsp;quale dovrebbero scaturire i nuovi parametri per definire le&nbsp;fasce di colore delle regioni - riapre un altro pezzo d'Italia.<\/p>\n\n\n\n<p>Una ripartenza che conferma quel principio di gradualit\u00e0 e&nbsp;prudenza nelle scelte dell'esecutivo che il presidente del&nbsp;Consiglio Mario Draghi ha ribadito pi\u00f9 volte e che ripeter\u00e0 nel&nbsp;vertice con i capigruppo di maggioranza di domani, nonostante il&nbsp;pressing costante del centrodestra e di buona parte dei&nbsp;presidenti di regione.<\/p>\n\n\n\n<p>I numeri continuano ad essere in&nbsp;miglioramento, come dimostrano i 6.659 casi e le 136 vittime&nbsp;nelle ultime 24 ore, dato quest'ultimo che non si registrava dal&nbsp;22 ottobre, e la campagna vaccinale procede senza intoppi. Ma&nbsp;per non vanificare i sacrifici fatti dagli italiani in questi&nbsp;mesi, \u00e8 il ragionamento che viene fatto dalle parti di palazzo&nbsp;Chigi, e per non dover procedere a nuove chiusure, \u00e8 necessario&nbsp;muoversi con cautela. Anche perch\u00e9, e le immagini degli&nbsp;assembramenti da Bari a Palermo fino a Roma dove \u00e8 stata chiusa&nbsp;per alcune ore l'area di fontana di Trevi sono la prova, non \u00e8&nbsp;ancora il momento di togliere le restrizioni.<\/p>\n\n\n\n<p>Oggi dunque non&nbsp;dovrebbero esserci stravolgimenti rispetto alle ipotesi&nbsp;ampiamente circolate: il posticipo del coprifuoco, alle 23 o pi\u00f9&nbsp;probabilmente a mezzanotte, a partire dal 24 di maggio, la data&nbsp;per la riapertura dei centri commerciali nei fine settimana&nbsp;(probabilmente gi\u00e0 dal 22 maggio) e quella per la ripartenza del&nbsp;settore dei matrimoni e delle cerimonie (si \u00e8 ipotizzato attorno&nbsp;al 15 giugno). Non \u00e8 escluso, inoltre, che dal vertice possa&nbsp;arrivare anche l'indicazione per una nuova verifica delle misure&nbsp;a fine mese nel corso della quale valutare la possibile&nbsp;cancellazione del 'tutti a casa' e affrontare il tema&nbsp;dell'utilizzo della mascherina all'aperto durante l'estate.&nbsp;\"Al chiuso la mascherina dovrebbe rimanere anche dopo, per un bel po'\", il parere del sottosegretario alla Salute Pierpaolo Sileri che, nei giorni scorsi, aveva ipotizzato l'addio alle protezioni una volta raggiunti i 30 milioni di vaccinati. Apre alla possibilit\u00e0 di togliere le mascherine all'aperto Andrea Crisanti, secondo il quale una decisione potr\u00e0 essere valutata tra \"un paio di settimane\". Arriva dall'infettivologo genovese Matteo Bassetti, infine, l'invito al governo a rimuovere l'obbligo della mascherina \"dopo 20 giorni dalla prima dose del vaccino\".<\/p>\n\n\n\n<p>Ed \u00e8 proprio sul fronte vaccinale che il Comitato Tecnico Scientifico potrebbe varare la prossima novit\u00e0, quella cio\u00e8 di prolungare la validit\u00e0 del green pass oltre i previsti 6 mesi. Indicazioni in tal senso sono state date dal governatore della Liguria, Giovanni Toti. \"Il ministro Speranza ha incontrato l'Ordine nazionale dei medici - ha detto - cui ha assicurato che nei prossimi provvedimenti di legge sar\u00e0 prorogato di almeno tre mesi\".&nbsp;<\/p>\n\n\n\n<p>Il centrodestra continua per\u00f2 ad insistere affinch\u00e9 si&nbsp;anticipi la ripartenza di tutti i settori rispetto a quanto&nbsp;previsto dal decreto, a partire dai bar e dai ristoranti al&nbsp;chiuso. L'Italia ha dati \"confortanti che ci permettono di&nbsp;chiedere il ritorno al lavoro, alla libert\u00e0 e alla vita\" dice&nbsp;Matteo Salvini dopo aver riunito ministri, presidenti e sindaci&nbsp;della Lega. Ma \u00e8 sempre sul coprifuoco che si concentrano le&nbsp;pressioni pi\u00f9 forti, con il ministro del Turismo Massimo&nbsp;Garavaglia che parla di \"giorni contati\" per il tutti a casa:&nbsp;\"non funziona per il turismo e mi auguro che si possa dare il&nbsp;messaggio che dai primi di giugno non ci sia pi\u00f9\". Anche Forza&nbsp;Italia, con il capogruppo alla Camera Roberto Occhiuto, ne&nbsp;chiede lo stop. \"Servono riaperture vere per tutti i settori, le&nbsp;imprese vogliono lavorare, con i soli ristori il paese non&nbsp;rinasce\". Pressioni alle quali Speranza replica rinnovando la&nbsp;necessit\u00e0&nbsp;che le riaperture siano \"ponderate, perch\u00e9 non&nbsp;vogliamo tornare indietro\", mentre il leader del Pd Enrico Letta&nbsp;prosegue nel botta e risposta ormai quotidiano con Salvini. \"Si&nbsp;riapre in sicurezza perch\u00e9 c'\u00e8 stato chi ha garantito che non ci&nbsp;fossero scelte sbracate quando invece qualcuno voleva solo&nbsp;sbracare\".<\/p>\n\n\n\n<p>E oggi dunque non ci sar\u00e0 solo la cabina di regia politica. E'&nbsp;previsto un incontro tra regioni, tecnici dell'Istituto&nbsp;superiore di Sanit\u00e0 e ministero in cui dovrebbe arrivare il via&nbsp;libera ai nuovi parametri per l'attribuzione delle fasce, che&nbsp;dovrebbero passare da 21 a 10-12. Rester\u00e0 tra gli indicatori del&nbsp;rischio l'Rt calcolato sui casi sintomatici, ma non&nbsp;rappresenter\u00e0 pi\u00f9 un automatismo che fa scattare il cambio di&nbsp;colore, come avvenuto finora: \u00e8 il compromesso raggiunto tra chi&nbsp;lo voleva cancellare del tutto (le Regioni) e chi, invece, lo&nbsp;ritiene ancora fondamentale per fotografare l'andamento&nbsp;dell'epidemia (ministero della Salute e Iss). A determinare le 4&nbsp;fasce di colore dovrebbero essere l'incidenza dei casi su&nbsp;100mila abitanti (con 250 si va in rosso, con 150-250 in&nbsp;arancione, con 50-150 in giallo e con meno di 50 in bianco) e&nbsp;l'Rt ospedaliero.<\/p>\n","protected":false},"excerpt":{"rendered":"<p>Da oggi l\u2019Italia quasi tutta gialla e attesa per oggi cabina di regia su coprifuoco e nuove aperture. Roma, 17 Magg 2021 \u2013 A partire&#8230;<\/p>\n","protected":false},"author":2,"featured_media":206552,"comment_status":"closed","ping_status":"open","sticky":false,"template":"","format":"standard","meta":[],"categories":[49,50],"tags":[],"_links":{"self":[{"href":"https:\/\/www.cronacaonline.it\/index.php\/wp-json\/wp\/v2\/posts\/206664"}],"collection":[{"href":"https:\/\/www.cronacaonline.it\/index.php\/wp-json\/wp\/v2\/posts"}],"about":[{"href":"https:\/\/www.cronacaonline.it\/index.php\/wp-json\/wp\/v2\/types\/post"}],"author":[{"embeddable":true,"href":"https:\/\/www.cronacaonline.it\/index.php\/wp-json\/wp\/v2\/users\/2"}],"replies":[{"embeddable":true,"href":"https:\/\/www.cronacaonline.it\/index.php\/wp-json\/wp\/v2\/comments?post=206664"}],"version-history":[{"count":1,"href":"https:\/\/www.cronacaonline.it\/index.php\/wp-json\/wp\/v2\/posts\/206664\/revisions"}],"predecessor-version":[{"id":206665,"href":"https:\/\/www.cronacaonline.it\/index.php\/wp-json\/wp\/v2\/posts\/206664\/revisions\/206665"}],"wp:featuredmedia":[{"embeddable":true,"href":"https:\/\/www.cronacaonline.it\/index.php\/wp-json\/wp\/v2\/media\/206552"}],"wp:attachment":[{"href":"https:\/\/www.cronacaonline.it\/index.php\/wp-json\/wp\/v2\/media?parent=206664"}],"wp:term":[{"taxonomy":"category","embeddable":true,"href":"https:\/\/www.cronacaonline.it\/index.php\/wp-json\/wp\/v2\/categories?post=206664"},{"taxonomy":"post_tag","embeddable":true,"href":"https:\/\/www.cronacaonline.it\/index.php\/wp-json\/wp\/v2\/tags?post=206664"}],"curies":[{"name":"wp","href":"https:\/\/api.w.org\/{rel}","templated":true}]}}