{"id":206449,"date":"2021-05-12T15:36:29","date_gmt":"2021-05-12T13:36:29","guid":{"rendered":"https:\/\/www.cronacaonline.it\/?p=206449"},"modified":"2021-05-12T15:36:31","modified_gmt":"2021-05-12T13:36:31","slug":"centro-europeo-per-il-controllo-delle-malattie-covid-ha-reso-noto-che-la-variante-indiana-si-sta-diffondendo-in-europa","status":"publish","type":"post","link":"https:\/\/www.cronacaonline.it\/index.php\/2021\/05\/12\/centro-europeo-per-il-controllo-delle-malattie-covid-ha-reso-noto-che-la-variante-indiana-si-sta-diffondendo-in-europa\/","title":{"rendered":"Centro europeo per il controllo delle malattie Covid ha reso noto che la variante indiana si sta diffondendo in Europa."},"content":{"rendered":"\n<p>Cagliari, 12 Magg 2021 - La variante indiana del virus SarsCov2 B.1.617 si sta diffondendo sempre di pi\u00f9 in Europa, dopo aver portato nelle ultime 8 settimane ad un intenso aumento dei contagi in India. A fare il punto \u00e8 il Centro europeo per il controllo delle malattie (Ecdc) nell'ultimo rapporto in cui valuta l'entit\u00e0 della minaccia rappresentata in Europa da questa variante ed elenca le opzioni di risposta possibili. Dal miglioramento della sorveglianza, al dare \"priorit\u00e0 assoluta\" alle vaccinazioni anti-Covid finalizzate a \"ridurre la mortalit\u00e0\", coprendo quindi \"le persone a rischio di malattia grave nel pi\u00f9 breve tempo possibile\" e riducendo la trasmissione di Sars-CoV-2, come \u00e8 stato recentemente documentato in Israele e Uk.<\/p>\n\n\n\n<p>Di questa variante sono stati individuati tre sottotipi, B.1.617.1, B.1.617.2 e B.1.617.3, di cui i primi due segnalati in Europa.<\/p>\n\n\n\n<p>Il primo, B.1.617.1, \u00e8 quello rilevato in India a dicembre, che ha raggiunto il suo picco a fine marzo, per poi calare ad aprile.<\/p>\n\n\n\n<p>In base alle sequenze del virus pubblicate sulla banca dati Gisaid EpiCov \u00e8 stato rilevato in India (1147), Regno Unito (247), Usa (137), Singapore (64),Germania (28), Australia (21), Danimarca (21), Bahrain (9), Giappone (9), Angola (8), Svizzera (8), Hong Kong (7), Irlanda(7), Portogallo (7), Belgio (5), Lussemburgo (5), Corea del Sud (5), Canada (4), Olanda (4), Nuova Zelanda (4), Svezia (4),Francia (3), Giordania (3), Repubblica Ceca (2), Guadalupe (2),Russia (2), Sint Maarten (2), Spagna (2), Cambogia (1), Grecia(1), Italia (1), Malesia (1), e Messico (1).<\/p>\n\n\n\n<p>Il sottotipo B.1.617.2 \u00e8 quello che invece ora sta diventando dominante in India da met\u00e0 aprile e si sta diffondendo rapidamente anche in Europa. Al 10 maggio infatti \u00e8 stato rilevato nel Regno Unito (676), India (290), Usa (192), Singapore (91), Australia (58), Germania (31), Giappone (20), Danimarca (18), Bahrain (13), Belgio (12), Francia (12), Irlanda (12), Svizzera (10), Nuova Zelanda (9), Italia (5), Polonia (5), Cina (4), Spagna (3), Svezia (3), Indonesia (2), Olanda (2), Aruba (1), Austria (1), Canada (1), Grecia (1), Hong Kong (1), Lussemburgo (1), Norvegia(1), Romania (1), Slovenia (1), e Corea del Sud (1).<\/p>\n\n\n\n<p>Il terzo sottotipo, rilevato a febbraio in India, \u00e8 invece ancora raro. \"Il dato positivo - rileva il virologo dell'Universit\u00e0 Bicocca di Milano, Francesco Broccolo - \u00e8 che il sottotipo 2 della variante indiana, quello che pi\u00f9 si sta diffondendo in Europa, non presenta la mutazione E 484 Q, presente negli altri due sottotipi, e nelle varianti sudafricana e brasiliana, capace di sfuggire agli anticorpi neutralizzanti del virus\".&nbsp;<\/p>\n","protected":false},"excerpt":{"rendered":"<p>Cagliari, 12 Magg 2021 &#8211; La variante indiana del virus SarsCov2 B.1.617 si sta diffondendo sempre di pi\u00f9 in Europa, dopo aver portato nelle ultime&#8230;<\/p>\n","protected":false},"author":2,"featured_media":206450,"comment_status":"closed","ping_status":"open","sticky":false,"template":"","format":"standard","meta":[],"categories":[49,51],"tags":[],"_links":{"self":[{"href":"https:\/\/www.cronacaonline.it\/index.php\/wp-json\/wp\/v2\/posts\/206449"}],"collection":[{"href":"https:\/\/www.cronacaonline.it\/index.php\/wp-json\/wp\/v2\/posts"}],"about":[{"href":"https:\/\/www.cronacaonline.it\/index.php\/wp-json\/wp\/v2\/types\/post"}],"author":[{"embeddable":true,"href":"https:\/\/www.cronacaonline.it\/index.php\/wp-json\/wp\/v2\/users\/2"}],"replies":[{"embeddable":true,"href":"https:\/\/www.cronacaonline.it\/index.php\/wp-json\/wp\/v2\/comments?post=206449"}],"version-history":[{"count":1,"href":"https:\/\/www.cronacaonline.it\/index.php\/wp-json\/wp\/v2\/posts\/206449\/revisions"}],"predecessor-version":[{"id":206451,"href":"https:\/\/www.cronacaonline.it\/index.php\/wp-json\/wp\/v2\/posts\/206449\/revisions\/206451"}],"wp:featuredmedia":[{"embeddable":true,"href":"https:\/\/www.cronacaonline.it\/index.php\/wp-json\/wp\/v2\/media\/206450"}],"wp:attachment":[{"href":"https:\/\/www.cronacaonline.it\/index.php\/wp-json\/wp\/v2\/media?parent=206449"}],"wp:term":[{"taxonomy":"category","embeddable":true,"href":"https:\/\/www.cronacaonline.it\/index.php\/wp-json\/wp\/v2\/categories?post=206449"},{"taxonomy":"post_tag","embeddable":true,"href":"https:\/\/www.cronacaonline.it\/index.php\/wp-json\/wp\/v2\/tags?post=206449"}],"curies":[{"name":"wp","href":"https:\/\/api.w.org\/{rel}","templated":true}]}}