{"id":206395,"date":"2021-05-11T17:36:03","date_gmt":"2021-05-11T15:36:03","guid":{"rendered":"https:\/\/www.cronacaonline.it\/?p=206395"},"modified":"2021-05-11T17:40:01","modified_gmt":"2021-05-11T15:40:01","slug":"pfizer-italia-il-vaccino-ha-richiamo-a-21-giorni-attenersi-agli-studi","status":"publish","type":"post","link":"https:\/\/www.cronacaonline.it\/index.php\/2021\/05\/11\/pfizer-italia-il-vaccino-ha-richiamo-a-21-giorni-attenersi-agli-studi\/","title":{"rendered":"Pfizer Italia: il vaccino ha richiamo a 21 giorni, attenersi agli studi."},"content":{"rendered":"\n<p>Roma, 11 Magg 2021 - \"Il vaccino \u00e8 stato studiato per una seconda somministrazione a 21 giorni. Dati su di un pi\u00f9 lungo range di somministrazione al momento non ne abbiamo se non nelle osservazioni di vita reale, come \u00e8 stato fatto nel Regno Unito. E' una valutazione del Cts, osserveremo quello che succede. Come Pfizer dico per\u00f2 di attenersi a quello che \u00e8 emerso dagli studi scientifici perch\u00e9 questo garantisce i risultati che hanno permesso l'autorizzazione\". Cos\u00ec il direttore medico di Pfizer Italia Valeria Marino, a Sky TG24, sul possibile allungamento a 5 settimane della finestra per la somministrazione della seconda dose.<\/p>\n\n\n\n<p>Marino ha poi proseguito: \"Dobbiamo studiare anche la necessit\u00e0 della terza dose, abbiamo i dati che dimostrano la copertura immunitaria a sei mesi, dobbiamo osservare i successivi sei mesi. Potrebbe essere possibile una terza dose ma forse anche non necessaria, a meno che non intervengano eventuali varianti, in quel caso una dose 'buster' potrebbe essere utile\".<\/p>\n\n\n\n<p>E ancora: \"Sul vaccino annuale bisogna essere molto cauti, potrebbe essere necessario entro l'anno o magari entro due\".Infine ha ricordato come \"gli studi dimostrino l'efficacia del vaccino sulle varianti, in particolare la sudafricana. Vale lo stesso su quella brasiliana. L'allarmismo \u00e8 pi\u00f9 relativo alla capacit\u00e0 di diffusione\".<\/p>\n\n\n\n<p>\"Stiamo lavorando ad un inibitore delle proteasi, un farmaco che blocchi la riproduzione del virus. Siamo ancora nella fase uno, stiamo cercando il dosaggio giusto. E cos\u00ec come si \u00e8 andati veloci nella scoperta del vaccino possiamo farlo anche nella sperimentazione del farmaco\",&nbsp;ha detto Valeria Marino, direttore medico di Pfizer Italia, spiegando che l'ipotesi \u00e8 che \"i trial possano finire entro l'anno. Possibile che per il prossimo anno avremo anche una pillola anti-Covid\". Marino ha poi sottolineato che nel giro di 4 settimane dovrebbe arrivare l'autorizzazione Ema per le temperature di conservazione: \" sono state di fatto alzate fino a 2-8 gradi. E'stata fatta richiesta all'Autorit\u00e0 regolatoria per conservalo a questa temperatura per un mese\". Sempre tra quattro settimane, l'agenzia regolatoria europea dovrebbe decidere sul vaccino per i ragazzi di 15 anni: \"la sottomissione dei dati sul vaccino ad Ema \u00e8 stata fatta il 30 aprile - ha detto -&nbsp; di solito i tempi tecnici per approvare sono di 4 settimane. A marzo \u00e8 partito trial per i soggetti ancora pi\u00f9 giovani che vanno dai sei mesi agli undici anni divisi in fasce d'et\u00e0: uno studio dai 5 agli 11 anni, dai 2 ai 5 anni e dai 6 mesi ai due anni. Ci aspettiamo che tra settembre e novembre dovrebbe arrivare la sottomissione all'Autorit\u00e0 regolatoria anche delle fasce pi\u00f9 basse. Per la fine dell'anno potremmo avere anche il vaccino per i neonati\".<\/p>\n\n\n\n<p>Il direttore medico di Pfizer Italia ha continuato dicendo che la casa farmaceutica si sta impegnando \"per aumentare la velocit\u00e0 di produzione. Pfizer ha ridotto i tempi di produzione delle fiale da 110 a 60 giorni e si impegna a ridurlo ulteriormente. Esiste un dialogo con Ue per la fornitura di un maggior numero di dosi. \u00c8 sicuramente necessaria la collaborazione di tutti\". Infine Marino ha sottolineato: \"La tecnologia mRna \u00e8 innovativa e si stava studiando da tempo. Verr\u00e0 sicuramente sviluppata nei confronti di altre infezioni virali ma anche in campo oncologico. Nell'ambito della partnership con Biontech stiamo valutando altri filoni di ricerca\".<\/p>\n\n\n\n<p>\"Non sappiamo cosa succeder\u00e0 perch\u00e9 non sono mai stati rilevati episodi analoghi. Al momento sta bene, verr\u00e0 monitorata dai medici. Non dovrebbe succedere nulla di grave\", ha detto Valeria Marino, direttore medico di Pfizer Italia commentando il caso di una ragazza 23enne a cui, all'ospedale Noa di Massa, sono state somministrate per errore quattro dosi di vaccino Pfizer.&nbsp;<\/p>\n","protected":false},"excerpt":{"rendered":"<p>Roma, 11 Magg 2021 &#8211; &#8220;Il vaccino \u00e8 stato studiato per una seconda somministrazione a 21 giorni. Dati su di un pi\u00f9 lungo range di&#8230;<\/p>\n","protected":false},"author":2,"featured_media":206396,"comment_status":"closed","ping_status":"open","sticky":false,"template":"","format":"standard","meta":[],"categories":[49,51],"tags":[],"_links":{"self":[{"href":"https:\/\/www.cronacaonline.it\/index.php\/wp-json\/wp\/v2\/posts\/206395"}],"collection":[{"href":"https:\/\/www.cronacaonline.it\/index.php\/wp-json\/wp\/v2\/posts"}],"about":[{"href":"https:\/\/www.cronacaonline.it\/index.php\/wp-json\/wp\/v2\/types\/post"}],"author":[{"embeddable":true,"href":"https:\/\/www.cronacaonline.it\/index.php\/wp-json\/wp\/v2\/users\/2"}],"replies":[{"embeddable":true,"href":"https:\/\/www.cronacaonline.it\/index.php\/wp-json\/wp\/v2\/comments?post=206395"}],"version-history":[{"count":1,"href":"https:\/\/www.cronacaonline.it\/index.php\/wp-json\/wp\/v2\/posts\/206395\/revisions"}],"predecessor-version":[{"id":206397,"href":"https:\/\/www.cronacaonline.it\/index.php\/wp-json\/wp\/v2\/posts\/206395\/revisions\/206397"}],"wp:featuredmedia":[{"embeddable":true,"href":"https:\/\/www.cronacaonline.it\/index.php\/wp-json\/wp\/v2\/media\/206396"}],"wp:attachment":[{"href":"https:\/\/www.cronacaonline.it\/index.php\/wp-json\/wp\/v2\/media?parent=206395"}],"wp:term":[{"taxonomy":"category","embeddable":true,"href":"https:\/\/www.cronacaonline.it\/index.php\/wp-json\/wp\/v2\/categories?post=206395"},{"taxonomy":"post_tag","embeddable":true,"href":"https:\/\/www.cronacaonline.it\/index.php\/wp-json\/wp\/v2\/tags?post=206395"}],"curies":[{"name":"wp","href":"https:\/\/api.w.org\/{rel}","templated":true}]}}