{"id":206315,"date":"2021-05-09T16:17:49","date_gmt":"2021-05-09T14:17:49","guid":{"rendered":"https:\/\/www.cronacaonline.it\/?p=206315"},"modified":"2021-05-09T16:17:50","modified_gmt":"2021-05-09T14:17:50","slug":"strasburgo-conferenza-sul-futuro-delleuropa-sassoli-aggiornamento-trattati-ue-non-sia-tabu","status":"publish","type":"post","link":"https:\/\/www.cronacaonline.it\/index.php\/2021\/05\/09\/strasburgo-conferenza-sul-futuro-delleuropa-sassoli-aggiornamento-trattati-ue-non-sia-tabu\/","title":{"rendered":"Strasburgo, Conferenza sul futuro dell&#8217;Europa. Sassoli: &#8220;Aggiornamento Trattati Ue non sia tab\u00f9&#8221;."},"content":{"rendered":"\n<p>Strasburgo, 9 Magg 2021 - A Strasburgo, in Francia, la Conferenza sul Futuro dell'Europa. L'inaugurazione \u00e8 avvenuta nel giorno della Festa dell'Europa nell'emiciclo dell'Europarlamento, riaperto nella sede alsaziana dopo che dal febbraio 2020 la pandemia aveva costretto a spostare le sessioni a Bruxelles.\u00a0All'evento erano presenti il presidente francese, Emmanuel Macron, primo a prendere la parola, il presidente dell'Europarlamento David Sassoli, la presidente della Commissione Ue Ursula von der Leyen e il leader portoghese Antonio Costa, il cui Paese detiene la presidenza di turno dell'Ue.<\/p>\n\n\n\n<p>Gli incontri e i dibattiti sui vari temi (ambiente e clima, salute, economia e lavoro, eccetera) si svolgono gi\u00e0 da qualche tempo (l'agenda \u00e8 consultabile sulla piattaforma multilingue futureu.europa.eu. Von der Leyen:<\/p>\n\n\n\n<p>\"Dobbiamo garantire che la Conferenza sul futuro dell'Europa non sia solo un esercizio intellettuale o un compromesso politico e dobbiamo essere onesti sul fatto che la conferenza non sar\u00e0 la panacea o la soluzione a tutti i problemi\", ma \"sono convinta sia davvero un'opportunit\u00e0 di unire tutti gli europei\". Lo ha detto la presidente della Commissione europea, Ursula von der Leyen, durante l'evento di inaugurazione della conferenza sul futuro dell'Europa al Parlamento europeo di Strasburgo.&nbsp;<\/p>\n\n\n\n<p>Per il futuro dell'Unione europea serve una ''nuova solidariet\u00e0 e una giustizia sociale tra le generazioni'', un nuovo ''dialogo strutturale intergenerazionale'', ha dichiarato Ursula von der Leyen, sottolineando che ''i giovani devono avere un ruolo centrale in questo cambiamento''.<\/p>\n\n\n\n<p>\"Credo che questo sia un momento cos\u00ec importante perch\u00e9 in particolare i giovani abbiano voce in capitolo. Questa pandemia ha rubato loro pi\u00f9 di un anno. Esperienze, emozioni di cui ogni giovane ha bisogno, amicizie che plasmano una persona per sempre, opportunit\u00e0 di imparare, crescere e assumersi rischi\" e \"non possiamo sostituire tempo che pandemia ha rubato ai giovani ma possiamo costruire qualcosa per loro e con loro\". Cos\u00ec la presidente della Commissione Ue, Ursula von der Leyen. Sassoli: \"Modernizzare l'Ue\".<\/p>\n\n\n\n<p>\"Alla fine di questa pandemia la solidariet\u00e0 europea sar\u00e0 necessaria pi\u00f9 che mai per le conseguenze della crisi. Non commettiamo gli errori del passato: senza coesione sociale rafforzata, l'identit\u00e0 delle nostre societ\u00e0 sarebbero minacciate\". Cos\u00ec il presidente del Parlamento europeo David Sassoli alla cerimonia per il lancio della Conferenza sul futuro dell'Europa. \"Tutte le riflessioni e quelle dei nostri cittadini, cittadine, giovani dovranno implicare anche un aggiornamento dei Trattati. Siamo coraggiosi - ha detto Sassoli - non dobbiamo averne paura, non dobbiamo avere tab\u00f9\".<\/p>\n\n\n\n<p>''La nostra Unione Europea ha bisogno di essere modernizzata'' per poter ''affrontare le sfide della globalizzazione, le sfide finanziarie, economiche, sociali, ambientali e migratorie'', ha detto il presidente del Parlamento europeo David Sassoli intervenendo alla Conferenza sul futuro dell'Europa, da lui definita ''una priorit\u00e0 per il Parlamento europeo'', ''convinto della necessit\u00e0 di avvicinare i cittadini al progetto europeo, di coinvolgerli maggiormente e di sviluppare insieme una visione per il nostro futuro comune''.<\/p>\n\n\n\n<p>''Le varie crisi che hanno segnato l'ultimo decennio sono state un avvertimento che la nostra Unione Europea ha bisogno di essere modernizzata, e che dobbiamo adattare le nostre risorse e i nostri strumenti per poter affrontare le sfide della globalizzazione, le sfide finanziarie, economiche, sociali, ambientali e migratorie - ha proseguito -. Fino alla pandemia Covid-19, che sta colpendo il mondo intero e ognuno di noi, donne, uomini, giovani, anziani, bambini, studenti e lavoratori, con piena forza da pi\u00f9 di un anno. Questa pandemia ha scosso le nostre societ\u00e0 e le nostre democrazie e, mentre vediamo la via d'uscita, ci rendiamo conto dell'immensit\u00e0 delle sfide economiche, sociali e societarie che dobbiamo affrontare, che sono pari alle aspettative che i nostri cittadini hanno nei confronti dell'Europa''.&nbsp;<\/p>\n\n\n\n<p>''Per noi \u00e8 chiaro che l'Unione \u00e8 e sar\u00e0 al centro della ripresa economica e sociale, cos\u00ec come continuer\u00e0 ad essere al centro della strategia dei vaccini. Sono convinto che la stragrande maggioranza dei cittadini \u00e8 consapevole che \"la forza \u00e8 nei numeri\" e che la solidariet\u00e0 incarnata dall'Europa non pu\u00f2 che essere la risposta a questa crisi - ha aggiunto - Non possiamo tornare allo status quo, non possiamo tornare al mondo del passato, abbiamo bisogno di nuovi modelli che tengano conto della dimensione sociale e ambientale, un nuovo approccio incentrato sulla dignit\u00e0 dell'individuo ma anche sulla protezione del pianeta''.<\/p>\n\n\n\n<p>Sassoli ha definito ''storico il piano di recupero dell'Ue'' ricordato che ''per la prima volta, massicci trasferimenti di bilancio finanziati da un prestito comune contratto a nome dell'Unione europea sono assegnati agli Stati membri per un totale di 390 miliardi di euro di sovvenzioni in tre anni. Questi potenti meccanismi di solidariet\u00e0 a livello europeo saranno decisivi per sostenere la ripresa dell'Europa, per migliorare il potenziale di crescita delle economie europee, migliorando l'equit\u00e0 economica e mitigando l'impatto del cambiamento climatico''.<\/p>\n\n\n\n<p>Sassoli ha quindi affermato che ''il bilancio pluriennale 2021-27 aprir\u00e0 anche la strada per una transizione equa e inclusiva verso un futuro verde e digitale e sosterr\u00e0 l'autonomia strategica a lungo termine dell'UE. E il programma Next Generation Europe potrebbe contribuire ad aumentare il PIL dell'Ue di una media di circa il 2%, creando fino a 2 milioni di posti di lavoro in pi\u00f9 entro il 2024''.<\/p>\n\n\n\n<p>\"Se la democrazia decide all'unanimit\u00e0, se c'\u00e8 il diritto di veto, come pu\u00f2 rispondere con efficienza? Abbiamo bisogno di lavorare su noi stessi perch\u00e9 vogliamo lasciare alle giovani generazioni non solo il peso della crisi, ma anche l'orgoglio di aver un'Unione che sia un punto di riferimento in un mondo in cui la sfida dell'autoritarismo e la non libert\u00e0 \u00e8 molto forte\", ha detto il presidente del Parlamento europeo.<\/p>\n\n\n\n<p>\"La nostra Unione ha bisogno di un nuovo slancio democratico e questo \u00e8 il senso della conferenza sul futuro dell'Europa\", ha detto&nbsp;il presidente della Repubblica francese, Emmanuel Macron, durante l'evento di inaugurazione della conferenza sul futuro dell'Europa al Parlamento europeo di Strasburgo.<\/p>\n\n\n\n<p>\"C'\u00e8 una sensazione di sconfitta che sento tutti i giorni, ma io credo che con la crisi si sia affermato ancora di pi\u00f9 il modello europeo\", ha aggiunto il presidente francese. \"Se abbiamo saputo resistere a questa pandemia \u00e8 perch\u00e9 da 71 anni abbiamo costruito una realt\u00e0 che non era per niente scontata\" caratterizzata da \"un modello di protezione sociale di un'Europa della solidariet\u00e0\".&nbsp;<\/p>\n\n\n\n<p>''La solidariet\u00e0 e la democrazia sono la forza dell'Europa'', il ''modello dell'identit\u00e0 europea'' che ''\u00e8 basato su un sistema economico e sociale'' che abbiamo ''mantenuto durante la grande crisi'' causata dalla pandemia del coronavirus e che ''ci ha permesso di andare avanti'', ha dichiarato Macron, affermando che questo modello ''non dobbiamo mai renderlo fragile perch\u00e9 \u00e8 un tesoro conquistato nel tempo''. ''Se abbiamo resistito insieme a questa pandemia \u00e8 perch\u00e9 abbiamo adottato il nostro modello della solidariet\u00e0, della protezione sociale europea'', ha aggiunto.<\/p>\n\n\n\n<p>\"Non siamo semplicemente un mercato dei consumatori aperto ai quattro venti, ma dobbiamo ridiventare dei produttori, una comunit\u00e0 di grandi ricercatori, creatori, artisti e industriali, perch\u00e9 creare e produrre sul nostro suolo vuol dire garantire la nostra sovranit\u00e0, la protezione dei nostri valori\", ha detto Macron.<\/p>\n\n\n\n<p>\"Sono contento che gli Stati Uniti d'America si ispirino all'Europa per diventare pi\u00f9 solidali all'interno della loro societ\u00e0 o all'estero, ma spero davvero che noi europei possiamo ispirarci agli americani per ritrovare il gusto del futuro e della rapidit\u00e0, investire massicciamente e farlo rapidamente\", ha detto il presidente della Repubblica francese.<\/p>\n\n\n\n<p>''Una maggior e pi\u00f9 ampia partecipazione dei cittadini'', che devono essere ''non spettatori, artefici del cambiamento'' facendo ''sentire la loro voce per ridisegnare l'Europa del futuro''. \u00c8 questo rivolto dal primo ministro portoghese Antonio Costa, presidente di turno della Ue, che intervenendo alla Conferenza sul futuro dell'Europa ha detto che oggi ''geometrie variabili permettono la partecipazione di tutti'' per ''costruire un futuro con la necessaria unit\u00e0 e la naturale diversit\u00e0''.<\/p>\n\n\n\n<p>Costa ha quindi sottolineato che ''l'Unione europea non ha futuro se le nostre giovani generazioni non avranno futuro in Europea. Il tasso disoccupazione \u00e8 spaventoso, le difficolt\u00e0 di accesso a un alloggio impediscono un futuro ai giovani, ed \u00e8 questa la grande minaccia per il futuro e la prosperit\u00e0 del nostro continente che invecchia''.<\/p>\n\n\n\n<p>Il premier portoghese ha inoltre affermando che ''chi considera i migranti una minaccia per l'equilibrio demografico si sbaglia. La grande minaccia \u00e8 la nostra incapacit\u00e0 di garantire ai giovani la possibilit\u00e0 di autodeterminare le loro vite''.<\/p>\n\n\n\n<p>Il Comitato esecutivo della conferenza sul futuro dell'Europa ha approvato il regolamento interno che stabilisce la composizione della plenaria della conferenza e il suo funzionamento. L'organismo nasce per garantire che il contributo dei cittadini sia preso in considerazione nel contesto del periodo di discussioni e dibattiti che consentiranno a chiunque in Europa di condividere le proprie idee sul futuro comune dell'Unione.&nbsp;<\/p>\n\n\n\n<p>La plenaria sar\u00e0 composta da 108 deputati europei, 54 rappresentanti del Consiglio Ue (due per Stato membro), 3 membri della Commissione europea e 108 rappresentanti di tutti i parlamenti nazionali.<\/p>\n\n\n\n<p>Faranno parte della plenaria anche 108 cittadini che avranno il compito di discutere le idee che saranno proposte negli incontri pubblici e sulla piattaforma digitale multilingue. Faranno parte della componente di rappresentanza 'dal basso' 80 rappresentanti degli incontri tra cittadini europei, tra i quali almeno un terzo con meno di 25 anni, e 27 rappresentanti provenienti dagli incontri nazionali dei cittadini o dagli eventi della conferenza.<\/p>\n\n\n\n<p>A questi si aggiunger\u00e0 il presidente del Forum europeo dei giovani. Parteciperanno ai lavori della plenaria anche 18 rappresentanti del Comitato delle Regioni e del Comitato economico e sociale europeo e altri otto rappresentanti delle parti sociali e della societ\u00e0 civile. L'Alto rappresentante dell'Unione per gli affari esteri e la politica di sicurezza sar\u00e0 invitato quando si discuter\u00e0 il ruolo internazionale dell'Ue. Potranno, infine, essere invitati anche i rappresentanti delle parti interessate. La composizione della plenaria della conferenza sar\u00e0 equilibrata dal punto di vista del genere.&nbsp;<\/p>\n","protected":false},"excerpt":{"rendered":"<p>Strasburgo, 9 Magg 2021 &#8211; A Strasburgo, in Francia, la Conferenza sul Futuro dell&#8217;Europa. L&#8217;inaugurazione \u00e8 avvenuta nel giorno della Festa dell&#8217;Europa nell&#8217;emiciclo dell&#8217;Europarlamento, riaperto&#8230;<\/p>\n","protected":false},"author":2,"featured_media":206316,"comment_status":"closed","ping_status":"open","sticky":false,"template":"","format":"standard","meta":[],"categories":[49,51],"tags":[],"_links":{"self":[{"href":"https:\/\/www.cronacaonline.it\/index.php\/wp-json\/wp\/v2\/posts\/206315"}],"collection":[{"href":"https:\/\/www.cronacaonline.it\/index.php\/wp-json\/wp\/v2\/posts"}],"about":[{"href":"https:\/\/www.cronacaonline.it\/index.php\/wp-json\/wp\/v2\/types\/post"}],"author":[{"embeddable":true,"href":"https:\/\/www.cronacaonline.it\/index.php\/wp-json\/wp\/v2\/users\/2"}],"replies":[{"embeddable":true,"href":"https:\/\/www.cronacaonline.it\/index.php\/wp-json\/wp\/v2\/comments?post=206315"}],"version-history":[{"count":1,"href":"https:\/\/www.cronacaonline.it\/index.php\/wp-json\/wp\/v2\/posts\/206315\/revisions"}],"predecessor-version":[{"id":206317,"href":"https:\/\/www.cronacaonline.it\/index.php\/wp-json\/wp\/v2\/posts\/206315\/revisions\/206317"}],"wp:featuredmedia":[{"embeddable":true,"href":"https:\/\/www.cronacaonline.it\/index.php\/wp-json\/wp\/v2\/media\/206316"}],"wp:attachment":[{"href":"https:\/\/www.cronacaonline.it\/index.php\/wp-json\/wp\/v2\/media?parent=206315"}],"wp:term":[{"taxonomy":"category","embeddable":true,"href":"https:\/\/www.cronacaonline.it\/index.php\/wp-json\/wp\/v2\/categories?post=206315"},{"taxonomy":"post_tag","embeddable":true,"href":"https:\/\/www.cronacaonline.it\/index.php\/wp-json\/wp\/v2\/tags?post=206315"}],"curies":[{"name":"wp","href":"https:\/\/api.w.org\/{rel}","templated":true}]}}