{"id":206294,"date":"2021-05-08T15:37:21","date_gmt":"2021-05-08T13:37:21","guid":{"rendered":"https:\/\/www.cronacaonline.it\/?p=206294"},"modified":"2021-05-08T15:37:22","modified_gmt":"2021-05-08T13:37:22","slug":"portogallo-adottata-dichiarazione-ue-sul-sociale-draghi-fine-lungo-viaggio-per-tutela-diritti","status":"publish","type":"post","link":"https:\/\/www.cronacaonline.it\/index.php\/2021\/05\/08\/portogallo-adottata-dichiarazione-ue-sul-sociale-draghi-fine-lungo-viaggio-per-tutela-diritti\/","title":{"rendered":"Portogallo, adottata dichiarazione Ue sul sociale. Draghi: &#8220;Fine lungo viaggio per tutela diritti&#8221;."},"content":{"rendered":"\n<p>Cagliari, 8 Magg 2021 - \"Il momento \u00e8 la fine di un lungo viaggio nel campo della tutela dei diritti sociali. \u00c8 un processo che inizi\u00f2 nel 2017.\u00a0Ci sono voluti 4 anni per condividere una prima forma di coordinamento nel campo del lavoro e soprattutto dei diritti sociali\". Cos\u00ec il premier Mario Draghi, in conferenza stampa dopo il consiglio europeo informale di Porto, in Portogallo.<\/p>\n\n\n\n<p>\"Credo - aggiunge - che non sarebbe stato possibile se il Regno Unito fosse ancora membro dell'Unione europea\", visto \"che si era tenacemente opposto a un intervento in questo senso ritenendo che fosse un campo di esclusiva competenza nazionale. Ora i Paesi cominciano ad accettare che ci pu\u00f2 essere un'azione di miglioramento e della tutela dei diritti sociali\". Draghi aggiunge: \"Al di l\u00e0 dell'apparenza della dichiarazione che \u00e8 relativamente contenuta nei contenuti \u00e8 un passo importante\".<\/p>\n\n\n\n<p>Il momento \u00e8 quanto mai appropriato, gli obiettivi sono importanti. Il mercato del lavoro sta subendo mutamenti importanti, anche dovuti alla transizione ecologica. Avere un complesso di standard minimi di protezione di diritti sociali \u00e8 una garanzia importante\", ha spiegato il presidente del Consiglio. \"E' il primo passo per un mercato del lavoro comune\", dice Draghi sottolineando che le politiche di bilancio non siano ritirate troppo presto<\/p>\n\n\n\n<p>\"Io voglio riaprire, che le persone tornino fuori a lavorare, a stare insieme, a divertirsi. Ma bisogna farlo in sicurezza, calcolando bene il rischio che si corre. I dati sono incoraggianti\". Lo ha detto il premier Mario Draghi, rispondendo ad una domanda sulla possibilit\u00e0 di allargare le maglie sulle misure anti-Covid. \"Se l'andamento dovesse continuare in questa direzione la cabina di regia proceder\u00e0 ad altre aperture. L'importante \u00e8 essere graduali ed essere prudenti. Aspettiamo la riapertura alla stagione turistica\", ha spiegato Draghi.&nbsp;<\/p>\n\n\n\n<p>\u201cDurante il vertice informale dell'Unione europea&nbsp;si \u00e8 discusso anche sui tempi e le modalit\u00e0 del certificato verde europeo. \u00c8 stata soprattutto l'Italia a porre il tema, ha spiegato il presidente Draghi.<\/p>\n\n\n\n<p>Il governo italiano durante il consiglio europeo ha chiesto con forza che Commissione e Parlamento Ue definiscano \"con la massima rapidit\u00e0\" il 'Green pass', per evitare che ogni paese si muova in maniera autonoma sul turismo. Serve \"un modello europeo su cui confrontarsi per le misure turistiche. Altrimenti ci sar\u00e0 molta confusione\", ha aggiunto Draghi.<\/p>\n\n\n\n<p>\"Con la ripartenza del turismo bisogna considerare anche che gli aeroporti sono luoghi a cui bisogna guardare con molta attenzione, perch\u00e9 sono luoghi dove i contagi possono succedere, quindi bisogna rinforzare i controlli negli aeroporti. Questo non vuol dire chiudere: vuol dire riaprire ma farlo con la testa\", ha detto il presidente del Consiglio Mario Draghi.<\/p>\n\n\n\n<p>\"Liberalizzare il brevetto non garantisce la produzione di vaccini, che \u00e8 molto complessa. Poi la produzione dev'essere sicura, la liberalizzazione dei brevetti non la garantisce. La situazione \u00e8 molto molto pi\u00f9 complicata. Prima dovremmo fare cose pi\u00f9 semplici, come rimuovere il blocco delle esportazioni. L'Ue esporta tanto quanto ha dato ai suoi cittadini: il 50% \u00e8 andato a mercati che hanno il blocco alle esportazioni. Questa \u00e8 la prima cosa, la seconda \u00e8 accelerare la produzione, stiamo facendo tutto questo. Ma va fatto nei Paesi e versi i Paesi i cui abitanti stanno morendo. Ci sono vari programmi di aiuto finanziario ai vari Paesi. Il merito di questa proposta \u00e8 aver aperto una porta\". Lo dice il premier Mario Draghi al termine del vertice europeo di Porto.<\/p>\n\n\n\n<p>\"In Europa dobbiamo continuare ad accelerare le vaccinazioni con trasparenza e in sicurezza&nbsp;aumentando la produzione\": \u00e8 questa la linea che il premier Mario Draghi ha assunto nel suo primo vertice Ue in presenza a Porto dedicato ai temi sociali. Una posizione che - riferiscono fonti di palazzo Chigi - ha raccolto ampio consenso da parte dei leader e che ha orientato il dibattito nel corso della cena di preparazione al primo vertice informale in presenza per il premier. Il monito di Draghi - si aggiunge - \u00e8 rivolto anche a quei Paesi che ancora pongono blocchi alle esportazioni mentre l'Ue esporta l'80% della propria produzione.<\/p>\n\n\n\n<p>\"Sono felice di annunciare che la commissione Ue ha appena approvato un contratto per 900 milioni di dosi garantire con l'opzione per altri 900 milioni con BioNTech\/Pfizer&nbsp;per il 2021-2023. Seguiranno altri contratti e altre tecnologie per i vaccini\". Cos\u00ec la presidente della commissione Ue Ursula von der Leyen su Twitter.<\/p>\n\n\n\n<p>Dopo i lavori del vertice informale dei leader europei, il summit Europa-India, cui ha preso parte in video collegamento il primo ministro indiano Narendra Modi.&nbsp;<\/p>\n\n\n\n<p>\"Stiamo aprendo un nuovo capitolo nel partenariato strategico tra l'Ue e l'India. All'incontro dei leader dell'Ue con il premier Narendra Modi stiamo lanciando negoziati su tre accordi su commercio, investimenti e indicazioni geografiche\", aveva annunciato in un tweet il presidente del Consiglio europeo, Charles Michel. \"Partnership per la connettivit\u00e0 dialogo sui diritti umani, una pi\u00f9 stretta cooperazione in materia di sicurezza nell'Indo-Pacifico e altro\", ha aggiunto il leader Ue.<\/p>\n\n\n\n<p>\"L'incontro di oggi con Nanendra Modi non poteva essere pi\u00f9 puntuale. L'Ue \u00e8 al fianco dell'India in questo periodo difficile. Discuteremo anche di come rafforzare ulteriormente la partnership strategica. Ue e India possono ottenere molto di pi\u00f9 lavorando insieme\". Cos\u00ec su twitter la presidente della commissione Ue Ursula von der Leyen.<\/p>\n\n\n\n<p>Le dichiarazioni di Modi sono state molto attente, l'apertura che l'India ha fatto su questo accordo di libero scambio \u00e8 importantissima ma non credo che sia interpretabile come una mossa anticinese. C'\u00e8 stata grande solidariet\u00e0 nei confronti dell'India, l'atmosfera era molto solidale\". Cos\u00ec il premier Mario Draghi, al termine del vertice informale dei leader Ue.<\/p>\n\n\n\n<p>I capi di Stato e di Governo riuniti al vertice informale di Porto hanno adottato la dichiarazione emersa dal Social summit di ieri.<\/p>\n\n\n\n<p>Di seguito il testo integrale della dichiarazione:<\/p>\n\n\n\n<p>1. Sottolineiamo l'importanza dell'unit\u00e0 e della solidariet\u00e0 europea nella lotta contro la pandemia Covid-19. Questi valori hanno definito la risposta dei cittadini europei a questa crisi e sono anche al centro del nostro progetto comune e del nostro modello sociale distintivo. L'Europa deve essere pi\u00f9 che mai il continente della coesione sociale e della prosperit\u00e0. Riaffermiamo il nostro impegno a lavorare per un'Europa sociale. 2. Dall'inizio della pandemia di Covid-19, un'azione rapida, decisiva e globale a livello dell'Ue e nazionale ha protetto milioni di vite, posti di lavoro e imprese.<\/p>\n\n\n\n<p>3. Lo stesso spirito di unit\u00e0 e solidariet\u00e0&nbsp;ha ispirato il nostro storico accordo nel luglio 2020 sul Quadro finanziario pluriennale e lo sforzo specifico di ripresa nell'ambito del New Generation Eu. Mentre acceleriamo le transizioni verde e digitale, questo massiccio investimento europeo e le riforme associate porteranno l'Unione e i suoi Stati membri fermamente sulla via della riforma verso una ripresa equa, sostenibile e resiliente. Una ripresa collettiva, inclusiva, tempestiva e coesa rafforzer\u00e0 la competitivit\u00e0, la resilienza, la dimensione sociale e il ruolo dell'Europa sulla scena mondiale.&nbsp;<\/p>\n\n\n\n<p>4.&nbsp;\"Accogliamo con favore i nuovi obiettivi principali dell'Ue in materia di occupazione, competenze e riduzione della povert\u00e0 e il quadro di valutazione sociale rivisto proposto nel piano d'azione che aiuter\u00e0 a monitorare i progressi verso l'attuazione dei principi del Pilastro sociale, tenendo conto delle diverse circostanze nazionali e parte del quadro di coordinamento delle politiche nel contesto del semestre europeo.&nbsp;<\/p>\n\n\n\n<p>5. Come stabilito dall'agenda strategica dell'Ue 2019-2024, siamo determinati a continuare ad approfondire l'attuazione del Pilastro europeo dei diritti sociali a livello dell'Ue e nazionale, nel rispetto delle rispettive competenze e dei principi di sussidiariet\u00e0 e proporzionalit\u00e0. Il piano d'azione presentato dalla Commissione il 4 marzo 2021 fornisce utili orientamenti per l'attuazione del Pilastro europeo dei diritti sociali, anche nei settori dell'occupazione, delle competenze, della salute e della protezione sociale.<\/p>\n\n\n\n<p>6. Accogliamo con favore i nuovi obiettivi principali dell'Ue in materia di occupazione, competenze e riduzione della povert\u00e0 e il quadro di valutazione sociale rivisto proposto nel piano d'azione che aiuter\u00e0 a monitorare i progressi verso l'attuazione dei principi del Pilastro sociale, tenendo conto delle diverse circostanze nazionali e parte del quadro di coordinamento delle politiche nel contesto del semestre europeo<\/p>\n\n\n\n<p>7. Man mano che l'Europa si riprende gradualmente dalla pandemia Covid-19, la priorit\u00e0 sar\u00e0 passare dalla protezione alla creazione di posti di lavoro e al miglioramento della qualit\u00e0 del lavoro, dove le piccole e medie imprese (comprese quelle sociali) svolgono un ruolo chiave. L'attuazione dei principi del Pilastro europeo dei diritti sociali sar\u00e0 essenziale per garantire la creazione di nuovi e migliori posti di lavoro per tutti nel quadro di una ripresa inclusiva. A tale riguardo, il lavoro legislativo e non pertinente dovrebbe essere portato avanti a livello dell'Ue e degli Stati membri.<\/p>\n\n\n\n<p>8. Metteremo l'istruzione e le competenze al centro della nostra azione politica. Le transizioni verde e digitale porteranno enormi opportunit\u00e0 per i cittadini europei ma anche molte sfide, che richiederanno maggiori investimenti in istruzione, formazione professionale, apprendimento permanente, riqualificazione e riconversione, in modo da stimolare le transizioni occupazionali verso settori in cui vi \u00e8 una crescente domanda di lavoro. Allo stesso tempo, i cambiamenti legati alla digitalizzazione, all'intelligenza artificiale, al telelavoro e all'economia delle piattaforme richiederanno un'attenzione particolare al fine di rafforzare i diritti dei lavoratori, i sistemi di sicurezza sociale e la salute e sicurezza sul lavoro.<\/p>\n\n\n\n<p>9. Ci impegniamo a ridurre le disuguaglianze, a difendere salari equi, a combattere l'esclusione sociale e ad affrontare la povert\u00e0, ad assumerci l'obiettivo di combattere la povert\u00e0 infantile e ad affrontare i rischi di esclusione per gruppi sociali particolarmente vulnerabili come i disoccupati di lunga durata, gli anziani, persone con disabilit\u00e0 e senzatetto.<\/p>\n\n\n\n<p>10. Intensificheremo gli sforzi per combattere la discriminazione e lavoreremo attivamente per colmare i divari di genere in materia di occupazione, retribuzione e pensioni e per promuovere l'uguaglianza e l'equit\u00e0 per ogni individuo nella nostra societ\u00e0, in linea con i principi fondamentali dell'Unione europea e il pilastro europeo dei diritti sociali.<\/p>\n\n\n\n<p>11. Daremo priorit\u00e0 alle azioni per sostenere i giovani, che sono stati colpiti molto pesantemente dalla crisi di Covid-19, che ha profondamente interrotto la loro partecipazione al mercato del lavoro, nonch\u00e9 i loro piani di istruzione e formazione. I giovani rappresentano una fonte indispensabile di dinamismo, talento e creativit\u00e0 per l'Europa. Dobbiamo assicurarci che diventino la forza trainante della ripresa verde e digitale inclusiva per aiutare a costruire l'Europa del futuro, anche utilizzando il pieno potenziale di Erasmus+ per promuovere la mobilit\u00e0 in tutta Europa per tutti gli studenti e gli apprendisti.<\/p>\n\n\n\n<p>12. Sottolineiamo l'importanza di seguire da vicino, anche al massimo livello, i progressi compiuti verso l'attuazione del pilastro europeo dei diritti sociali e gli obiettivi principali dell'Ue per il 2030.<\/p>\n\n\n\n<p>13. Accogliamo con favore, come un altro successo del dialogo sociale europeo, che le parti sociali europee abbiano avanzato una proposta congiunta per una serie alternativa di indicatori per misurare il progresso economico, sociale e ambientale, integrando il Pil come misura di benessere per una crescita inclusiva e sostenibile.&nbsp;<\/p>\n\n\n\n<p>Il presidente del Consiglio europeo Charles Michel ha affermato che l'Ue sta \"facendo progressi\" nella produzione e distribuzione dei vaccini anti-Covid.<\/p>\n\n\n\n<p>\"Ieri pomeriggio abbiamo avuto l'opportunit\u00e0 di affrontare nuovamente il tema Covid-19 e ci sono tre punti importanti. Il primo: stiamo facendo progressi in Europa a livello di produzione dei vaccini e distribuzione dei vaccini. Un secondo punto importante \u00e8 che ieri abbiamo discusso la questione del certificato verde e abbiamo deciso che il 25 maggio, al prossimo Consiglio europeo, torneremo sulla questione per essere sicuri di poter incoraggiare tutti gli sforzi per trovare un accordo comune su questo tema importante. Il terzo punto \u00e8 la solidariet\u00e0 internazionale, siamo totalmente impegnati con Covax\", ha affermato in un punto stampa, in riferimento al programma internazionale che punta a realizzare un accesso equo ai vaccini anti COVID-19 nel mondo.<\/p>\n\n\n\n<p>\"I nostri cittadini si aspettano molto dalla ripresa che stiamo preparando. Si aspettano che abbia una forte impronta sociale, che abbia l'obiettivo di colmare le disuguaglianze, di rilanciare il lavoro di qualit\u00e0, di accompagnare tutti nella transizione grande che ci aspetta\", ha detto il presidente del Parlamento europeo David Sassoli, intervenendo al Consiglio europeo informale a Porto.<\/p>\n\n\n\n<p>\"La crescita delle disuguaglianze creata dalla crisi da Covid-19 - sottolinea - minaccia di lasciare un'eredit\u00e0 di povert\u00e0 e instabilit\u00e0 sociale ed economica che sarebbe devastante. Il Covid-19 ha messo in evidenza le disuguaglianze pre-pandemiche pi\u00f9 vividamente di quanto potessimo immaginare. Ha drammaticamente esposto le disparit\u00e0 nella nostra capacit\u00e0 di affrontare la fragilizzazione dei mezzi di sussistenza, dei sistemi educativi dei nostri figli e dei sistemi sanitari. Sarebbe ingannevole pensare che le linee di frattura sociale, allargate dalla pandemia, possano rimarginarsi in fretta e che l'economia e la societ\u00e0 possano quindi tornare alla normalit\u00e0 pre-pandemica\".<\/p>\n\n\n\n<p>Per Sassoli \"\u00e8 soprattutto in tempi di crisi che il progetto europeo deve dimostrare di essere un progetto per il bene di tutti, proteggendo le persone, sostenendo le imprese, investendo nell'uguaglianza, nel progresso sociale e nel benessere economico. Soddisfare i bisogni dei cittadini europei di assistenza, lavoro, dignit\u00e0, sicurezza e prosperit\u00e0 per il loro futuro \u00e8 il cuore di questo progetto\". Il Recovery plan \u00e8 un accordo di cui essere \"orgogliosi\" e \"contiene anche una dimensione sociale indispensabile\". \"Con il Piano europeo di ripresa, l'Europa si sta dando i mezzi per affrontare i problemi strutturali e avanzare ulteriormente verso un'Europa sociale. Il dialogo sociale e l'impegno degli attori sociali saranno essenziali per raggiungere questo obiettivo\".<\/p>\n\n\n\n<p>\"Dobbiamo continuare a dare vita, dopo questo vertice - ha detto ancora - alla necessaria ambizione sociale che deve essere al centro della strategia europea di ripresa. Per questo motivo, a nome del Parlamento europeo, vorrei invitare il Consiglio dell'Unione europea e la Commissione europea a rinnovare e rafforzare il nostro impegno comune verso un'Unione europea sostenibile, equa e inclusiva in particolare per dare attuazione concreta ai principi e ai diritti contenuti nel Pilastro europeo dei diritti sociali. Per questo, e come sottolineato nella nostra risoluzione su un'Europa sociale forte per transizioni giuste, dovremo da subito definire un'agenda politica forte con obiettivi chiari, ambiziosi e raggiungibili e con chiari indicatori di sostenibilit\u00e0 sociale\".<\/p>\n\n\n\n<p>\"Questo importante vertice deve essere non un punto di arrivo, ma un punto di partenza per aprire questo processo che porti a dare attuazione all'agenda sociale rinnovata che insieme qui stiamo concordando. Questo processo \u00e8 essenziale per garantire ai cittadini sicurezza, protezione sociale e prosperit\u00e0 nell'Unione e affrontare le sfide emergenti che l'Europa sta incontrando: crescenti disuguaglianze tra generazioni, lavoratori, regioni e Stati membri; disparit\u00e0 territoriali e accesso ineguale a servizi sociali e sanitari fondamentali, posti di lavoro e opportunit\u00e0 commerciali e infrastrutture sociali. \u00c8 giunto il momento di fare il punto sulle lezioni apprese dalla pandemia e di costruire societ\u00e0 resilienti e prospere nel futuro. Il Parlamento ritiene che abbiamo la legislazione, abbiamo i mezzi finanziari, abbiamo ora bisogno di una reale volont\u00e0 politica e dell'impegno di tutte le autorit\u00e0 responsabili per trasformare i diritti sociali in una realt\u00e0 per tutte le persone nell'Ue\".<\/p>\n","protected":false},"excerpt":{"rendered":"<p>Cagliari, 8 Magg 2021 &#8211; &#8220;Il momento \u00e8 la fine di un lungo viaggio nel campo della tutela dei diritti sociali. \u00c8 un processo che&#8230;<\/p>\n","protected":false},"author":2,"featured_media":206277,"comment_status":"closed","ping_status":"open","sticky":false,"template":"","format":"standard","meta":[],"categories":[49,50],"tags":[],"_links":{"self":[{"href":"https:\/\/www.cronacaonline.it\/index.php\/wp-json\/wp\/v2\/posts\/206294"}],"collection":[{"href":"https:\/\/www.cronacaonline.it\/index.php\/wp-json\/wp\/v2\/posts"}],"about":[{"href":"https:\/\/www.cronacaonline.it\/index.php\/wp-json\/wp\/v2\/types\/post"}],"author":[{"embeddable":true,"href":"https:\/\/www.cronacaonline.it\/index.php\/wp-json\/wp\/v2\/users\/2"}],"replies":[{"embeddable":true,"href":"https:\/\/www.cronacaonline.it\/index.php\/wp-json\/wp\/v2\/comments?post=206294"}],"version-history":[{"count":1,"href":"https:\/\/www.cronacaonline.it\/index.php\/wp-json\/wp\/v2\/posts\/206294\/revisions"}],"predecessor-version":[{"id":206295,"href":"https:\/\/www.cronacaonline.it\/index.php\/wp-json\/wp\/v2\/posts\/206294\/revisions\/206295"}],"wp:featuredmedia":[{"embeddable":true,"href":"https:\/\/www.cronacaonline.it\/index.php\/wp-json\/wp\/v2\/media\/206277"}],"wp:attachment":[{"href":"https:\/\/www.cronacaonline.it\/index.php\/wp-json\/wp\/v2\/media?parent=206294"}],"wp:term":[{"taxonomy":"category","embeddable":true,"href":"https:\/\/www.cronacaonline.it\/index.php\/wp-json\/wp\/v2\/categories?post=206294"},{"taxonomy":"post_tag","embeddable":true,"href":"https:\/\/www.cronacaonline.it\/index.php\/wp-json\/wp\/v2\/tags?post=206294"}],"curies":[{"name":"wp","href":"https:\/\/api.w.org\/{rel}","templated":true}]}}