{"id":206273,"date":"2021-05-08T07:42:09","date_gmt":"2021-05-08T05:42:09","guid":{"rendered":"https:\/\/www.cronacaonline.it\/?p=206273"},"modified":"2021-05-08T07:42:11","modified_gmt":"2021-05-08T05:42:11","slug":"vertice-ue-a-porto-draghi-litalia-e-leuropa-non-sono-come-dovrebbero-essere","status":"publish","type":"post","link":"https:\/\/www.cronacaonline.it\/index.php\/2021\/05\/08\/vertice-ue-a-porto-draghi-litalia-e-leuropa-non-sono-come-dovrebbero-essere\/","title":{"rendered":"Vertice Ue a Porto, Draghi: &#8220;L&#8217;Italia e l&#8217;Europa non sono come dovrebbero essere&#8221;."},"content":{"rendered":"\n<p>Cagliari, 8 Magg 2021 - I leader Ue, nel summit sociale di Porto, si impegnano a \"mantenere le misure d'emergenza finch\u00e9 \u00e8 necessario, promuovendo un approccio per facilitare la creazione di posti di lavoro\", e chiedono che il Consiglio Ue approvi gli obiettivi dell'agenda sociale entro il 2030, tra cui il 78% di occupazione, il 60% di lavoratori adulti impegnati in una formazione annuale.<\/p>\n\n\n\n<p>Ma i presidenti, nella dichiarazione conclusiva, precisano che tutto dovr\u00e0 essere fatto \"rispettando il principio di sussidiariet\u00e0 (quindi le competenze a livello dei singoli Stati) e limitando il peso amministrativo sulle Pmi\". I leader europei&nbsp;hanno partecipato al 'social summit'&nbsp;e&nbsp;al Consiglio informale Ue,&nbsp;in Portogallo, convocato&nbsp;dal primo ministro portoghese, Costa.&nbsp;Al vertice, dov'\u00e8&nbsp;assente Angela Merkel, si assiste alla contrapposizione tra i paesi del blocco orientale, con Polonia e Ungheria in prima linea (presente al summit Viktor Orban) in una 'strana alleanza' con i Paesi anseatici, promotori di un documento in contrasto con gli obiettivi comuni alla maggioranza degli Stati membri.<\/p>\n\n\n\n<p>\"Da tempo l'Ue ha fatto del suo modello sociale un punto di orgoglio. Il sogno europeo \u00e8 di garantire che nessuno venga lasciato indietro. Ma, gi\u00e0 prima della pandemia, le nostre societ\u00e0 e i nostri mercati del lavoro erano frammentati. Disuguaglianze generazionali, disuguaglianze di genere e disuguaglianze regionali. Questa non \u00e8 l'Italia come dovrebbe essere, n\u00e9 l'Europa come dovrebbe essere\". Cos\u00ec il premier Mario Draghi intervenendo al Social Summit di Porto nell'ambito di un panel dal titolo \"Employment and jobs\". \"Cosi come durante la Grande Recessione e la crisi del debito sovrano in Europa, sono i nostri giovani e le nostre donne a pagare il prezzo di questa tragedia\" ha sottolineato Draghi.&nbsp;\"Queste fratture hanno profonde radici storiche e culturali. Ma svelano - ha spiegato - anche evidenti carenze istituzionali e giuridiche. Troppi paesi dell'Unione europea hanno un mercato del lavoro a doppio binario, che avvantaggia i \"garantiti\" - in genere i lavoratori pi\u00f9&nbsp;anziani e maschi - a spese dei \"non garantiti\", come le donne e i giovani. Mentre i cosiddetti garantiti sono meglio retribuiti e godono di una maggiore sicurezza del lavoro, i non garantiti soffrono un vita lavorativa precaria\", ha rimarcato il presidente del Consiglio. \"Questo sistema \u00e8&nbsp;profondamente ingiusto e costituisce un ostacolo alla nostra capacit\u00e0&nbsp;di crescere e di innovare. L'Italia, grazie al Piano di Ripresa e Resilienza, sta cercando di porre rimedio a questa triste situazione\".<\/p>\n\n\n\n<p>\"Verranno investiti 6 miliardi di euro per riformare le politiche attive del mercato del lavoro. Il Piano prevede un Programma per l'occupabilit\u00e0&nbsp;e le competenze, destinato alla formazione e alla riqualificazione di coloro che devono cambiare lavoro o che sono alla ricerca di una prima occupazione, seguendo l'esempio del Programma europeo di garanzia per i giovani\" ha spiegato il premier.&nbsp;\"4,6 miliardi di euro sono destinati ad accrescere il numero di asili nido e di scuole materne, alleviando il carico delle madri lavoratrici. Sono previste anche misure di lotta alla povert\u00e0&nbsp;infantile\", ha ricordato Draghi. \"L'Italia sostiene il progetto di proposta della Commissione europea di Garanzia europea per l'infanzia, nonch\u00e9&nbsp;i principi contenuti nell'agenda relativi all'assistenza di lungo termine e alle pari opportunit\u00e0&nbsp;di genere\".<\/p>\n\n\n\n<p>Il programma Sure per lavoro diventi strutturale \"Assicuriamoci che il programma Sure di sostegno all'occupazione rimanga al suo posto\", diventando strutturale. Draghi auspica poi che non si riducano \"troppo presto gli stimoli di bilancio\".<\/p>\n\n\n\n<p>Oltre 14 miliardi&nbsp;per infrastrutture al Sud Nel Pnrr \"oltre 14 miliardi di euro sono previsti per le infrastrutture di trasporto al Sud, per aumentare la produttivit\u00e0 e l'accesso al mercato per imprese e lavoratori\".<\/p>\n\n\n\n<p>\u201cIl mondo sta cambiando e anche noi dobbiamo cambiare. Come ha detto il celebre Tomasi di Lampedusa nel Gattopardo: tutto deve cambiare perch\u00e9&nbsp;tutto resti come prima\". Cos\u00ec la presidente della Commissione europea, Ursula von der Leyen, durante il suo discorso introduttivo del Summit sociale di Porto. \"Dobbiamo agire sul cambiamento climatico e vogliamo&nbsp;che l'Europa sia all'avanguardia nella transizione digitale, ma anche dare vita alla promessa sociale dell'Europa e questo ci ha portato oggi a Porto\", ha aggiunto. \"Ora arriva un secondo passo importante, il Recovery: l'Europa fornir\u00e0 un grande pacchetto di 750 miliardi di Next Generation Eu, ma dobbiamo assicurarci che l'aspetto sociale sia prioritario\" ha detto ancora von der Leyen. \"Sono certa che questo summit dimostrer\u00e0 che l'Ue sapr\u00e0 rispondere adeguatamente\". \"La pandemia e l'incertezza non sono finite- ha continuato la presidente-.&nbsp;La ripresa \u00e8 ancora a una fase iniziale. Con la nostra economia sociale di mercato possiamo dare certezza alle persone ora che ne hanno pi\u00f9 bisogno. Ora abbiamo tutti una grande responsabilit\u00e0, tutti abbiamo un ruolo per la ripresa dalla pandemia\".<\/p>\n\n\n\n<p>\"Credo che dovremmo essere aperti alla discussione\" sulla deroga sulla propriet\u00e0 intellettuale. Ma quando usciremo di qui dovremo avere \"una visione a 360 gradi su questo\" argomento. \"Abbiamo bisogno di vaccini ora. La deroga sulla propriet\u00e0 intellettuale non risolver\u00e0 problema. Quello che serve \u00e8 una condivisione dei vaccini, l'export di dosi e investimenti per accrescere\" la capacit\u00e0 produttiva. Cos\u00ec la presidente della Commissione europea sul tema della lotta alla pandemia.<\/p>\n\n\n\n<p>\"L'Unione europea \u00e8 l'unica regione democratica del mondo che esporta su larga scala. Circa il 50% di quanto viene prodotto in Europa viene esportato verso circa 90 Paesi, incluso Covax. Sono circa 200 milioni di dosi che sono state esportate e circa 200 milioni di dosi distribuite agli europei. Invitiamo tutti quanti si impegnano nel dibattito della deroga temporanea dei brevetti di unirsi a noi ad impegnarsi ad esportare una larga parte di quanto producono\". Cos\u00ec la presidente della Commissione europea, Ursula Von der Leyen.<\/p>\n\n\n\n<p>\"Sar\u00e0 essenziale lavorare uniti per definire un quadro comune per un salario minimo europeo, come battaglia identitaria del nostro continente che ha alle spalle una storia di lotte per i diritti e che ha ancora sistemi di welfare pubblici che devono essere rilanciati e non smantellati nel cuore di questa crisi\". Lo ha detto il presidente del Parlamento europeo David Sassoli, nel suo intervento&nbsp;di apertura.&nbsp;\"L'Unione europea - ha sottolineato - deve ora cogliere l'opportunit\u00e0 di promuovere una societ\u00e0 equa e giusta, sostenendo l'inclusione sociale e combattendo la povert\u00e0, e dove ogni cittadino possa vivere una vita dignitosa. In questo senso, la Garanzia europea per l'infanzia \u00e8 uno strumento essenziale per ridurre le disuguaglianze fin dalla giovane et\u00e0 e dare ad ogni bambino in Europa l'opportunit\u00e0 di svilupparsi e crescere in un ambiente sano e dignitoso\". \"Ugualmente importante - ha aggiunto - \u00e8 fare in modo che la ripresa sia l'occasione di ritrovato protagonismo delle donne e delle ragazze nel mondo del lavoro e dell'istruzione e di un passo decisivo verso l'uguaglianza di genere, cominciando dalla parit\u00e0 salariale\".<\/p>\n\n\n\n<p>\"Questa crisi - secondo Sassoli - ci ha ricordato infatti il valore dei sistemi di welfare pubblico, lo ha insegnato anche ad altri che hanno tradizionalmente e storicamente avuto un approccio privatistico ai servizi alla persona. Guardate il cambio di passo senza precedenti che ha compiuto il Presidente Biden nel varare un intervento di stimolo pubblico di quasi due trilioni di dollari, che mette al centro l'azione pubblica a sostegno delle famiglie pi\u00f9 deboli e dell'infanzia. \u00c8 giunto il momento quindi di fare il punto sulle lezioni apprese dalla pandemia e di costruire societ\u00e0 resilienti e prospere nel futuro. Il Parlamento ritiene che abbiamo la legislazione, abbiamo i mezzi finanziari, necessitiamo solo della genuina volont\u00e0 politica e dell'impegno di tutte le autorit\u00e0 responsabili per trasformare i diritti sociali in una realt\u00e0 per ogni singola persona nell'Ue\".<\/p>\n\n\n\n<p>Il vicepresidente della Commissione europea, Valdis Dombrovskis \u00e8 intervenuto per sollecitare i governi a passare \"gradualmente\" con la ripresa economica dalla difesa dei posti di lavoro esistenti a politiche del lavoro attive per accompagnare le transizioni verde e digitale. Che significa cambiare posto di lavoro, piuttosto che difendere quello che c'\u00e8. Secondo Dombrovskis \"le trasformazioni delle nostre economie avranno successo solo se saranno socialmente accettabili, bisogner\u00e0 mettere enfasi sul ridurre le disuguaglianze di redditi e proteggere e aggiustare il nostro mercato, adattandolo alla realt\u00e0\". \"Quando saremo fuori dalla crisi - ha detto durante un panel del Porto Social Summit - dovremo muoversi gradualmente dalle misure che proteggono i posti di lavoro verso politiche attive, per accompagnare le transizioni green e digitale\".<\/p>\n\n\n\n<p>Il presidente francese ha invitato \"gli anglosassoni\" a smettere di \"bloccare\" le esportazioni di vaccini e degli ingredienti necessari per produrli, il che rafforzerebbe la \"solidariet\u00e0\" globale dei vaccini. Parlando al vertice, Macron ha detto: \"Perch\u00e9&nbsp;il vaccino circoli non dobbiamo bloccare gli ingredienti e le dosi\", tuttavia \"attualmente gli anglosassoni bloccano molti di questi ingredienti e vaccini. Oggi, il 100% dei vaccini prodotti negli Stati Uniti d'America va al mercato americano\", ha affermato. Quanto alla Ue, \"siamo i pi\u00f9&nbsp;generosi al mondo oggi nel campo dei Paesi sviluppati\".<\/p>\n\n\n\n<p>Polonia e Ungheria si sono opposte all'uso dell'espressione \"parit\u00e0&nbsp;di genere\" nella dichiarazione adottata dai leader dell'Ue al vertice informale di Porto, ottenendo una modifica. Il testo in inglese, negoziato dai 27 Stati membri dell'Unione, inizialmente faceva riferimento alla promozione della \"parit\u00e0&nbsp;di genere\". Ma nella sua versione finale, datata oggi, i leader si impegnano a promuovere l'uguaglianza \"per ogni individuo\". Il termine \"genere\" \u00e8&nbsp;ancora utilizzato, ma in riferimento alle \"disparit\u00e0&nbsp;tra i sessi\", ad esempio in termini di occupazione o di stipendio. \"La Polonia sottolinea sempre quanto sia importante la chiarezza giuridica. Dobbiamo attenerci alle disposizioni del trattato. Il trattato Ue fa un riferimento molto chiaro non all'uguaglianza di genere, ma all'uguaglianza tra donne e uomini\", ha spiegato un funzionario polacco ad Afp.&nbsp;Secondo fonti europee, l'opposizione del governo conservatore nazionalista polacco di Mateusz Morawiecki e quella del sovranista ungherese, Viktor Orban, si spiega con il fatto che la menzione \"parit\u00e0&nbsp;di genere\" crea secondo loro \"uno spazio per i diritti Lbgt, a cui sono fermamente contrari\".&nbsp;E sembra che Polonia e Ungheria abbiano avuto la stessa posizione anche con testi durante la presidenza tedesca.<\/p>\n","protected":false},"excerpt":{"rendered":"<p>Cagliari, 8 Magg 2021 &#8211; I leader Ue, nel summit sociale di Porto, si impegnano a &#8220;mantenere le misure d&#8217;emergenza finch\u00e9 \u00e8 necessario, promuovendo un&#8230;<\/p>\n","protected":false},"author":2,"featured_media":206274,"comment_status":"closed","ping_status":"open","sticky":false,"template":"","format":"standard","meta":[],"categories":[49,50],"tags":[],"_links":{"self":[{"href":"https:\/\/www.cronacaonline.it\/index.php\/wp-json\/wp\/v2\/posts\/206273"}],"collection":[{"href":"https:\/\/www.cronacaonline.it\/index.php\/wp-json\/wp\/v2\/posts"}],"about":[{"href":"https:\/\/www.cronacaonline.it\/index.php\/wp-json\/wp\/v2\/types\/post"}],"author":[{"embeddable":true,"href":"https:\/\/www.cronacaonline.it\/index.php\/wp-json\/wp\/v2\/users\/2"}],"replies":[{"embeddable":true,"href":"https:\/\/www.cronacaonline.it\/index.php\/wp-json\/wp\/v2\/comments?post=206273"}],"version-history":[{"count":1,"href":"https:\/\/www.cronacaonline.it\/index.php\/wp-json\/wp\/v2\/posts\/206273\/revisions"}],"predecessor-version":[{"id":206275,"href":"https:\/\/www.cronacaonline.it\/index.php\/wp-json\/wp\/v2\/posts\/206273\/revisions\/206275"}],"wp:featuredmedia":[{"embeddable":true,"href":"https:\/\/www.cronacaonline.it\/index.php\/wp-json\/wp\/v2\/media\/206274"}],"wp:attachment":[{"href":"https:\/\/www.cronacaonline.it\/index.php\/wp-json\/wp\/v2\/media?parent=206273"}],"wp:term":[{"taxonomy":"category","embeddable":true,"href":"https:\/\/www.cronacaonline.it\/index.php\/wp-json\/wp\/v2\/categories?post=206273"},{"taxonomy":"post_tag","embeddable":true,"href":"https:\/\/www.cronacaonline.it\/index.php\/wp-json\/wp\/v2\/tags?post=206273"}],"curies":[{"name":"wp","href":"https:\/\/api.w.org\/{rel}","templated":true}]}}