{"id":206266,"date":"2021-05-07T18:59:08","date_gmt":"2021-05-07T16:59:08","guid":{"rendered":"https:\/\/www.cronacaonline.it\/?p=206266"},"modified":"2021-05-07T18:59:09","modified_gmt":"2021-05-07T16:59:09","slug":"covid-sicilia-sardegna-e-valle-daosta-rimangono-arancioni-ed-il-resto-del-paese-in-area-gialla-svanita-la-speranza-sul-giallo-fantasticata-dallassessore-regionale-alla-sanita-della-sarde","status":"publish","type":"post","link":"https:\/\/www.cronacaonline.it\/index.php\/2021\/05\/07\/covid-sicilia-sardegna-e-valle-daosta-rimangono-arancioni-ed-il-resto-del-paese-in-area-gialla-svanita-la-speranza-sul-giallo-fantasticata-dallassessore-regionale-alla-sanita-della-sarde\/","title":{"rendered":"Covid: Sicilia, Sardegna e Valle d&#8217;Aosta rimangono arancioni ed il resto del Paese in area gialla. Svanita la speranza sul giallo fantasticata dall\u2019Assessore regionale alla Sanit\u00e0 della Sardegna."},"content":{"rendered":"\n<p>Roma, 7 magg 2021 - Il Ministro della Salute Roberto Speranza, sulla base dei dati e delle indicazioni della cabina di regia, firmer\u00e0 in giornata nuove ordinanze che andranno in vigore a partire dal 10 maggio. Nessuna regione \u00e8 in area rossa. Sono in area arancione le regioni Sicilia, Sardegna e Val d'Aosta. Tutte le altre regioni e province autonome sono in area gialla.<\/p>\n\n\n\n<p>Sale anche questa settimana l'indice di contagio del coronavirus in Italia che passa dallo 0,85 della scorsa settimana a 0,89. L'incidenza secondo gli ultimi calcoli sarebbe ancora in discesa dal valore 146 registrato nel monitoraggio della scorsa settimana, arrivando ora a 127 casi ogni 100mila abitanti.&nbsp;\"Il punto essenziale dell'Rt \u00e8 il valore di 1. Quando si \u00e8 sotto in tutto l'intervallo di confidenza sia ha la certezza che la circolazione \u00e8 in decrescita. Alcune oscillazioni si possono vedere ma il dato \u00e8 solido\". Cos\u00ec il presidente dell'Iss, Silvio Brusaferro, in conferenza stampa.<\/p>\n\n\n\n<p>Nell'ultima settimana di monitoraggio si osserva in Italia \"un miglioramento generale del rischio\", con nessuna Regione a rischio alto per la seconda settimana consecutiva. Sei Regioni hanno una classificazione di rischio moderato (di cui una, Calabria, ad alta probabilit\u00e0 di progressione a rischio alto nelle prossime settimane) e 15 Regioni hanno una classificazione di rischio basso. Una Regione (Molise) e una Provincia Autonoma (Bolzano) hanno un Rt puntuale maggiore di uno, ma con il limite inferiore sotto l'uno. Tutte le Regioni hanno una trasmissibilit\u00e0 compatibile con uno scenario di tipo uno.<\/p>\n\n\n\n<p>\"La curva in Italia \u00e8 in decrescita mentre in altri paesi Ue la situazione \u00e8 altalenante e di transizione. La decrescita in Italia \u00e8 sempre lenta ma il dato significativo \u00e8 che questa settimana in tutte le regioni e province autonome \u00e8 registrata una decrescita\", ha aggiunto Brusaferro, alla conferenza stampa sull'analisi dei dati del monitoraggio settimanale della Cabina di regia.<\/p>\n\n\n\n<p>\"Cominciamo a vedere ora gli effetti&nbsp;di un calo anche rispetto alla mortalit\u00e0 ma la curva \u00e8 ancora in fase iniziale\", ha detto il presidente dell'Iss.<\/p>\n\n\n\n<p>\"L'et\u00e0 media dei casi scende a 41 anni e anche l'et\u00e0 media dei ricoveri scende a 65 anni. I casi per\u00f2 segnano un aumento tra i pi\u00f9 giovani, tra 0 e 9 anni. I casi tra gli over-80 decrescono pi\u00f9 rapidamente delle altre fasce e questo \u00e8 un effetto delle vaccinazioni\", ha detto Brusaferro.<\/p>\n\n\n\n<p>\"Ci sono segnali positivi per la riduzione dei ricoveri in terapia intensiva e aree mediche e sale da 24mila a oltre 27mila il numero dei casi per cui \u00e8 possibile il tracciamento e in varie regioni. Ci si sta avvicinando al valore di 50 casi per 100mila che \u00e8 il valore soglia per rendere possibile il tracciamento\".<\/p>\n\n\n\n<p>I contagi \"negli over 80 decrescono rapidamente. E decrescono pi\u00f9 rapidamente delle altre classi di et\u00e0 -&nbsp; 70\/79 e 60\/69 - che continuano a decrescere ma gli ultraottantenni&nbsp;sono 'leader' di decrescita. E questo \u00e8 un effetto della vaccinazione&nbsp;e del fatto che questa fascia di et\u00e0 \u00e8 stato uno dei primi target che&nbsp;si sta raggiungendo nella copertura vaccinale\".<\/p>\n\n\n\n<p>\"C'\u00e8 una riflessione in corso su questo, sull'utilizzo del vaccino AstraZeneca e J&amp;J negli under-60. Ma i vaccini a vettore virale sono utilizzabili dai 18 anni in su e dunque non c'\u00e8 alcuna controindicazione. La circolare ministeriale prevede un uso preferenziale per over-60, ma ci\u00f2 non vuol dire che non possano essere usati al di sotto. Infatti abbiamo visto come in Gb hanno utilizzato al 50% AstraZeneca e Pfizer e hanno ottenuto un abbattimento dei casi e dei morti\". Cos\u00ec il direttore della prevenzione del ministero della Salute, Gianni Rezza in conferenza stampa.&nbsp;E poi: \"Probabilmente questa infezione si endemizzer\u00e0, molti fattori potrebbero cio\u00e8 impedire il raggiungimento delle immunit\u00e0 di gregge ma possiamo raggiungere il controllo dell'epidemia: Covid-19 diventer\u00e0 cio\u00e8 come l'influenza, infettando la popolazione ma senza conseguenze eccessive. Molto dipender\u00e0 dall'andamento delle vaccinazioni\".<\/p>\n","protected":false},"excerpt":{"rendered":"<p>Roma, 7 magg 2021 &#8211; Il Ministro della Salute Roberto Speranza, sulla base dei dati e delle indicazioni della cabina di regia, firmer\u00e0 in giornata&#8230;<\/p>\n","protected":false},"author":2,"featured_media":206267,"comment_status":"closed","ping_status":"open","sticky":false,"template":"","format":"standard","meta":[],"categories":[49,51],"tags":[],"_links":{"self":[{"href":"https:\/\/www.cronacaonline.it\/index.php\/wp-json\/wp\/v2\/posts\/206266"}],"collection":[{"href":"https:\/\/www.cronacaonline.it\/index.php\/wp-json\/wp\/v2\/posts"}],"about":[{"href":"https:\/\/www.cronacaonline.it\/index.php\/wp-json\/wp\/v2\/types\/post"}],"author":[{"embeddable":true,"href":"https:\/\/www.cronacaonline.it\/index.php\/wp-json\/wp\/v2\/users\/2"}],"replies":[{"embeddable":true,"href":"https:\/\/www.cronacaonline.it\/index.php\/wp-json\/wp\/v2\/comments?post=206266"}],"version-history":[{"count":1,"href":"https:\/\/www.cronacaonline.it\/index.php\/wp-json\/wp\/v2\/posts\/206266\/revisions"}],"predecessor-version":[{"id":206268,"href":"https:\/\/www.cronacaonline.it\/index.php\/wp-json\/wp\/v2\/posts\/206266\/revisions\/206268"}],"wp:featuredmedia":[{"embeddable":true,"href":"https:\/\/www.cronacaonline.it\/index.php\/wp-json\/wp\/v2\/media\/206267"}],"wp:attachment":[{"href":"https:\/\/www.cronacaonline.it\/index.php\/wp-json\/wp\/v2\/media?parent=206266"}],"wp:term":[{"taxonomy":"category","embeddable":true,"href":"https:\/\/www.cronacaonline.it\/index.php\/wp-json\/wp\/v2\/categories?post=206266"},{"taxonomy":"post_tag","embeddable":true,"href":"https:\/\/www.cronacaonline.it\/index.php\/wp-json\/wp\/v2\/tags?post=206266"}],"curies":[{"name":"wp","href":"https:\/\/api.w.org\/{rel}","templated":true}]}}