{"id":206233,"date":"2021-05-07T10:16:30","date_gmt":"2021-05-07T08:16:30","guid":{"rendered":"https:\/\/www.cronacaonline.it\/?p=206233"},"modified":"2021-05-07T10:16:31","modified_gmt":"2021-05-07T08:16:31","slug":"vaccini-lue-valuta-la-deroga-sui-brevetti-al-vertice-di-porto","status":"publish","type":"post","link":"https:\/\/www.cronacaonline.it\/index.php\/2021\/05\/07\/vaccini-lue-valuta-la-deroga-sui-brevetti-al-vertice-di-porto\/","title":{"rendered":"Vaccini, l&#8217;Ue valuta la deroga sui brevetti al vertice di Porto."},"content":{"rendered":"\n<p>Cagliari, 7 Magg 2021 - I leader dell'Ue tornano a vedersi in presenza a Porto, in Portogallo, in occasione del 'social summit' e del Consiglio informale Ue, convocato dal primo ministro portoghese, Costa. Il tema centrale \u00e8 l'inclusione sociale ma si parler\u00e0 anche di lotta alla pandemia e di vaccini e i leader arrivano divisi al primo incontro nel quale l'ex numero uno della Bce, Mario Draghi, si presenta nella veste di presidente del Consiglio italiano.<\/p>\n\n\n\n<p>L'annuncio del presidente Usa, Joe Biden, di sospendere i brevetti sui vaccini anti-Covid per aumentarne la produzione a favore dei Paesi poveri, \u00e8 stato salutato come una svolta epocale dall'Oms, la Francia e anche il premier italiano l'hanno sostenuta, al pari della Russia mentre l'Ue si \u00e8 detta pronta a discuterne, ma dalla Germania \u00e8 arrivata la frenata della cancelliera, Angela Merkel, per la quale creerebbe \"gravi complicazioni\". Era scontata l'opposizione da parte delle case farmaceutiche che producono i vaccini, i cui titoli sono stati penalizzati in Borsa dal dibattito, e che hanno trovato un forte alleato in Merkel. \"Il fattore limitante per quanto riguarda la realizzazione dei sieri sono le capacit\u00e0 produttive e gli alti standard qualitativi richiesti, non i brevetti\", ha affermato una portavoce del governo tedesco. \"La protezione della propriet\u00e0 intellettuale \u00e8 fonte di innovazione e dovr\u00e0 rimanerlo anche in futuro\", ha aggiunto. La capacit\u00e0 produttiva mondiale, secondo le cosiddette Big Pharma, \u00e8 gi\u00e0 al limite e le stesse aziende hanno firmato centinaia di accordi di licenze volontarie per aumentarla.<\/p>\n\n\n\n<p>Al centro del vertice resta comunque il tema dell'inclusione sociale. I leader devono confrontarsi infatti sugli scenari post pandemia. E sulla crisi economica e sociale che vivono i paesi. Nell'Unione, tra il 2014 e il 2019, sono stati creati oltre 14,5 milioni di posti di lavoro, ma la crisi da Covid-19 e le misure di contenimento hanno arrestato questa tendenza penalizzando soprattutto i soggetti pi\u00f9 vulnerabili, le donne e i giovani. In risposta alla crisi le misure nazionali e quelle dell'Ue hanno attenuato l'impatto negativo, ma per raggiungere l'obiettivo del 78% da qui al 2030 \u00e8 necessario un maggiore sostegno alla creazione di posti di lavoro sfruttando le opportunit\u00e0 derivanti dall'economia sociale, dal libero mercato, dai posti di lavoro nel settore green, dalla digitalizzazione e dalle nuove tecnologie. Per centrare questi obiettivi saranno fondamentali livelli di investimento adeguati. Il sostegno dell'Ue in tal senso, con la Rrf e il suo budget di 672,5 miliardi tra sovvenzioni e prestiti, potr\u00e0 fornire una spinta del 2% di Pil aggiuntivo e creare 2 milioni di posti di lavoro sfruttando anche gli 88 miliardi del Fondo sociale europeo Plus (Politica di Coesione) interamente dedicato all'attuazione del Pilastro europeo dei diritti sociali, e il Just Transition Fund con 17,5 miliardi per le transizioni socialmente sostenibili verso la neutralit\u00e0 climatica.<\/p>\n\n\n\n<p>Al termine del Social Summit \u00e8 prevista una dichiarazione degli attori sociali europei sulle politiche sociali dell'Ue che far\u00e0 da contributo alla dichiarazione che i leader adotteranno il giorno dopo al Consiglio europeo informale. A conclusione del programma avr\u00e0 luogo il Vertice UE-India che avr\u00e0 al centro la pandemia da Covid-19, il cambiamento climatico, il commercio.<\/p>\n\n\n\n<p>A Porto l'Europa comunque prova a ripartire, a superare anche la seconda ondata del coronavirus e il vertice serve a fare il punto sulla ripresa che dovr\u00e0 essere equa e sostenibile, anche grazie al 'Recovery Fund'. I fari saranno puntati proprio sul premier italiano che interverr\u00e0 in una sessione dedicata allo sviluppo sostenibile e al lavoro. Il Consiglio europeo informale segue quello che si \u00e8 tenuto a Goteborg nel 2017, prevede due sessioni plenarie e tre panel tematici paralleli a cui partecipano sia i leader Ue sia esponenti del mondo sindacale e imprenditoriale, rappresentanti dei territori. Draghi interviene sul tema dello sviluppo e del lavoro. Tra i temi in discussione anche le relazioni esterne e la preparazione al Vertice Ue-India.<\/p>\n\n\n\n<p>La prima sessione di lavoro a cui partecipa il premier \u00e8 dedicata al nuovo obiettivo dell'Ue sul Lavoro: raggiungere almeno il 78% del tasso di occupazione della popolazione di et\u00e0 compresa tra 20 e 64 anni entro il 2030. L'obiettivo rientra nell'ambito del Piano d'azione del Pilastro europeo dei diritti sociali. La discussione si concentrer\u00e0 sulle politiche necessarie per creare una ripresa del mercato del lavoro sostenibile e inclusiva che consenta all'Ue di raggiungere questo obiettivo entro il 2030, sulle iniziative da promuovere per la creazione di posti di lavoro di qualit\u00e0 sia a livello Ue che a livello nazionale, e sulle misure che i 27 Stati Membri stanno pianificando per il raggiungimento dell'obiettivo principale dell'occupazione.<\/p>\n","protected":false},"excerpt":{"rendered":"<p>Cagliari, 7 Magg 2021 &#8211; I leader dell&#8217;Ue tornano a vedersi in presenza a Porto, in Portogallo, in occasione del &#8216;social summit&#8217; e del Consiglio&#8230;<\/p>\n","protected":false},"author":2,"featured_media":203760,"comment_status":"closed","ping_status":"open","sticky":false,"template":"","format":"standard","meta":[],"categories":[49,50],"tags":[],"_links":{"self":[{"href":"https:\/\/www.cronacaonline.it\/index.php\/wp-json\/wp\/v2\/posts\/206233"}],"collection":[{"href":"https:\/\/www.cronacaonline.it\/index.php\/wp-json\/wp\/v2\/posts"}],"about":[{"href":"https:\/\/www.cronacaonline.it\/index.php\/wp-json\/wp\/v2\/types\/post"}],"author":[{"embeddable":true,"href":"https:\/\/www.cronacaonline.it\/index.php\/wp-json\/wp\/v2\/users\/2"}],"replies":[{"embeddable":true,"href":"https:\/\/www.cronacaonline.it\/index.php\/wp-json\/wp\/v2\/comments?post=206233"}],"version-history":[{"count":1,"href":"https:\/\/www.cronacaonline.it\/index.php\/wp-json\/wp\/v2\/posts\/206233\/revisions"}],"predecessor-version":[{"id":206234,"href":"https:\/\/www.cronacaonline.it\/index.php\/wp-json\/wp\/v2\/posts\/206233\/revisions\/206234"}],"wp:featuredmedia":[{"embeddable":true,"href":"https:\/\/www.cronacaonline.it\/index.php\/wp-json\/wp\/v2\/media\/203760"}],"wp:attachment":[{"href":"https:\/\/www.cronacaonline.it\/index.php\/wp-json\/wp\/v2\/media?parent=206233"}],"wp:term":[{"taxonomy":"category","embeddable":true,"href":"https:\/\/www.cronacaonline.it\/index.php\/wp-json\/wp\/v2\/categories?post=206233"},{"taxonomy":"post_tag","embeddable":true,"href":"https:\/\/www.cronacaonline.it\/index.php\/wp-json\/wp\/v2\/tags?post=206233"}],"curies":[{"name":"wp","href":"https:\/\/api.w.org\/{rel}","templated":true}]}}