{"id":206215,"date":"2021-05-07T08:08:26","date_gmt":"2021-05-07T06:08:26","guid":{"rendered":"https:\/\/www.cronacaonline.it\/?p=206215"},"modified":"2021-05-07T08:08:27","modified_gmt":"2021-05-07T06:08:27","slug":"vaccino-figliuolo-dal-10-maggio-avvio-somministrazioni-over-50","status":"publish","type":"post","link":"https:\/\/www.cronacaonline.it\/index.php\/2021\/05\/07\/vaccino-figliuolo-dal-10-maggio-avvio-somministrazioni-over-50\/","title":{"rendered":"Vaccino, Figliuolo: dal 10 maggio avvio somministrazioni over 50."},"content":{"rendered":"\n<p>Roma, 7 Magg 2021 - A partire dal prossimo 10 maggio, la Struttura Commissariale ha disposto l'avvio delle prenotazioni per la somministrazione anche per gli over 50 del vaccino anti-Covid-19, ovvero fino ai nati nel 1971.<\/p>\n\n\n\n<p>Lo ha reso noto ieri la struttura del Commissario per l'Emergenza Francesco Figliuolo specificando che \"questa apertura avr\u00e0 carattere di gradualit\u00e0 ed \u00e8 suffragata dal buon andamento della campagna di somministrazione su scala nazionale delle categorie prioritarie, over 80 e fragili, riportate nell'ordinanza n. 6 del 9 aprile 2021.<\/p>\n\n\n\n<p>Le prenotazione per i cittadini over 50 verranno recepite ferma restando la priorit\u00e0 per le persone affette da patologie o situazioni di compromissione immunologica che possono aumentare il rischio di sviluppare forme severe di Covid-19 (comorbilit\u00e0), seppur senza quella connotazione di gravit\u00e0 riportata per le persone fragili\".<\/p>\n\n\n\n<p>La campagna vaccinale contro il coronavirus in Italia dunque si fa sempre pi\u00f9 di massa. Una svolta che gi\u00e0 alcune grandi Regioni avevano anticipato, come il Lazio, la Lombardia e il Veneto, circa un terzo della popolazione nazionale. L'ulteriore balzo in avanti, fino ai nati nel 1971, \u00e8 consentito \"dal buon andamento della campagna di somministrazione delle categorie prioritarie, over 80 e fragili\", secondo la struttura guidata dal generale.&nbsp; Un quarto degli italiani (25%) ha ricevuto almeno una dose, tra loro ben i tre-quarti degli over 70, quelli pi\u00f9 a rischio di conseguenze gravi o mortali per il Covid.<\/p>\n\n\n\n<p>A permettere l'apertura agli over 50 - sempre con precedenza a chi ha patologie - anche l'accumulo nei frigoriferi di 4,7milioni di dosi di vaccini, oltre due milioni dei quali di Pfizer in consegna da ieri alle Regioni. E i 17 milioni in arrivo a maggio complessivamente, ha confermato Figliuolo. Sono finora oltre 22 milioni le dosi somministrate e si va verso i 7milioni di vaccinati anche con richiamo.<\/p>\n\n\n\n<p>La campagna non ha pi\u00f9 visto superare l'iconico mezzo milione di iniezioni al giorno del 30 aprile, ma si mantiene comunque ben sopra le 400 mila quotidiane. Le differenze restano importanti tra Regioni e tra vaccini utilizzati.<\/p>\n\n\n\n<p>Ma di AstraZeneca ci sono al momento in frigo 1,8 milioni di dosi e nell'ultima settimana ne sono state usate in media 86 mila al giorno in Italia. Molte meno preoccupazioni desta Pfizer-BioNtech, di cui ci sono 2,3 milioni di dosi da parte. Sta prendendo piede la scelta di posticipare a 42 giorni la seconda dose del vaccino Usa-Germania. Da luned\u00ec lo far\u00e0 la Campania, mantenendo i 21giorni per il richiamo per chi fa la prima dose entro domenica.<\/p>\n\n\n\n<p>Perplessit\u00e0 invece nel Lazio, dove l'assessore alla Sanit\u00e0 Alessio D'Amato dice che \"per molte delle somministrazioni che avverranno a giugno, i 42 giorni cadranno nel mese di agosto. Temo che ci sia un riflesso negativo sulla campagna\". Lazio che ancora una volta tenta di stare all'avanguardia annunciando la vaccinazione dei trentenni entro la fine di luglio.<\/p>\n\n\n\n<p>In generale, posticipare il richiamo di Pfizer - come ha scelto di fare la Germania e in Italia finora solo il Trentino - (e di Moderna, che conta per una quota molto minore) permetterebbe secondo alcuni calcoli di vaccinare 3,5 milioni di persone in pi\u00f9 nel solo mese di maggio. Una differenza non da poco per i target nazionali.<\/p>\n\n\n\n<p>Intanto la possibile svolta mondiale sui brevetti dei vaccini - che sono stati privilegiati rispetto ai farmaci a motivo dell'emergenza - potrebbe spostare la direzione dalle iniezioni alle pasticche. \"Ci sono almeno altri due antivirali - dice il professor Massimo Puoti dell'ospedale Niguarda di Milano -, noi inizieremo la sperimentazione il 15 maggio. Vengono dati come compresse e riducono la possibilit\u00e0 di sviluppare una malattia grave. Il futuro sar\u00e0 una combinazione di vaccini e farmaci\". Compresi anche i monoclonali.<\/p>\n","protected":false},"excerpt":{"rendered":"<p>Roma, 7 Magg 2021 &#8211; A partire dal prossimo 10 maggio, la Struttura Commissariale ha disposto l&#8217;avvio delle prenotazioni per la somministrazione anche per gli&#8230;<\/p>\n","protected":false},"author":2,"featured_media":204371,"comment_status":"closed","ping_status":"open","sticky":false,"template":"","format":"standard","meta":[],"categories":[49,51],"tags":[],"_links":{"self":[{"href":"https:\/\/www.cronacaonline.it\/index.php\/wp-json\/wp\/v2\/posts\/206215"}],"collection":[{"href":"https:\/\/www.cronacaonline.it\/index.php\/wp-json\/wp\/v2\/posts"}],"about":[{"href":"https:\/\/www.cronacaonline.it\/index.php\/wp-json\/wp\/v2\/types\/post"}],"author":[{"embeddable":true,"href":"https:\/\/www.cronacaonline.it\/index.php\/wp-json\/wp\/v2\/users\/2"}],"replies":[{"embeddable":true,"href":"https:\/\/www.cronacaonline.it\/index.php\/wp-json\/wp\/v2\/comments?post=206215"}],"version-history":[{"count":1,"href":"https:\/\/www.cronacaonline.it\/index.php\/wp-json\/wp\/v2\/posts\/206215\/revisions"}],"predecessor-version":[{"id":206216,"href":"https:\/\/www.cronacaonline.it\/index.php\/wp-json\/wp\/v2\/posts\/206215\/revisions\/206216"}],"wp:featuredmedia":[{"embeddable":true,"href":"https:\/\/www.cronacaonline.it\/index.php\/wp-json\/wp\/v2\/media\/204371"}],"wp:attachment":[{"href":"https:\/\/www.cronacaonline.it\/index.php\/wp-json\/wp\/v2\/media?parent=206215"}],"wp:term":[{"taxonomy":"category","embeddable":true,"href":"https:\/\/www.cronacaonline.it\/index.php\/wp-json\/wp\/v2\/categories?post=206215"},{"taxonomy":"post_tag","embeddable":true,"href":"https:\/\/www.cronacaonline.it\/index.php\/wp-json\/wp\/v2\/tags?post=206215"}],"curies":[{"name":"wp","href":"https:\/\/api.w.org\/{rel}","templated":true}]}}