{"id":206158,"date":"2021-05-06T07:35:43","date_gmt":"2021-05-06T05:35:43","guid":{"rendered":"https:\/\/www.cronacaonline.it\/?p=206158"},"modified":"2021-05-06T07:35:44","modified_gmt":"2021-05-06T05:35:44","slug":"vaccini-lamministrazione-biden-appoggia-revoca-brevetti","status":"publish","type":"post","link":"https:\/\/www.cronacaonline.it\/index.php\/2021\/05\/06\/vaccini-lamministrazione-biden-appoggia-revoca-brevetti\/","title":{"rendered":"Vaccini, l\u2019amministrazione Biden appoggia revoca brevetti."},"content":{"rendered":"\n<p>Cagliari, 6 Magg 2021 - L'amministrazione Biden sostiene gli sforzi per revocare le tutele di propriet\u00e0 intellettuale per i vaccini anti Covid-19 per accelerare la fine della pandemia. Lo riferisce la rappresentante Usa per il commercio, Katherine Tai, annunciando la posizione del governo Usa.<\/p>\n\n\n\n<p>\u201cL'amministrazione crede fortemente nelle protezioni della propriet\u00e0 intellettuale, ma per porre fine a questa pandemia sostiene la revoca di queste protezioni per i vaccini contro il Covid-19\", ha dichiarato Tai, mentre sono in corso discussioni al Wto sull'allentamento delle regole commerciali globali per consentire a pi\u00f9 Paesi di produrre pi\u00f9 vaccini salva-vita. Tai ha avvertito per\u00f2 che ci vorr\u00e0 tempo per raggiungere il consenso richiesto per revocare i brevetti in base alle regole del Wto.<\/p>\n\n\n\n<p>\"Questa \u00e8 una crisi sanitaria globale e le circostanze straordinarie della pandemia di Covid-19 richiedono misure straordinarie\", ha proseguito Tai, sottolineando che \"lo scopo dell'amministrazione \u00e8 quello di fornire il maggior numero di vaccini sicuri ed efficaci a quante pi\u00f9 persone il pi\u00f9 velocemente possibile\". L'annuncio \u00e8 giunto alcune ore dopo che la direttrice generale del Wto, Ngozi Okonjo-Iweala, ha parlato a una riunione a porte chiuse degli ambasciatori dei Paesi in via di sviluppo e sviluppati che litigavano sulla questione ma erano d'accordo sulla necessit\u00e0 di un pi\u00f9 ampio accesso ai trattamenti per il coronavirus, ha riferito un portavoce del Wto, Keith Rockwell.<\/p>\n\n\n\n<p>Il consiglio generale del Wto, composto da ambasciatori, si sta occupando della questione chiave di una revoca temporanea dei brevetti per i vaccini contro il Covid-19 e altri strumenti, che Sudafrica e India hanno proposto per la prima volta a ottobre. Secondo quanto ha riferito Rockwell, un panel del Wto per la propriet\u00e0 intellettuale dovr\u00e0 occuparsi di nuovo della proposta a una riunione preliminare questo mese, prima di una riunione formale in programma per 8 e 9 giugno.<\/p>\n\n\n\n<p>\"Un grande Biden appoggia la proposta di sospendere i brevetti vaccinali. Una notizia che cambia il mondo. Una vittoria per tutti coloro che, tra tanti mugugni di chi non capisce l\u2019esigenza di cambiare tutto, hanno appoggiato la campagna internazionale per realizzarlo\". Cos\u00ec su Facebook il presidente della Regione Lazio, Nicola Zingaretti.<\/p>\n","protected":false},"excerpt":{"rendered":"<p>Cagliari, 6 Magg 2021 &#8211; L&#8217;amministrazione Biden sostiene gli sforzi per revocare le tutele di propriet\u00e0 intellettuale per i vaccini anti Covid-19 per accelerare la&#8230;<\/p>\n","protected":false},"author":2,"featured_media":204677,"comment_status":"closed","ping_status":"open","sticky":false,"template":"","format":"standard","meta":[],"categories":[49,51],"tags":[],"_links":{"self":[{"href":"https:\/\/www.cronacaonline.it\/index.php\/wp-json\/wp\/v2\/posts\/206158"}],"collection":[{"href":"https:\/\/www.cronacaonline.it\/index.php\/wp-json\/wp\/v2\/posts"}],"about":[{"href":"https:\/\/www.cronacaonline.it\/index.php\/wp-json\/wp\/v2\/types\/post"}],"author":[{"embeddable":true,"href":"https:\/\/www.cronacaonline.it\/index.php\/wp-json\/wp\/v2\/users\/2"}],"replies":[{"embeddable":true,"href":"https:\/\/www.cronacaonline.it\/index.php\/wp-json\/wp\/v2\/comments?post=206158"}],"version-history":[{"count":1,"href":"https:\/\/www.cronacaonline.it\/index.php\/wp-json\/wp\/v2\/posts\/206158\/revisions"}],"predecessor-version":[{"id":206159,"href":"https:\/\/www.cronacaonline.it\/index.php\/wp-json\/wp\/v2\/posts\/206158\/revisions\/206159"}],"wp:featuredmedia":[{"embeddable":true,"href":"https:\/\/www.cronacaonline.it\/index.php\/wp-json\/wp\/v2\/media\/204677"}],"wp:attachment":[{"href":"https:\/\/www.cronacaonline.it\/index.php\/wp-json\/wp\/v2\/media?parent=206158"}],"wp:term":[{"taxonomy":"category","embeddable":true,"href":"https:\/\/www.cronacaonline.it\/index.php\/wp-json\/wp\/v2\/categories?post=206158"},{"taxonomy":"post_tag","embeddable":true,"href":"https:\/\/www.cronacaonline.it\/index.php\/wp-json\/wp\/v2\/tags?post=206158"}],"curies":[{"name":"wp","href":"https:\/\/api.w.org\/{rel}","templated":true}]}}