{"id":206012,"date":"2021-05-03T07:51:14","date_gmt":"2021-05-03T05:51:14","guid":{"rendered":"https:\/\/www.cronacaonline.it\/?p=206012"},"modified":"2021-05-03T07:51:15","modified_gmt":"2021-05-03T05:51:15","slug":"a-londra-il-g7-dei-ministri-degli-esteri-meccanismo-contro-notizie-false-blinken-attacca-la-cina","status":"publish","type":"post","link":"https:\/\/www.cronacaonline.it\/index.php\/2021\/05\/03\/a-londra-il-g7-dei-ministri-degli-esteri-meccanismo-contro-notizie-false-blinken-attacca-la-cina\/","title":{"rendered":"A Londra il G7 dei ministri degli esteri: meccanismo contro notizie false. Blinken attacca la Cina."},"content":{"rendered":"\n<p>Cagliari, 3 Magg 2021 - Il segretario di Stato Usa Antony Blinken partecipa alla riunione dei ministri degli Esteri e dello sviluppo per gettare le basi per il prossimo vertice dei leader del G7. Il presidente Usa Joe Biden ha gi\u00e0 annunciato la sua presenza nel Regno Unito a giugno, il suo primo viaggio all'estero.<\/p>\n\n\n\n<p>Blinken incontrer\u00e0 gi\u00e0 oggi, la riunione \u00e8 fissata per domani, le sue controparti britanniche per discutere aree di reciproco interesse come Covid-19, ripresa e crescita economica, crisi climatica, diritti umani, sicurezza alimentare e uguaglianza di genere.&nbsp;<\/p>\n\n\n\n<p>Questa \u00e8 un'opportunit\u00e0 per dimostrare \"la leadership del G7\" basata su obiettivi e valori condivisi, \u00e8 un impegno a \"ricostruire meglio\" su salute e clima, ripresa economica e sfide alla sicurezza internazionale. Blinken - fa sapere il Dipartimento di Stato Usa - \"non vede l'ora di discutere i valori democratici che condividiamo con i nostri partner e alleati all'interno del G7 e come possiamo lavorare con altri paesi per affrontare le principali questioni geopolitiche che stiamo affrontando insieme. La partecipazione degli Stati Uniti a questa riunione del G7 rafforza il nostro impegno per il&nbsp;multilateralismo come veicolo ideale per affrontare le nostre sfide condivise\".<\/p>\n\n\n\n<p>Tra i temi proposti dalla Gran Bretagna, c'\u00e8&nbsp;la proposta di istituire un meccanismo di risposta rapida per fronteggiare la \"propaganda\" e disinformazione di Russia e Cina.&nbsp;Lo ha detto&nbsp;il capo della diplomazia britannica, Dominic Raab, alla vigilia dell'incontro dei ministri degli Esteri del G7, che si rivedono in presenza, per la prima volta in due anni. Raab ha spiegato che il Regno Unito \"sta cercando di unire i G7 sull'idea di un meccanismo rapido di respingimento\" per combattere le attivit\u00e0&nbsp;di Mosca. \"In modo che\", ha proseguito il ministro\", quando vediamo queste bugie e notizie false (fake news) in giro, possiamo non solo in modo&nbsp;individuale, ma tutti insieme respingerle e fornire la verit\u00e0\". Il messaggio non \u00e8 solo per Mosca ma anche per Pechino, accusate entrambe dalle forze di&nbsp;sicurezza britanniche, Ue e americane di diffondere disinformazione in Occidente.<\/p>\n\n\n\n<p>A poche ore dagli incontri il segretario di Stato americano rilascia un'intervista a Cbs: \"Quello che abbiamo visto negli ultimi anni \u00e8 una Cina che agisce in modo pi\u00f9 repressivo in casa e pi\u00f9 aggressivo fuori dai suoi confini\". Il riferimento \u00e8 agli Uiguri:&nbsp;\"Vediamo un genocidio contro gli&nbsp;Uiguri nello Xinjiang. Pi\u00f9 di un milione di persone sono state messe in campi di concentramento o di rieducazione\".&nbsp;A chi gli chiede un confronto militare con la Cina, Blinken frena: \"Ritengo che sarebbe contro gli interessi di Usa e Cina spingersi a quel punto o addirittura muoversi in quella direzione\".<\/p>\n\n\n\n<p>Ai partecipanti Canada, Francia, Germania, Italia, Giappone, Regno Unito e&nbsp;Stati Uniti, con l'Unione Europea presente in qualit\u00e0 di osservatore, si aggiungeranno a Londra gli ospiti invitati dal paese ospitante: Australia, India, Sud Africa, Repubblica di Corea e Brunei in qualit\u00e0 di presidente dell'Asean.<\/p>\n","protected":false},"excerpt":{"rendered":"<p>Cagliari, 3 Magg 2021 &#8211; Il segretario di Stato Usa Antony Blinken partecipa alla riunione dei ministri degli Esteri e dello sviluppo per gettare le&#8230;<\/p>\n","protected":false},"author":2,"featured_media":206013,"comment_status":"closed","ping_status":"open","sticky":false,"template":"","format":"standard","meta":[],"categories":[49,51],"tags":[],"_links":{"self":[{"href":"https:\/\/www.cronacaonline.it\/index.php\/wp-json\/wp\/v2\/posts\/206012"}],"collection":[{"href":"https:\/\/www.cronacaonline.it\/index.php\/wp-json\/wp\/v2\/posts"}],"about":[{"href":"https:\/\/www.cronacaonline.it\/index.php\/wp-json\/wp\/v2\/types\/post"}],"author":[{"embeddable":true,"href":"https:\/\/www.cronacaonline.it\/index.php\/wp-json\/wp\/v2\/users\/2"}],"replies":[{"embeddable":true,"href":"https:\/\/www.cronacaonline.it\/index.php\/wp-json\/wp\/v2\/comments?post=206012"}],"version-history":[{"count":1,"href":"https:\/\/www.cronacaonline.it\/index.php\/wp-json\/wp\/v2\/posts\/206012\/revisions"}],"predecessor-version":[{"id":206014,"href":"https:\/\/www.cronacaonline.it\/index.php\/wp-json\/wp\/v2\/posts\/206012\/revisions\/206014"}],"wp:featuredmedia":[{"embeddable":true,"href":"https:\/\/www.cronacaonline.it\/index.php\/wp-json\/wp\/v2\/media\/206013"}],"wp:attachment":[{"href":"https:\/\/www.cronacaonline.it\/index.php\/wp-json\/wp\/v2\/media?parent=206012"}],"wp:term":[{"taxonomy":"category","embeddable":true,"href":"https:\/\/www.cronacaonline.it\/index.php\/wp-json\/wp\/v2\/categories?post=206012"},{"taxonomy":"post_tag","embeddable":true,"href":"https:\/\/www.cronacaonline.it\/index.php\/wp-json\/wp\/v2\/tags?post=206012"}],"curies":[{"name":"wp","href":"https:\/\/api.w.org\/{rel}","templated":true}]}}